{"id":100636,"date":"2008-09-11T04:56:00","date_gmt":"2008-09-11T04:56:00","guid":{"rendered":"http:\/\/weblogs.madrimasd.org\/\/migraciones\/archive\/2008\/09\/11\/100636.aspx"},"modified":"2010-01-21T14:49:23","modified_gmt":"2010-01-21T13:49:23","slug":"solidarios-en-el-laberinto-del-des-empleo","status":"publish","type":"post","link":"https:\/\/www.madrimasd.org\/blogs\/migraciones\/2008\/09\/11\/100636","title":{"rendered":"Solidarios en el laberinto del (des-)empleo"},"content":{"rendered":"<p><object id=\"ieooui\" classid=\"clsid:d27cdb6e-ae6d-11cf-96b8-444553540000\" width=\"100\" height=\"100\" codebase=\"http:\/\/download.macromedia.com\/pub\/shockwave\/cabs\/flash\/swflash.cab#version=6,0,40,0\"><embed id=\"ieooui\" type=\"application\/x-shockwave-flash\" width=\"100\" height=\"100\">\u00a0<\/embed><\/object><br \/>\n<!--  st1\\:*{behavior:url(#ieooui) }  --><br \/>\n<!--   \/* Style Definitions *\/  p.MsoNormal, li.MsoNormal, div.MsoNormal \t{mso-style-parent:\"\"; \tmargin:0cm; \tmargin-bottom:.0001pt; \tmso-pagination:widow-orphan; \tfont-size:12.0pt; \tfont-family:\"Times New Roman\"; \tmso-fareast-font-family:\"Times New Roman\";} a:link, span.MsoHyperlink \t{\ttext-decoration:underline; \ttext-underline:single;} a:visited, span.MsoHyperlinkFollowed \t{color:purple; \ttext-decoration:underline; \ttext-underline:single;} @page Section1 \t{size:612.0pt 792.0pt; \tmargin:70.85pt 3.0cm 70.85pt 3.0cm; \tmso-header-margin:36.0pt; \tmso-footer-margin:36.0pt; \tmso-paper-source:0;} div.Section1 \t{page:Section1;} --><\/p>\n<p class=\"MsoNormal\" style=\"line-height: 150%;\"><span style=\"font-size: 9pt; line-height: 150%;\">Por <a href=\"http:\/\/www.ieg.csic.es\/ieg.do?serviceUserInfo&amp;id=150\"><span style=\"color: purple;\">Silvia Marcu<\/span><\/a><\/span><\/p>\n<p class=\"MsoNormal\" style=\"text-align: justify;\">\u00a0<\/p>\n<p class=\"MsoNormal\" style=\"text-align: justify;\">En estos d\u00edas inciertos, envueltos en los primeros temblores de oto\u00f1o, coincidiendo con nuestra <em>rentr\u00e9e <\/em>laboral, hemos pasado, seguramente, m\u00e1s de una vez, por delante de alguna oficina del INEM. Las colas inmensas nos pusieron de manifiesto la crisis econ\u00f3mica vivida, que, de hecho, es el reflejo de la crisis europea y mundial. Millones de personas se quedaron sin empleo. En las colas, se ven tambi\u00e9n inmigrantes\u2026 Los que tienen documentaci\u00f3n tienen el derecho de solicitar la prestaci\u00f3n por el desempleo.<\/p>\n<p class=\"MsoNormal\" style=\"text-align: justify;\">\u00a0<\/p>\n<p class=\"MsoNormal\" style=\"text-align: justify;\"><span style=\"color: black;\">En Espa\u00f1a, actualmente, viven 4.169.086 extranjeros. De ellos, casi la mitad (el 48%) son ciudadanos comunitarios, seg\u00fan datos oficiales a 30 de junio de 2008. La excepci\u00f3n son los rumanos y los b\u00falgaros, clasificados en el mismo r\u00e9gimen pero con una moratoria de trabajo que, tal vez, finalice en enero de 2009. El 58% de los 2,1 millones de extranjeros no procedentes de la Uni\u00f3n Europea que viven en Espa\u00f1a tiene un permiso de residencia temporal, y de ellos, m\u00e1s de 400.000 no tienen derecho a trabajar.<\/span><\/p>\n<p class=\"MsoNormal\" style=\"text-align: justify;\"><span style=\"color: black;\"><\/span><\/p>\n<p><!--more--><br \/>\n<!--   \/* Style Definitions *\/  p.MsoNormal, li.MsoNormal, div.MsoNormal \t{mso-style-parent:\"\"; \tmargin:0cm; \tmargin-bottom:.0001pt; \tmso-pagination:widow-orphan; \tfont-size:12.0pt; \tfont-family:\"Times New Roman\"; \tmso-fareast-font-family:\"Times New Roman\";} a:link, span.MsoHyperlink \t{\ttext-decoration:underline; \ttext-underline:single;} a:visited, span.MsoHyperlinkFollowed \t{color:purple; \ttext-decoration:underline; \ttext-underline:single;} @page Section1 \t{size:595.3pt 841.9pt; \tmargin:70.9pt 70.9pt 70.9pt 70.9pt; \tmso-header-margin:35.45pt; \tmso-footer-margin:35.45pt; \tmso-paper-source:0;} div.Section1 \t{page:Section1;} --><\/p>\n<p class=\"MsoNormal\" style=\"text-align: justify;\">A los inmigrantes, no se les mira del todo bien, \u00faltimamente.<span> Desde siempre, a pesar de la evoluci\u00f3n, del cambio de siglo y de las transformaciones que tuvieron lugar en el mapa del mundo, de Europa, en la estructura mental de la ciudadan\u00eda, ser de otra parte, y adem\u00e1s, llegar de un pa\u00eds pobre, porque no tienes trabajo, porque no tienes poder adquisitivo y necesitas aumentar las ganancias econ\u00f3micas, supuso una amenaza para la sociedad receptora. Parece que esta percepci\u00f3n sobre la inmigraci\u00f3n existe todav\u00eda arraigada en las sociedades modernas. El tema ocupa multitud de debates y hay mucha controversia en las sociedades de acogida, en lo que se refiere a todos los aspectos de la vida de los inmigrantes: empleo, integraci\u00f3n, atenci\u00f3n social, acceso al estado de bienestar.<\/span><\/p>\n<p class=\"MsoNormal\" style=\"text-align: justify;\"><span>\u00a0<\/span><\/p>\n<p class=\"MsoNormal\" style=\"text-align: justify;\"><span><span>\u00a0<\/span>Ahora, le lleg\u00f3 el turno al empleo\u2026 que es, de hecho, el objetivo central del proyecto migratorio de cualquier persona que decide cambiar de pa\u00eds para mejorar su vida. En este sentido, el a\u00f1o 2008 no es el mejor para la inmigraci\u00f3n. La crisis del capitalismo global,<span>\u00a0 <\/span>dej\u00f3 sin empleo, tambi\u00e9n en Espa\u00f1a, a m\u00e1s de 2,5 millones de nacionales,<span>\u00a0 <\/span>profesionales, personas de todas las edades, que viven la desesperaci\u00f3n laboral en su propio pa\u00eds. Con desconfianza e incertidumbre.<\/span><\/p>\n<p class=\"MsoNormal\" style=\"text-align: justify;\"><span>\u00a0<\/span><\/p>\n<p class=\"MsoNormal\" style=\"text-align: justify;\"><span>La falta de trabajo entre los inmigrantes tambi\u00e9n se manifiesta. Comenz\u00f3 en el sector de la construcci\u00f3n donde m\u00e1s se les empleaba, y sigui\u00f3 en otros, en los servicios, b\u00e1sicamente\u2026 Muchos decidieron regresar a sus pa\u00edses, o emigrar a otros, acogi\u00e9ndose o no, a la prestaci\u00f3n por el desempleo. Los m\u00e1s emprendedores buscan la v\u00eda para hacerse aut\u00f3nomos, aunque el camino implica riesgos. <\/span><\/p>\n<p class=\"MsoNormal\" style=\"text-align: justify;\"><span>\u00a0<\/span><\/p>\n<p class=\"MsoNormal\" style=\"text-align: justify;\"><span>Pero adem\u00e1s de los inmigrantes con papeles o los que no lo tienen, pero que viven en Espa\u00f1a, est\u00e1 el tema de la contrataci\u00f3n en origen, regida por convenios, que estos d\u00edas ha levantado revuelo entre los que defienden o critican la inmigraci\u00f3n. <\/span>Frente a la inicial medida, que parece que no prosperar\u00e1, de suprimir la contrataci\u00f3n de 200.000 trabajadores extranjeros en origen el pr\u00f3ximo a\u00f1o, se alzaron las voces cr\u00edticas de los sindicatos y las asociaciones de inmigrantes.<\/p>\n<p class=\"MsoNormal\" style=\"text-align: justify;\"><span>\u00a0<\/span><\/p>\n<p class=\"MsoNormal\" style=\"text-align: justify;\">El objetivo inicial era que, dada la crisis, los puestos que ocupan los extranjeros \u2013fundamentalmente, temporeros contratados para la recogida de la fruta &#8211; queden disponibles para los nacionales que est\u00e9n en el paro. No obstante, el problema que encuentra el sector agrario es que un porcentaje muy elevado de los parados \u201cno quieren trabajar\u201d all\u00ed. Y puede encontrarse que no haya trabajadores para recoger la fruta\u2026 En este caso, las p\u00e9rdidas se contar\u00e1n por millones de euros\u2026 Y casi lo mismo puede ocurrir en otros sectores como la hosteler\u00eda\u2026 estos sectores relegados en los \u00faltimos a\u00f1os a<span>\u00a0 <\/span>la inmigraci\u00f3n.<\/p>\n<p class=\"MsoNormal\" style=\"text-align: justify;\">\u00a0<\/p>\n<p class=\"MsoNormal\" style=\"text-align: justify;\">\u00bfQu\u00e9 es lo que ocurre? La mayor parte de la poblaci\u00f3n mundial vive en medio <a href=\"..\/archive\/2008\/04\/10\/88755.aspx\">de la crisis del (des) empleo, o del empleo precario<\/a>. Ha habido un importante desarrollo de la globalizaci\u00f3n en las \u00faltimas d\u00e9cadas, que ha hecho que no solamente las mercanc\u00edas, los capitales, las comunicaciones y los servicios se involucrasen en la intensidad de los circuitos, sino tambi\u00e9n las personas. Y por m\u00e1s que se alzaran las fronteras, millones de personas huyeron y saltaron lo prohibido. Porque la desesperaci\u00f3n no tiene fronteras.<\/p>\n<p class=\"MsoNormal\" style=\"text-align: justify;\"><span>\u00a0<\/span><\/p>\n<p class=\"MsoNormal\" style=\"text-align: justify;\">Hay una continua movilidad, lo que Portes y B\u00f6r\u00f6k llamaban <em>from bellow<\/em> (1989), un movimiento global incitado por la incertidumbre econ\u00f3mica. La movilidad se intensific\u00f3, dando origen a m\u00faltiples expresiones como la construcci\u00f3n de redes en las que intervienen movimientos sociales, pol\u00edticos, laborales o culturales. En la faceta laboral de estos movimientos se encuentran los inmigrantes \u201cecon\u00f3micos\u201d que llegan a pa\u00edses desarrollados, en este caso a Espa\u00f1a, con contrato en origen, porque hay puestos de trabajo que podr\u00e1n ocupar. Es su esperanza.<\/p>\n<p class=\"MsoNormal\" style=\"text-align: justify;\">\u00a0<\/p>\n<p class=\"MsoNormal\" style=\"text-align: justify;\">Si no les ser\u00e1 posible quedarse, emigrar\u00e1n a otras partes porque ya se est\u00e1n abriendo mercados nuevos en pa\u00edses emergentes. En el Este europeo se necesita fuerza laboral para crear y mejorar las infraestructuras, y parte importante de los rumanos, ya se est\u00e1n preparando para el regreso. Muchos ya lo han hecho.<\/p>\n<p class=\"MsoNormal\" style=\"text-align: justify;\">\u00a0<\/p>\n<p class=\"MsoNormal\" style=\"text-align: justify;\">Tener un trabajo se ha convertido en un lujo en la sociedad actual, capitalista, desarrollada, del siglo XXI. Es el agotamiento, la fase c\u00edclica de crisis del capitalismo, el neoliberalismo atroz, en el cual, la corrupci\u00f3n de los Estados, la falta de \u00e9tica, la falta de di\u00e1logo, (a pesar de que\u2026vivamos en la era de la comunicaci\u00f3n) el silencio como respuesta, crean mundos separados por fronteras dif\u00edciles de quebrantar.<\/p>\n<p class=\"MsoNormal\" style=\"text-align: justify;\">\u00a0<\/p>\n<p class=\"MsoNormal\" style=\"text-align: justify;\">Por un lado, las ideolog\u00edas parecen extenuadas, y la mediocridad del poder lo puede destruir todo, sin saber convencer. Por otro lado, en la continua fuga detr\u00e1s del capital, el mundo vive una grave fractura que corre el peligro de agravarse. La discrepancia entre ricos y pobres es cada vez mayor y, m\u00e1s all\u00e1 de su nacionalidad, los ciudadanos recorren el mundo en busca de un lugar para vivir o trabajar. Aqu\u00ed o all\u00ed.<\/p>\n<p class=\"MsoNormal\" style=\"text-align: justify;\">\u00a0<\/p>\n<p class=\"MsoNormal\" style=\"text-align: justify;\">Con su llegada, los inmigrantes no quitan puestos de trabajo. Cubren los vac\u00edos y est\u00e1n dispuestos a todo, con tal de mejorar sus vidas en sus tierras. Es \u00e9sta la realidad. <span>\u00a0<\/span>No se les puede culpar. Ellos viven en su l\u00f3gica, en su circuito creado por redes que recorren, tejiendo cual Ariadna, sus relaciones humanas, por todo el mundo. Si no se les necesitan aqu\u00ed, se ir\u00e1n. Ya lo est\u00e1n haciendo.<\/p>\n<p class=\"MsoNormal\" style=\"text-align: justify;\">\u00a0<\/p>\n<p class=\"MsoNormal\" style=\"text-align: justify;\">Como la b\u00fasqueda de empleo, la permanencia en un puesto de trabajo, se ha convertido para la mayor\u00eda de las personas en un constante y despierto caminar global, aunque los tiempos fueran turbios, es importante que mantengamos la esperanza, la fortaleza de la solidaridad. Porque la debilidad puede convertirse en el peligro de la servidumbre. Y lo que hace falta en el mundo es la <em>dignidad.<\/em> Reconciliar el trabajo digno con la cultura, mediante di\u00e1logo. Crear una alianza solidaria, com\u00fan, en el gran laberinto que es el mundo.<\/p>\n","protected":false},"excerpt":{"rendered":"<p>\u00a0 Por Silvia Marcu \u00a0 En estos d\u00edas inciertos, envueltos en los primeros temblores de oto\u00f1o, coincidiendo con nuestra rentr\u00e9e laboral, hemos pasado, seguramente, m\u00e1s de una vez, por delante de alguna oficina del INEM. Las colas inmensas nos pusieron de manifiesto la crisis econ\u00f3mica vivida, que, de hecho, es el reflejo de la crisis europea y mundial. Millones de personas se quedaron sin empleo. En las colas, se ven tambi\u00e9n inmigrantes\u2026 Los que tienen documentaci\u00f3n tienen el derecho de solicitar la prestaci\u00f3n por el desempleo. \u00a0 En Espa\u00f1a, actualmente, viven 4.169.086 extranjeros. De ellos, casi la mitad (el 48%)\u2026<\/p>\n","protected":false},"author":37,"featured_media":0,"comment_status":"open","ping_status":"open","sticky":false,"template":"","format":"standard","meta":{"ngg_post_thumbnail":0},"categories":[1],"tags":[],"blocksy_meta":{"styles_descriptor":{"styles":{"desktop":"","tablet":"","mobile":""},"google_fonts":[],"version":4}},"aioseo_notices":[],"_links":{"self":[{"href":"https:\/\/www.madrimasd.org\/blogs\/migraciones\/wp-json\/wp\/v2\/posts\/100636"}],"collection":[{"href":"https:\/\/www.madrimasd.org\/blogs\/migraciones\/wp-json\/wp\/v2\/posts"}],"about":[{"href":"https:\/\/www.madrimasd.org\/blogs\/migraciones\/wp-json\/wp\/v2\/types\/post"}],"author":[{"embeddable":true,"href":"https:\/\/www.madrimasd.org\/blogs\/migraciones\/wp-json\/wp\/v2\/users\/37"}],"replies":[{"embeddable":true,"href":"https:\/\/www.madrimasd.org\/blogs\/migraciones\/wp-json\/wp\/v2\/comments?post=100636"}],"version-history":[{"count":1,"href":"https:\/\/www.madrimasd.org\/blogs\/migraciones\/wp-json\/wp\/v2\/posts\/100636\/revisions"}],"predecessor-version":[{"id":131485,"href":"https:\/\/www.madrimasd.org\/blogs\/migraciones\/wp-json\/wp\/v2\/posts\/100636\/revisions\/131485"}],"wp:attachment":[{"href":"https:\/\/www.madrimasd.org\/blogs\/migraciones\/wp-json\/wp\/v2\/media?parent=100636"}],"wp:term":[{"taxonomy":"category","embeddable":true,"href":"https:\/\/www.madrimasd.org\/blogs\/migraciones\/wp-json\/wp\/v2\/categories?post=100636"},{"taxonomy":"post_tag","embeddable":true,"href":"https:\/\/www.madrimasd.org\/blogs\/migraciones\/wp-json\/wp\/v2\/tags?post=100636"}],"curies":[{"name":"wp","href":"https:\/\/api.w.org\/{rel}","templated":true}]}}