{"id":114330,"date":"2009-03-12T01:56:00","date_gmt":"2009-03-12T01:56:00","guid":{"rendered":"http:\/\/weblogs.madrimasd.org\/\/migraciones\/archive\/2009\/03\/12\/114330.aspx"},"modified":"2012-12-10T18:04:01","modified_gmt":"2012-12-10T17:04:01","slug":"los-inmigrantes-de-segunda-generacion-en-madrid","status":"publish","type":"post","link":"https:\/\/www.madrimasd.org\/blogs\/migraciones\/2009\/03\/12\/114330","title":{"rendered":"Los inmigrantes de segunda generaci\u00f3n en Madrid"},"content":{"rendered":"<p><span style=\"font-family: 'Times New Roman', 'Times New Roman', 'Bitstream Charter', Times, serif;\">Por Carmen Dom\u00e9nech<\/span><\/p>\n<p><span style=\"font-family: 'Times New Roman', 'Times New Roman', 'Bitstream Charter', Times, serif;\"><br \/>\n<\/span><\/p>\n<p>A primeros de marzo se presentaron los resultados preliminares del estudio ILSEG para Madrid: <a href=\"http:\/\/www.elpais.com\/elpaismedia\/ultimahora\/media\/200903\/02\/espana\/20090302elpepunac_1_Pes_PDF.doc\"><em>La Segunda Generaci\u00f3n en Madrid: Un Estudio Longitudinal<\/em><\/a>, un trabajo de investigaci\u00f3n sociol\u00f3gica dirigido por Alejandro Portes (Universidad de Princeton) y Rosa Aparicio (Universidad P. Comillas).<\/p>\n<p>Los datos presentados proceden de la primera fase de la investigaci\u00f3n que se realiz\u00f3 sobre una muestra representativa de estudiantes hijos de inmigrantes en colegios de las \u00e1reas metropolitanas de Madrid y Barcelona, tanto p\u00fablicos como concertados. El objetivo del estudio es volver a encuestar a los componentes de esta muestra dentro de unos a\u00f1os, para saber c\u00f3mo han evolucionado sus vidas y sus expectativas de integraci\u00f3n en la sociedad espa\u00f1ola.<\/p>\n<p><!--more-->Entre los resultados m\u00e1s interesantes y comentados se encuentran los siguientes:<\/p>\n<ul>\n<li>La segunda generaci\u00f3n en Espa\u00f1a es a\u00fan muy joven, los hijos de inmigrantes nacidos en Espa\u00f1a s\u00f3lo representan el 13% del total. El 87% restante pertenecen a lo que se conoce como generaci\u00f3n \u201c1.5\u201d, nacidos en el extranjero y llegados a Espa\u00f1a durante la ni\u00f1ez.<\/li>\n<li>Los descendientes de inmigrantes no perciben gran rechazo por parte de la poblaci\u00f3n aut\u00f3ctona y creen en la existencia de igualdad de oportunidades.<\/li>\n<\/ul>\n<ul>\n<li>M\u00e1s de la mitad de los adolescentes nunca se ha sentido discriminado en Espa\u00f1a\u00a0 y s\u00f3lo un 5% declara haberlo sido \u201cmuchas veces\u201d<\/li>\n<li>S\u00f3lo un tercio aproximado de estos chicos se considera espa\u00f1ol, el resto se identifica con sus nacionalidades de origen. Lo que, sin duda, est\u00e1 relacionado con que la gran mayor\u00eda no ha nacido en Espa\u00f1a.<\/li>\n<li>M\u00e1s de un 40% de los nuevos espa\u00f1oles no tendr\u00eda inter\u00e9s en quedarse en el pa\u00eds, y prefieren trasladarse a otra naci\u00f3n del mundo desarrollado<\/li>\n<\/ul>\n<p>Los hijos de inmigrantes, la llamada segunda generaci\u00f3n, no percibe, al menos en Madrid, un gran rechazo por parte de la poblaci\u00f3n aut\u00f3ctona y tiene fe en la existencia de oportunidades de movilidad ascendente para todos. Sin embargo, hay una clara brecha entre sus aspiraciones y expectativas. El 53 por ciento aspira a la universidad, pero menos de la mitad -un 23 por ciento-, conf\u00eda realmente en acceder a ella. Para muchos estudiosos del tema migratorio,\u00a0esta brecha entre aspiraciones y expectativas ha sido el origen de los conflictos ocurridos en otros pa\u00edses europeos, como Francia y Gran Breta\u00f1a, con las segundas generaciones.<\/p>\n<p>El dominio del idioma, otra de las preocupaciones cl\u00e1sicas en relaci\u00f3n a los hijos de inmigrantes, es en este estudio muy positivo. La abrumadora mayor\u00eda de los hijos de inmigrantes domina el castellano. El estudio concluye que la integraci\u00f3n ling\u00fc\u00edstica ha ocurrido r\u00e1pidamente en la segunda generaci\u00f3n, lo que sin duda tiene que ver con que aproximadamente el 70% de los mismos procede de pa\u00edses latinoamericanos.<\/p>\n<p>Los or\u00edgenes nacionales de los nuevos espa\u00f1oles son extremadamente variados. M\u00e1s de 60 diferentes nacionalidades aparecen en la muestra. El pa\u00eds de origen predominante es Ecuador, seguido de Colombia, Rumania, Per\u00fa, Marruecos, Republica Dominicana, Bolivia y Bulgaria.<\/p>\n<p>Para estos j\u00f3venes la identidad nacional es mucho m\u00e1s importante que la religiosa. M\u00e1s del 85% de los mismos as\u00ed lo declara. Un dato significativo es que s\u00f3lo un tercio aproximado de esta poblaci\u00f3n se considera espa\u00f1ol. El resto se identifica con su nacionalidad de origen, siendo ecuatoriana, colombiana y rumana las m\u00e1s numerosas.<\/p>\n<p>Las <strong>conclusiones preliminares<\/strong> nos sit\u00faan frente a un complejo, no negativo, panorama con respecto a las identidades y planes de futuro de la segunda generaci\u00f3n. La relativa escasez de la auto-imagen espa\u00f1ola y la fuerza de identidades y redes sociales \u00e9tnicas refleja fundamentalmente el car\u00e1cter reciente de la migraci\u00f3n, lo que conlleva que la mayor\u00eda de los hijos de inmigrantes actuales son, ellos tambi\u00e9n, extranjeros. Resta por ver si, con el paso del tiempo, progresa el proceso de incorporaci\u00f3n cultural, disminuyendo el n\u00famero de aquellos que sue\u00f1an en vivir en Norteam\u00e9rica u otros pa\u00edses de Europa y aumentando la proporci\u00f3n con una opini\u00f3n favorable de su pa\u00eds de adopci\u00f3n.<\/p>\n<p>Una <strong>nota positiva<\/strong> es que, pese a los muchos rumores y art\u00edculos period\u00edsticos sobre la discriminaci\u00f3n en contra de los extranjeros, la segunda generaci\u00f3n, al menos en Madrid, no percibe gran rechazo en su contra por parte de la poblaci\u00f3n aut\u00f3ctona y tiene fe en la existencia de oportunidades de movilidad ascendente para todos. De resultar esto cierto, es mucho m\u00e1s probable que la sociedad espa\u00f1ola logre integrar exitosamente a sus nuevos miembros. El r\u00e1pido crecimiento de la poblaci\u00f3n compuesta por estos j\u00f3venes y su concentraci\u00f3n geogr\u00e1fica en determinadas \u00e1reas hace de esta cuesti\u00f3n un tema de importancia vital hacia el futuro.<\/p>\n<p class=\"MsoNormal\" style=\"text-align: justify;\"><span style=\"font-family: 'Times New Roman';\" lang=\"ES-TRAD\">.<\/span><\/p>\n<p>&nbsp;<\/p>\n","protected":false},"excerpt":{"rendered":"<p>Por Carmen Dom\u00e9nech A primeros de marzo se presentaron los resultados preliminares del estudio ILSEG para Madrid: La Segunda Generaci\u00f3n en Madrid: Un Estudio Longitudinal, un trabajo de investigaci\u00f3n sociol\u00f3gica dirigido por Alejandro Portes (Universidad de Princeton) y Rosa Aparicio (Universidad P. Comillas). Los datos presentados proceden de la primera fase de la investigaci\u00f3n que se realiz\u00f3 sobre una muestra representativa de estudiantes hijos de inmigrantes en colegios de las \u00e1reas metropolitanas de Madrid y Barcelona, tanto p\u00fablicos como concertados. El objetivo del estudio es volver a encuestar a los componentes de esta muestra dentro de unos a\u00f1os, para saber\u2026<\/p>\n","protected":false},"author":37,"featured_media":0,"comment_status":"open","ping_status":"open","sticky":false,"template":"","format":"standard","meta":{"ngg_post_thumbnail":0},"categories":[1],"tags":[],"blocksy_meta":{"styles_descriptor":{"styles":{"desktop":"","tablet":"","mobile":""},"google_fonts":[],"version":4}},"aioseo_notices":[],"_links":{"self":[{"href":"https:\/\/www.madrimasd.org\/blogs\/migraciones\/wp-json\/wp\/v2\/posts\/114330"}],"collection":[{"href":"https:\/\/www.madrimasd.org\/blogs\/migraciones\/wp-json\/wp\/v2\/posts"}],"about":[{"href":"https:\/\/www.madrimasd.org\/blogs\/migraciones\/wp-json\/wp\/v2\/types\/post"}],"author":[{"embeddable":true,"href":"https:\/\/www.madrimasd.org\/blogs\/migraciones\/wp-json\/wp\/v2\/users\/37"}],"replies":[{"embeddable":true,"href":"https:\/\/www.madrimasd.org\/blogs\/migraciones\/wp-json\/wp\/v2\/comments?post=114330"}],"version-history":[{"count":4,"href":"https:\/\/www.madrimasd.org\/blogs\/migraciones\/wp-json\/wp\/v2\/posts\/114330\/revisions"}],"predecessor-version":[{"id":131495,"href":"https:\/\/www.madrimasd.org\/blogs\/migraciones\/wp-json\/wp\/v2\/posts\/114330\/revisions\/131495"}],"wp:attachment":[{"href":"https:\/\/www.madrimasd.org\/blogs\/migraciones\/wp-json\/wp\/v2\/media?parent=114330"}],"wp:term":[{"taxonomy":"category","embeddable":true,"href":"https:\/\/www.madrimasd.org\/blogs\/migraciones\/wp-json\/wp\/v2\/categories?post=114330"},{"taxonomy":"post_tag","embeddable":true,"href":"https:\/\/www.madrimasd.org\/blogs\/migraciones\/wp-json\/wp\/v2\/tags?post=114330"}],"curies":[{"name":"wp","href":"https:\/\/api.w.org\/{rel}","templated":true}]}}