{"id":117810,"date":"2009-05-07T09:13:00","date_gmt":"2009-05-07T09:13:00","guid":{"rendered":"http:\/\/weblogs.madrimasd.org\/\/migraciones\/archive\/2009\/05\/07\/117810.aspx"},"modified":"2010-01-21T11:51:53","modified_gmt":"2010-01-21T10:51:53","slug":"el-riesgo-de-exclusion-social-de-los-inmigrantes-en-tiempos-de-crisis","status":"publish","type":"post","link":"https:\/\/www.madrimasd.org\/blogs\/migraciones\/2009\/05\/07\/117810","title":{"rendered":"El riesgo de exclusi\u00f3n social de los inmigrantes en tiempos de crisis"},"content":{"rendered":"<p><!--   \/* Style Definitions *\/  p.MsoNormal, li.MsoNormal, div.MsoNormal \t{mso-style-parent:\"\"; \tmargin:0pt; \tmargin-bottom:.0001pt; \tmso-pagination:widow-orphan; \tfont-size:12.0pt; \tfont-family:\"Times New Roman\"; \tmso-fareast-font-family:\"Times New Roman\";} @page Section1 \t{size:612.0pt 792.0pt; \tmargin:70.85pt 85.05pt 70.85pt 85.05pt; \tmso-header-margin:36.0pt; \tmso-footer-margin:36.0pt; \tmso-paper-source:0;} div.Section1 \t{page:Section1;} --><\/p>\n<p class=\"MsoNormal\" style=\"text-align: justify;\">El riesgo siempre latente de que los inmigrantes se vean excluidos de los beneficios del sistema social se agranda, sin duda, <a href=\"http:\/\/weblogs.madrimasd.org\/migraciones\/archive\/2008\/04\/15\/89181.aspx\">en \u00e9poca de crisis econ\u00f3mica<\/a>. El riesgo lo corren ciertamente tambi\u00e9n los aut\u00f3ctonos: para (casi) todos el paro representa la gran amenaza. Pero los inmigrantes deben cargar adem\u00e1s con un sambenito permanente: son cabezas de turco siempre disponibles para cargar sobre ellos la responsabilidad de los problemas que afectan al conjunto de la sociedad.<\/p>\n<p><!--more--><br \/>\n<!--   \/* Style Definitions *\/  p.MsoNormal, li.MsoNormal, div.MsoNormal \t{mso-style-parent:\"\"; \tmargin:0pt; \tmargin-bottom:.0001pt; \tmso-pagination:widow-orphan; \tfont-size:12.0pt; \tfont-family:\"Times New Roman\"; \tmso-fareast-font-family:\"Times New Roman\";} @page Section1 \t{size:595.3pt 841.9pt; \tmargin:70.85pt 85.05pt 70.85pt 85.05pt; \tmso-header-margin:35.4pt; \tmso-footer-margin:35.4pt; \tmso-paper-source:0;} div.Section1 \t{page:Section1;} --><\/p>\n<p class=\"MsoNormal\" style=\"text-align: justify;\">No es cuesti\u00f3n balad\u00ed que en estos tiempos de zozobra los inmigrantes encuentren mayores trabas para alquilar viviendas, para ubicar sus lugares de culto &#8211; bien sean mezquitas bien sean templos de confesiones cristianas no cat\u00f3licas -, para ser contratados o para ser escolarizados si es que est\u00e1n en edad para ello.<\/p>\n<p class=\"MsoNormal\" style=\"text-align: justify;\">Con todo, de todas las dificultades a las que se enfrentan hoy un inmigrante en Espa\u00f1a \u2013 y, general, en Europa \u2013 la m\u00e1s grave es, sin duda, la de quedarse desempleado. Es cierto que este riesgo lo comparte con el aut\u00f3ctono, pero hay una diferencia abismal. En tiempos de crisis aprieta la presi\u00f3n para ilegalizar y expulsar a los inmingrantes legales que hayan perdido su puesto de trabajo. Si esto sucediera, esto es, si la administraci\u00f3n p\u00fablica se dedicara a fabricar irregulares deneg\u00e1ndoles la renovaci\u00f3n del permiso de trabajo, entonces se atentar\u00eda directamente contra el contenido b\u00e1sico de los derechos humanos sobre los que se asienta nuestro sistema pol\u00edtico: el derecho de toda persona a recibir un igual trato.<\/p>\n<p class=\"MsoNormal\" style=\"text-align: justify;\">\u00a0<\/p>\n<p class=\"MsoNormal\" style=\"text-align: justify;\">Si a un inmigrante se le arroja a la irregularidad porque carece de trabajo se est\u00e1 echando por la borda toda la labor efectuada a favor de la integraci\u00f3n social. en los \u00faltimos a\u00f1os. El inmigrante irregular se quedar\u00e1 en el pa\u00eds \u2013 pues no hay medios para echarlos a todos, ni tienen medios propios para irse \u2013 y de este modo se consolidar\u00e1 una clase marginal que, para empezar, carecer\u00e1 del m\u00ednimo reconocimiento legal. Se habr\u00e1 avanzado as\u00ed en la exclusi\u00f3n social de una parte de los residentes en el pa\u00eds y, por tanto, en la desestructuraci\u00f3n de la sociedad. \u00bfC\u00f3mo construir entonces <a href=\"http:\/\/weblogs.madrimasd.org\/migraciones\/archive\/2006\/02\/09\/13198.aspx\">una sociedad integrada<\/a>?<\/p>\n<p class=\"MsoNormal\" style=\"text-align: justify;\">\u00a0<\/p>\n<p class=\"MsoNormal\" style=\"text-align: justify;\">\u00a0<\/p>\n","protected":false},"excerpt":{"rendered":"<p>El riesgo siempre latente de que los inmigrantes se vean excluidos de los beneficios del sistema social se agranda, sin duda, en \u00e9poca de crisis econ\u00f3mica. El riesgo lo corren ciertamente tambi\u00e9n los aut\u00f3ctonos: para (casi) todos el paro representa la gran amenaza. Pero los inmigrantes deben cargar adem\u00e1s con un sambenito permanente: son cabezas de turco siempre disponibles para cargar sobre ellos la responsabilidad de los problemas que afectan al conjunto de la sociedad.<\/p>\n","protected":false},"author":37,"featured_media":0,"comment_status":"open","ping_status":"open","sticky":false,"template":"","format":"standard","meta":{"ngg_post_thumbnail":0},"categories":[1],"tags":[],"blocksy_meta":{"styles_descriptor":{"styles":{"desktop":"","tablet":"","mobile":""},"google_fonts":[],"version":4}},"aioseo_notices":[],"_links":{"self":[{"href":"https:\/\/www.madrimasd.org\/blogs\/migraciones\/wp-json\/wp\/v2\/posts\/117810"}],"collection":[{"href":"https:\/\/www.madrimasd.org\/blogs\/migraciones\/wp-json\/wp\/v2\/posts"}],"about":[{"href":"https:\/\/www.madrimasd.org\/blogs\/migraciones\/wp-json\/wp\/v2\/types\/post"}],"author":[{"embeddable":true,"href":"https:\/\/www.madrimasd.org\/blogs\/migraciones\/wp-json\/wp\/v2\/users\/37"}],"replies":[{"embeddable":true,"href":"https:\/\/www.madrimasd.org\/blogs\/migraciones\/wp-json\/wp\/v2\/comments?post=117810"}],"version-history":[{"count":1,"href":"https:\/\/www.madrimasd.org\/blogs\/migraciones\/wp-json\/wp\/v2\/posts\/117810\/revisions"}],"predecessor-version":[{"id":131465,"href":"https:\/\/www.madrimasd.org\/blogs\/migraciones\/wp-json\/wp\/v2\/posts\/117810\/revisions\/131465"}],"wp:attachment":[{"href":"https:\/\/www.madrimasd.org\/blogs\/migraciones\/wp-json\/wp\/v2\/media?parent=117810"}],"wp:term":[{"taxonomy":"category","embeddable":true,"href":"https:\/\/www.madrimasd.org\/blogs\/migraciones\/wp-json\/wp\/v2\/categories?post=117810"},{"taxonomy":"post_tag","embeddable":true,"href":"https:\/\/www.madrimasd.org\/blogs\/migraciones\/wp-json\/wp\/v2\/tags?post=117810"}],"curies":[{"name":"wp","href":"https:\/\/api.w.org\/{rel}","templated":true}]}}