{"id":121728,"date":"2009-07-13T22:13:00","date_gmt":"2009-07-13T22:13:00","guid":{"rendered":"http:\/\/weblogs.madrimasd.org\/\/migraciones\/archive\/2009\/07\/14\/121728.aspx"},"modified":"2010-01-21T13:22:18","modified_gmt":"2010-01-21T12:22:18","slug":"una-mirada-global-sobre-las-migraciones-%e2%80%93-el-planteamiento-de-benedicto-xvi","status":"publish","type":"post","link":"https:\/\/www.madrimasd.org\/blogs\/migraciones\/2009\/07\/13\/121728","title":{"rendered":"Una mirada global sobre las migraciones"},"content":{"rendered":"<p><!--   \/* Font Definitions *\/  @font-face \t{font-family:Times; \tpanose-1:2 2 6 3 5 4 5 2 3 4; \tmso-font-charset:0; \tmso-generic-font-family:roman; \tmso-font-pitch:variable; \tmso-font-signature:536902279 -2147483648 8 0 511 0;} @font-face \t{font-family:\"Kozuka Mincho Pro M\"; \tpanose-1:0 0 0 0 0 0 0 0 0 0; \tmso-font-charset:128; \tmso-generic-font-family:roman; \tmso-font-format:other; \tmso-font-pitch:variable; \tmso-font-signature:515 134676480 16 0 131077 0;} @font-face \t{font-family:Cambria; \tmso-font-alt:\"Calisto MT\"; \tmso-font-charset:0; \tmso-generic-font-family:auto; \tmso-font-pitch:variable; \tmso-font-signature:3 0 0 0 1 0;} @font-face \t{font-family:\"\\@Kozuka Mincho Pro M\"; \tpanose-1:0 0 0 0 0 0 0 0 0 0; \tmso-font-charset:128; \tmso-generic-font-family:roman; \tmso-font-format:other; \tmso-font-pitch:variable; \tmso-font-signature:515 134676480 16 0 131077 0;}  \/* Style Definitions *\/  p.MsoNormal, li.MsoNormal, div.MsoNormal \t{mso-style-parent:\"\"; \tmargin-top:0cm; \tmargin-right:0cm; \tmargin-bottom:10.0pt; \tmargin-left:0cm; \tmso-pagination:widow-orphan; \tfont-size:12.0pt; \tfont-family:Cambria; \tmso-fareast-font-family:Cambria; \tmso-bidi-font-family:\"Times New Roman\"; \tmso-ansi-language:ES-TRAD; \tmso-fareast-language:EN-US;} a:link, span.MsoHyperlink \t{\ttext-decoration:underline; \ttext-underline:single;} a:visited, span.MsoHyperlinkFollowed \t{color:purple; \ttext-decoration:underline; \ttext-underline:single;} @page Section1 \t{size:612.0pt 792.0pt; \tmargin:70.85pt 3.0cm 70.85pt 3.0cm; \tmso-header-margin:36.0pt; \tmso-footer-margin:36.0pt; \tmso-paper-source:0;} div.Section1 \t{page:Section1;} --><\/p>\n<p><span style=\"font-size: 16pt; line-height: 150%; font-family: Times;\" lang=\"ES-TRAD\"> <\/span><\/p>\n<p class=\"MsoNormal\" style=\"text-align: justify; line-height: 17pt;\"><strong>El planteamiento de Benedicto XVI<\/strong><\/p>\n<p class=\"MsoNormal\" style=\"text-align: justify; line-height: 17pt;\">\n<p class=\"MsoNormal\" style=\"text-align: justify; line-height: 17pt;\"><span style=\"font-family: &quot;Times New Roman&quot;;\" lang=\"ES-TRAD\">Desde que comenz\u00f3 la crisis financiera global ha crecido el inter\u00e9s por reenfocar las relaciones internacionales desde una perspectiva m\u00e1s integral y a la vez m\u00e1s \u00e9tica, que tenga como foco central los valores sociales y el bienestar de las personas y, en particular, de las m\u00e1s desfavorecidas. Entre las diversas aportaciones, destaca la reciente enc\u00edclica del papa Benedicto XVI, <em><a href=\"http:\/\/www.vatican.va\/holy_father\/benedict_xvi\/encyclicals\/documents\/hf_ben-xvi_enc_20090629_caritas-in-veritate_sp.html\">Caritas in veritate<\/a><\/em>.<span> <\/span>En ella se postula la instauraci\u00f3n de una <em><span style=\"color: blue;\">aut\u00e9ntica <span>autoridad pol\u00edtica mundial<\/span><\/span><\/em><span>. Hace as\u00ed buena la intuici\u00f3n de que para <\/span><em>problemas globales<\/em> <em>no existen soluciones locales.<\/em><span> Entre las diversas razones que el documento da para ello, menciona expresamente <span style=\"color: blue;\">la necesidad de regular los flujos migratorios<\/span>.<\/span><br \/>\n<\/span><\/p>\n<p class=\"MsoNormal\" style=\"text-align: justify; line-height: 17pt;\"><span style=\"font-family: &quot;Times New Roman&quot;;\" lang=\"ES-TRAD\">El apartado de la enc\u00edclica que aborda la cuesti\u00f3n migratoria est\u00e1 escrito no s\u00f3lo con una enorme claridad y contundencia, sino tambi\u00e9n con una apertura de miras que permite transmitir en pocas palabras lo fundamental de una \u00e9poca marcada por las migraciones (<em><a href=\"http:\/\/meme.phpwebhosting.com\/%7Emigracion\/rimd\/libros.php?libro=la_era_de_la_migracion\">La era de la migraci\u00f3n<\/a><\/em>, dir\u00edan Castles y Miller). <\/span><span style=\"font-family: &quot;Times New Roman&quot;;\" lang=\"ES-TRAD\">Y no se queda tan s\u00f3lo en lo descriptivo, sino que logra trazar en pocas l\u00edneas cu\u00e1l ser\u00eda el enfoque normativo requerido para afrontarlo de manera integral, incluyendo tanto a los pa\u00edses receptores como a los emisores, sin olvidar los derechos inviolables que les corresponden a los migrantes como seres humanos. Es un texto que invita a la discusi\u00f3n y a la cr\u00edtica, pues da por sentado posiciones que no para todos resultan evidentes. En todo caso, merece la pena leer por completo el breve, pero intenso apartado sobre la materia:<br \/>\n<\/span><\/p>\n<p><!--more--><br \/>\n<!--   \/* Font Definitions *\/  @font-face \t{font-family:Mangal; \tpanose-1:0 0 4 0 0 0 0 0 0 0; \tmso-font-charset:0; \tmso-generic-font-family:auto; \tmso-font-pitch:variable; \tmso-font-signature:32771 0 0 0 1 0;} @font-face \t{font-family:Times; \tpanose-1:2 2 6 3 5 4 5 2 3 4; \tmso-font-charset:0; \tmso-generic-font-family:roman; \tmso-font-pitch:variable; \tmso-font-signature:536902279 -2147483648 8 0 511 0;} @font-face \t{font-family:\"Palatino Linotype\"; \tpanose-1:2 4 5 2 5 5 5 3 3 4; \tmso-font-charset:0; \tmso-generic-font-family:roman; \tmso-font-pitch:variable; \tmso-font-signature:-536870009 1073741843 0 0 415 0;} @font-face \t{font-family:Cambria; \tmso-font-alt:\"Calisto MT\"; \tmso-font-charset:0; \tmso-generic-font-family:auto; \tmso-font-pitch:variable; \tmso-font-signature:3 0 0 0 1 0;}  \/* Style Definitions *\/  p.MsoNormal, li.MsoNormal, div.MsoNormal \t{mso-style-parent:\"\"; \tmargin-top:0cm; \tmargin-right:0cm; \tmargin-bottom:10.0pt; \tmargin-left:0cm; \tmso-pagination:widow-orphan; \tfont-size:12.0pt; \tfont-family:Cambria; \tmso-fareast-font-family:Cambria; \tmso-bidi-font-family:\"Times New Roman\"; \tmso-ansi-language:ES-TRAD; \tmso-fareast-language:EN-US;} @page Section1 \t{size:595.3pt 841.9pt; \tmargin:70.85pt 3.0cm 70.85pt 3.0cm; \tmso-header-margin:35.4pt; \tmso-footer-margin:35.4pt; \tmso-paper-source:0;} div.Section1 \t{page:Section1;} --><\/p>\n<p class=\"MsoNormal\" style=\"text-align: justify; line-height: 15pt;\"><span style=\"font-size: 16pt; font-family: Times;\" lang=\"ES-TRAD\"> <\/span><span style=\"font-family: &quot;Palatino Linotype&quot;;\" lang=\"ES-TRAD\">Otro aspecto digno de atenci\u00f3n, hablando del <\/span><span style=\"font-family: &quot;Palatino Linotype&quot;;\" lang=\"ES-TRAD\">desarrollo<\/span><span style=\"font-family: &quot;Palatino Linotype&quot;;\" lang=\"ES-TRAD\"> humano integral, es el fen\u00f3meno de <em>las<\/em> <em>migraciones.<\/em> Es un fen\u00f3meno que impresiona por sus grandes dimensiones, por los problemas sociales, econ\u00f3micos, pol\u00edticos, culturales y religiosos que suscita, y por los dram\u00e1ticos desaf\u00edos que plantea a las comunidades nacionales y a la comunidad internacional. Podemos decir que estamos ante un fen\u00f3meno social que marca \u00e9poca, que requiere una fuerte y clarividente pol\u00edtica de cooperaci\u00f3n internacional para afrontarlo debidamente.<br \/>\n<\/span><\/p>\n<p class=\"MsoNormal\" style=\"text-align: justify; line-height: 15pt;\"><span style=\"font-family: &quot;Palatino Linotype&quot;;\" lang=\"ES-TRAD\">Esta pol\u00edtica hay que desarrollarla partiendo de una estrecha colaboraci\u00f3n entre los pa\u00edses de procedencia y de destino de los emigrantes; ha de ir acompa\u00f1ada de adecuadas normativas internacionales capaces de armonizar los diversos ordenamientos legislativos, con vistas a salvaguardar las exigencias y los derechos de las personas y de las familias emigrantes, as\u00ed como las de las sociedades de destino. Ning\u00fan pa\u00eds por s\u00ed solo puede ser capaz de hacer frente a los problemas migratorios actuales.<\/span><\/p>\n<p class=\"MsoNormal\" style=\"text-align: justify; line-height: 15pt;\"><span style=\"font-family: &quot;Palatino Linotype&quot;;\" lang=\"ES-TRAD\">Todos podemos ver el sufrimiento, el disgusto y las aspiraciones que conllevan los flujos migratorios. Como es sabido, es un fen\u00f3meno complejo de gestionar; sin embargo, est\u00e1 comprobado que los trabajadores extranjeros, no obstante las dificultades inherentes a su integraci\u00f3n, contribuyen de manera significativa con su trabajo al desarrollo econ\u00f3mico del pa\u00eds que los acoge, as\u00ed como a su pa\u00eds de origen a trav\u00e9s de las remesas de dinero. Obviamente, estos trabajadores no pueden ser considerados como una mercanc\u00eda o una mera fuerza laboral. Por tanto no deben ser tratados como cualquier otro factor de producci\u00f3n. Todo emigrante es una persona humana que, en cuanto tal, posee derechos fundamentales inalienables que han de ser respetados por todos y en cualquier situaci\u00f3n.<\/span><\/p>\n<p class=\"MsoNormal\" style=\"text-align: justify; line-height: 15pt;\"><span style=\"font-family: &quot;Palatino Linotype&quot;;\" lang=\"ES-TRAD\"> <\/span><\/p>\n","protected":false},"excerpt":{"rendered":"<p>El planteamiento de Benedicto XVI Desde que comenz\u00f3 la crisis financiera global ha crecido el inter\u00e9s por reenfocar las relaciones internacionales desde una perspectiva m\u00e1s integral y a la vez m\u00e1s \u00e9tica, que tenga como foco central los valores sociales y el bienestar de las personas y, en particular, de las m\u00e1s desfavorecidas. Entre las diversas aportaciones, destaca la reciente enc\u00edclica del papa Benedicto XVI, Caritas in veritate. En ella se postula la instauraci\u00f3n de una aut\u00e9ntica autoridad pol\u00edtica mundial. Hace as\u00ed buena la intuici\u00f3n de que para problemas globales no existen soluciones locales. Entre las diversas razones que el\u2026<\/p>\n","protected":false},"author":37,"featured_media":0,"comment_status":"open","ping_status":"open","sticky":false,"template":"","format":"standard","meta":{"ngg_post_thumbnail":0},"categories":[1],"tags":[],"blocksy_meta":{"styles_descriptor":{"styles":{"desktop":"","tablet":"","mobile":""},"google_fonts":[],"version":4}},"aioseo_notices":[],"_links":{"self":[{"href":"https:\/\/www.madrimasd.org\/blogs\/migraciones\/wp-json\/wp\/v2\/posts\/121728"}],"collection":[{"href":"https:\/\/www.madrimasd.org\/blogs\/migraciones\/wp-json\/wp\/v2\/posts"}],"about":[{"href":"https:\/\/www.madrimasd.org\/blogs\/migraciones\/wp-json\/wp\/v2\/types\/post"}],"author":[{"embeddable":true,"href":"https:\/\/www.madrimasd.org\/blogs\/migraciones\/wp-json\/wp\/v2\/users\/37"}],"replies":[{"embeddable":true,"href":"https:\/\/www.madrimasd.org\/blogs\/migraciones\/wp-json\/wp\/v2\/comments?post=121728"}],"version-history":[{"count":5,"href":"https:\/\/www.madrimasd.org\/blogs\/migraciones\/wp-json\/wp\/v2\/posts\/121728\/revisions"}],"predecessor-version":[{"id":131473,"href":"https:\/\/www.madrimasd.org\/blogs\/migraciones\/wp-json\/wp\/v2\/posts\/121728\/revisions\/131473"}],"wp:attachment":[{"href":"https:\/\/www.madrimasd.org\/blogs\/migraciones\/wp-json\/wp\/v2\/media?parent=121728"}],"wp:term":[{"taxonomy":"category","embeddable":true,"href":"https:\/\/www.madrimasd.org\/blogs\/migraciones\/wp-json\/wp\/v2\/categories?post=121728"},{"taxonomy":"post_tag","embeddable":true,"href":"https:\/\/www.madrimasd.org\/blogs\/migraciones\/wp-json\/wp\/v2\/tags?post=121728"}],"curies":[{"name":"wp","href":"https:\/\/api.w.org\/{rel}","templated":true}]}}