{"id":130470,"date":"2009-12-27T05:08:00","date_gmt":"2009-12-27T05:08:00","guid":{"rendered":"http:\/\/weblogs.madrimasd.org\/\/migraciones\/archive\/2009\/12\/27\/130470.aspx"},"modified":"2009-12-27T05:08:00","modified_gmt":"2009-12-27T05:08:00","slug":"la-lucha-por-los-derechos-de-los-inmigrantes","status":"publish","type":"post","link":"https:\/\/www.madrimasd.org\/blogs\/migraciones\/2009\/12\/27\/130470","title":{"rendered":"La lucha por los derechos de los inmigrantes"},"content":{"rendered":"<style type=\"text\/css\"> \t<!-- \t\t@page { size: 21cm 29.7cm; margin: 2cm } \t\tP { margin-bottom: 0.21cm } \t--> \t<\/style>\n<p style=\"margin-left: 2.5cm; margin-bottom: 0.56cm; widows: 0; orphans: 0;\" align=\"justify\"> <font color=\"#404040\"><font face=\"Arial Narrow, sans-serif\"><font style=\"font-size: 10pt;\" size=\"2\"><b>Los derechos de los inmigrantes deben ser orientados hacia dos frentes: terminar con las pol\u00edticas neoliberales responsables de haber generado pobreza en sus pa\u00edses de origen, forz\u00e1ndolos a emigrar, y demandar que se les otorguen plenos derechos en sus pa\u00edses de acogida.<\/b><\/font><\/font><\/font><\/p>\n<p style=\"margin-bottom: 0.56cm; widows: 0; orphans: 0;\" align=\"justify\"> <font face=\"Times New Roman, serif\">No cabe romantizar la suerte del trabajador globalizado. La inestabilidad y la ausencia de seguridad es la condici\u00f3n de muchos. El capitalismo en la era neoliberal destruye trabajos en casa y los crea por todos lados, forzando a muchos a emprender peligrosos viajes transfronterizos para encontrar esos trabajos. Desregulado como est\u00e1 en la actualidad, el capitalismo se caracteriza por tener periodos de expansi\u00f3n y contracci\u00f3n. Cuando llega la contracci\u00f3n, el grueso de inmigrantes se convierte en algo peligroso, y los pol\u00edticos oportunistas, desde la cultura dominante, los colocan como chivos expiatorios por la p\u00e9rdida de sus empleos. Esta es la situaci\u00f3n que se vive hoy en los pa\u00edses desarrollados, donde la discriminaci\u00f3n, la represi\u00f3n policial y las deportaciones se han vuelto omnipresentes. <\/font><\/p>\n<p><!--more--><\/p>\n<style type=\"text\/css\"> \t<!-- \t\t@page { size: 21cm 29.7cm; margin: 2cm } \t\tP { margin-bottom: 0.21cm } \t\tA:link { color: #0000ff } \t--> \t<\/style>\n<p style=\"margin-bottom: 0.56cm; widows: 0; orphans: 0;\" align=\"justify\"> <font face=\"Times New Roman, serif\">Pero perm\u00edtannos no ser tampoco tan negativos respecto de nuestras sociedades de acogida. A menudo \u00e9stas son sociedades democr\u00e1ticas donde hay derechos y libertades institucionalizadas. Muchos inmigrantes, por supuesto, est\u00e1n privados de algunos de esos derechos y libertades, pero en muchos aspectos, estos pa\u00edses ofrecen un modelo de lo que es posible en nuestras sociedades de origen, donde derechos y libertades son fr\u00e1giles, si no inexistentes, y la corrupci\u00f3n pol\u00edtica aparece por doquier. Las mujeres de muchas sociedades del llamado Tercer Mundo encuentran en sus sociedades receptoras un nivel de respeto y un estado de igualdad formal con los hombres que est\u00e1n completamente ausentes en las sociedades de donde provienen. <\/font> <\/p>\n<p style=\"margin-bottom: 0.56cm; widows: 0; orphans: 0;\" align=\"justify\"> <font face=\"Times New Roman, serif\">A pesar de todo lo dicho y hecho, la mayor\u00eda de los trabajadores inmigrantes probablemente preferir\u00edan quedarse y trabajar en sus pa\u00edses de origen si pudieran encontrar los trabajos que les permitieran una vida decente. Es importante que los defensores de los inmigrantes entiendan las condiciones que han hecho que la emigraci\u00f3n desde los pa\u00edses en desarrollo haya sido tan masiva en las \u00faltimas tres d\u00e9cadas.<\/font><\/p>\n<p style=\"margin-bottom: 0.56cm; widows: 0; orphans: 0;\" align=\"justify\"> <font face=\"Times New Roman, serif\">Las condiciones de pobreza y problemas econ\u00f3micos han empujado a las personas fuera de sus sociedades, pero estas condiciones no son naturales. Han sido creadas. Y en el desempe\u00f1o de los pa\u00edses en desarrollo desde finales de los a\u00f1os ochenta el motor principal de la expansi\u00f3n de la pobreza y las dificultades econ\u00f3micas han sido los programas de ajuste estructural promovidos por el FMI y el BM y la liberalizaci\u00f3n del comercio empujada por la Organizaci\u00f3n Mundial del Comercio (OMC).<\/font><\/p>\n<p style=\"margin-bottom: 0.56cm; widows: 0; orphans: 0;\" align=\"justify\"> <font face=\"Times New Roman, serif\">Por lo tanto, para encarar con seriedad los problemas que ellos enfrentan, los inmigrantes y sus defensores no pueden sino estar implicados en una guerra de dos frentes. <\/font> <\/p>\n<ul>\n<li>\n<p style=\"margin-bottom: 0.56cm; widows: 0; orphans: 0;\" align=\"justify\"> \t<font face=\"Times New Roman, serif\">Por un lado, debemos luchar en \tnuestros pa\u00edses de origen para terminar con las condiciones \tde ajuste estructural, la liberalizaci\u00f3n de mercados y otras \tpol\u00edticas neoliberales que han erosionado nuestra base \tagr\u00edcola e industrial y destruido millones de puestos de \ttrabajo. Debemos decirles al gobierno de los Estados Unidos y a la \tUni\u00f3n Europea que no necesitamos ayuda; que lo que \tnecesitamos es que dejen de imponernos acuerdos comerciales \tbilaterales y acuerdos de asociaci\u00f3n econ\u00f3mica. Lo que \tnuestros pa\u00edses piden es que se detengan los programas de \tajuste estructural que siguen realiz\u00e1ndose en \u00c1frica, \ty se ponga fin a la avanzada liberalizaci\u00f3n del comercio bajo \tla OMC y a los acuerdos comerciales bilaterales y multilaterales. <\/font> \t<\/p>\n<\/li>\n<\/ul>\n<ul>\n<li>\n<p style=\"margin-bottom: 0.56cm; widows: 0; orphans: 0;\" align=\"justify\"> \t<font face=\"Times New Roman, serif\">En cuanto al otro frente, la \tagenda parece clara. Debemos hacer valer con decisi\u00f3n lo que \tes una verdad silenciada: que los inmigrantes contribuyen \tenormemente a la econom\u00eda y la cultura de sus pa\u00edses \tde acogida. Debemos oponernos frontalmente a la represi\u00f3n \testatal de los inmigrantes y confrontar a los grupos de derecha \tpopulista que los hacen culpables de todos los males. Tenemos que \texigir el fin de las deportaciones de inmigrantes indocumentados, su \tr\u00e1pida legalizaci\u00f3n y garant\u00edas de plenos \tderechos de ciudadan\u00eda para aqu\u00e9llos con papeles&nbsp; \ty sus hijos, y que se facilite la consecuci\u00f3n del estatus \tlegal para los que no tienen papeles.<\/font><\/p>\n<\/li>\n<\/ul>\n<p style=\"margin-bottom: 0.56cm; widows: 0; orphans: 0;\" align=\"justify\"> <font face=\"Times New Roman, serif\">El \u00e9xito en la resoluci\u00f3n de los dilemas de los inmigrantes necesitar\u00e1 que se progrese en ambos frentes. No hay garant\u00edas de que triunfemos en nuestro apoyo, pero a menos que enfrentemos los desaf\u00edos en ambos frentes, podemos estar seguros de que no alcanzaremos nuestros objetivos.<\/font><\/p>\n<p style=\"margin-bottom: 0.56cm; widows: 0; orphans: 0;\" align=\"justify\"><meta http-equiv=\"CONTENT-TYPE\" content=\"text\/html; charset=utf-8\"><title><\/title><meta name=\"GENERATOR\" content=\"OpenOffice.org 2.3  (Win32)\"><meta name=\"CREATED\" content=\"0;0\"><meta name=\"CHANGED\" content=\"0;0\"><\/p>\n<style type=\"text\/css\"> \t<!-- \t\t@page { size: 21cm 29.7cm; margin: 2cm } \t\tP { margin-bottom: 0.21cm } \t--> \t<\/style>\n<\/p>\n<p style=\"margin-bottom: 0.56cm; widows: 0; orphans: 0;\" align=\"justify\">\n<p style=\"margin-bottom: 0cm;\" align=\"justify\"><font color=\"#222222\"><font face=\"Big Caslon\"><font size=\"2\">* Extractado del art\u00edculo de Walden Bello<\/font><\/font><\/font><font color=\"#0026ea\"><font face=\"Big Caslon\"><font size=\"2\"> <\/font><\/font><\/font><font color=\"#415f8b\"><font face=\"Big Caslon\"><font size=\"2\">\u201c<\/font><\/font><\/font><a href=\"http:\/\/www.sinpermiso.info\/textos\/index.php?id=2996\"><font color=\"#73197c\"><font face=\"Big Caslon\"><font size=\"2\">La condici\u00f3n del inmigrante<\/font><\/font><\/font><\/a><font color=\"#415f8b\"><font face=\"Big Caslon\"><font size=\"2\">\u201d<\/font><\/font><\/font><font color=\"#222222\"><font face=\"Big Caslon\"><font size=\"2\">, publicado en la revista SIN PERMISO<\/font><\/font><\/font><\/p><\/p>\n","protected":false},"excerpt":{"rendered":"<p>Los derechos de los inmigrantes deben ser orientados hacia dos frentes: terminar con las pol\u00edticas neoliberales responsables de haber generado pobreza en sus pa\u00edses de origen, forz\u00e1ndolos a emigrar, y demandar que se les otorguen plenos derechos en sus pa\u00edses de acogida. No cabe romantizar la suerte del trabajador globalizado. La inestabilidad y la ausencia de seguridad es la condici\u00f3n de muchos. El capitalismo en la era neoliberal destruye trabajos en casa y los crea por todos lados, forzando a muchos a emprender peligrosos viajes transfronterizos para encontrar esos trabajos. Desregulado como est\u00e1 en la actualidad, el capitalismo se caracteriza\u2026<\/p>\n","protected":false},"author":37,"featured_media":0,"comment_status":"open","ping_status":"open","sticky":false,"template":"","format":"standard","meta":{"ngg_post_thumbnail":0},"categories":[1],"tags":[],"blocksy_meta":{"styles_descriptor":{"styles":{"desktop":"","tablet":"","mobile":""},"google_fonts":[],"version":4}},"aioseo_notices":[],"_links":{"self":[{"href":"https:\/\/www.madrimasd.org\/blogs\/migraciones\/wp-json\/wp\/v2\/posts\/130470"}],"collection":[{"href":"https:\/\/www.madrimasd.org\/blogs\/migraciones\/wp-json\/wp\/v2\/posts"}],"about":[{"href":"https:\/\/www.madrimasd.org\/blogs\/migraciones\/wp-json\/wp\/v2\/types\/post"}],"author":[{"embeddable":true,"href":"https:\/\/www.madrimasd.org\/blogs\/migraciones\/wp-json\/wp\/v2\/users\/37"}],"replies":[{"embeddable":true,"href":"https:\/\/www.madrimasd.org\/blogs\/migraciones\/wp-json\/wp\/v2\/comments?post=130470"}],"version-history":[{"count":1,"href":"https:\/\/www.madrimasd.org\/blogs\/migraciones\/wp-json\/wp\/v2\/posts\/130470\/revisions"}],"predecessor-version":[{"id":131933,"href":"https:\/\/www.madrimasd.org\/blogs\/migraciones\/wp-json\/wp\/v2\/posts\/130470\/revisions\/131933"}],"wp:attachment":[{"href":"https:\/\/www.madrimasd.org\/blogs\/migraciones\/wp-json\/wp\/v2\/media?parent=130470"}],"wp:term":[{"taxonomy":"category","embeddable":true,"href":"https:\/\/www.madrimasd.org\/blogs\/migraciones\/wp-json\/wp\/v2\/categories?post=130470"},{"taxonomy":"post_tag","embeddable":true,"href":"https:\/\/www.madrimasd.org\/blogs\/migraciones\/wp-json\/wp\/v2\/tags?post=130470"}],"curies":[{"name":"wp","href":"https:\/\/api.w.org\/{rel}","templated":true}]}}