{"id":131845,"date":"2012-12-10T17:59:22","date_gmt":"2012-12-10T16:59:22","guid":{"rendered":"http:\/\/www.madrimasd.org\/blogs\/migraciones\/?p=131845"},"modified":"2012-12-15T22:13:14","modified_gmt":"2012-12-15T21:13:14","slug":"migraciones-y-diversidad-cultural-1-alguna-tendencias","status":"publish","type":"post","link":"https:\/\/www.madrimasd.org\/blogs\/migraciones\/2012\/12\/10\/131845","title":{"rendered":"Migraciones y diversidad cultural (1): algunas tendencias"},"content":{"rendered":"<p>&nbsp;<\/p>\n<p><a href=\"https:\/\/www.madrimasd.org\/blogs\/migraciones\/files\/2012\/12\/guiarec.jpg\"><img decoding=\"async\" class=\"alignleft size-medium wp-image-131910\" title=\"guiarec\" src=\"https:\/\/www.madrimasd.org\/blogs\/migraciones\/files\/2012\/12\/guiarec-300x261.jpg\" alt=\"\" width=\"300\" height=\"261\" srcset=\"https:\/\/www.madrimasd.org\/blogs\/migraciones\/files\/2012\/12\/guiarec-300x261.jpg 300w, https:\/\/www.madrimasd.org\/blogs\/migraciones\/files\/2012\/12\/guiarec.jpg 609w\" sizes=\"(max-width: 300px) 100vw, 300px\" \/><\/a>Con el asentamiento de un n\u00famero significativo de inmigrantes se reabren en las sociedades de acogida viejos debates sobre la convivencia y la tolerancia intercultural. <a href=\"https:\/\/www.madrimasd.org\/blogs\/migraciones\/2006\/04\/19\/18979\">Con los flujos migratorios, especialmente con los de car\u00e1cter internacional, tiende a aumentar la diversidad \u00e9tnico-cultural en los pa\u00edses receptores<\/a>. Aunque no son el \u00fanico factor de diversificaci\u00f3n cultural e identitaria en las sociedades contempor\u00e1neas, pues lo son tambi\u00e9n los <em>mass media<\/em>, los productos culturales globalizados o el turismo de masa, las migraciones suponen de ordinario la reorganizaci\u00f3n de las fronteras de los grupos \u00e9tnico-culturales (fijadas mediante procesos de autodefinici\u00f3n y heterodefinici\u00f3n) y de su distribuci\u00f3n geogr\u00e1fica. Afectan no s\u00f3lo a su grado relativo de concentraci\u00f3n y dispersi\u00f3n, sino tambi\u00e9n a la vinculaci\u00f3n afectiva que sus miembros mantienen con un determinado territorio (una vinculaci\u00f3n supuestamente exclusiva), as\u00ed como a su grado de mestizaje con otros grupos. De este modo, las migraciones ejercen una notable influencia en la conformaci\u00f3n de las identidades colectivas y las lealtades pol\u00edticas.<\/p>\n<p><!--more-->La incidencia de las migraciones como factor de diversificaci\u00f3n o pluralizaci\u00f3n de la vida social es tanto m\u00e1s perceptible cuanto m\u00e1s homog\u00e9nea o monocultural sea la sociedad de acogida. A la diversidad largamente asentada o tradicional, aunque oculta muchas veces, se le suma entonces una palpable diversidad de reciente cu\u00f1o. Se hacen presentes personas de origen dispar, que hablan otras lenguas, practican otras religiones, portan otras indumentarias, siguen otras costumbres y sostienen otras formas de concebir la moral, la pol\u00edtica y el derecho. A medida que se introducen aspectos novedosos en la cotidianidad y se mezclan modos de vida que estaban separados y claramente diferenciados emerge tambi\u00e9n un escenario de conflictos latentes conformado por un triple riesgo:<\/p>\n<ul>\n<li>\u201criesgo de que cada una de las comunidades culturales cancele, desde su interior, la libertad de sus propios individuos;<\/li>\n<li>riesgo tambi\u00e9n de que las comunidades de mayor fuerza y tradici\u00f3n cierren la posibilidad de desarrollo de las m\u00e1s d\u00e9biles;<\/li>\n<li>finalmente, de que la cultura nacional, que es el cemento que une a la sociedad m\u00e1s amplia, se debilite y llegue a la desintegraci\u00f3n total\u201d (<a href=\"http:\/\/dialnet.unirioja.es\/servlet\/articulo?codigo=579892\">Salmer\u00f3n 1996, 70).<\/a><\/li>\n<\/ul>\n<p>&nbsp;<\/p>\n<p>De estas palabras, acertadas sin duda en la descripci\u00f3n de los posibles escenarios, cabr\u00eda deducir una idea bastante com\u00fan de la que, sin embargo, conviene desprenderse pronto. A menudo se da por sentado que tanto unos como otros, poblaci\u00f3n aut\u00f3ctona e inmigrante, conforman grupos con n\u00edtidos perfiles socio-culturales. En unos y en otros lo habitual es, m\u00e1s bien, la presencia en su interior de minor\u00edas con diversos marcadores distintivos, m\u00e1s o menos numerosas y m\u00e1s o menos reconocidas. Las poblaciones receptoras, supuestamente homog\u00e9neas en su autorepresentaci\u00f3n (de acuerdo a poderosas ficciones identitarias), no lo son tanto en su efectiva configuraci\u00f3n. Tampoco los migrantes suelen conformar grandes grupos cerrados ni habitar en enclaves realmente monoculturales. Los procesos migratorios provocan cambios en todos e inducen siempre, aunque sea de forma asim\u00e9trica, una aculturaci\u00f3n rec\u00edproca. De ah\u00ed que resulte especialmente desenfocado plantear la cuesti\u00f3n como un conflicto entre la parte originaria de la poblaci\u00f3n y aquellos otros que recientemente se han sumado a la misma. Por esa pendiente podemos deslizarnos a terrenos indeseables.<\/p>\n<p>El uso y abuso del t\u00e9rmino \u00abcomunidades\u00bb, tan del gusto no s\u00f3lo de los comunitaristas, sino tambi\u00e9n de muchos multiculturalistas, puede inducir a pensar en su proliferaci\u00f3n. En realidad, y dado que los flujos que arriban a un pa\u00eds suelen tener procedencias diferentes y casi nunca conforman un \u00fanico bloque homog\u00e9neo, y aunque se registre una cierta tendencia hacia la concentraci\u00f3n residencial u ocupacional (los as\u00ed llamados <em>enclaves \u00e9tnicos<\/em>), o la creaci\u00f3n de asociaciones y redes \u00e9tnicas, las migraciones propician la multiplicaci\u00f3n y superposici\u00f3n de lenguas, religiones y costumbres a lo largo de la geograf\u00eda estatal. Los pr\u00e9stamos, las apropiaciones y los mestizajes culturales est\u00e1n tan al orden del d\u00eda que dif\u00edcilmente cabe se\u00f1alar grupos verdaderamente aislados e \u00abincontaminados\u00bb o al menos con v\u00ednculos internos fijos y lindes externas claramente definidas.<\/p>\n<p style=\"text-align: right;\">\u00a0<a href=\"https:\/\/www.madrimasd.org\/blogs\/migraciones\/2012\/12\/12\/131860\">\u00a0(contin\u00faa&#8230;)<\/a><\/p>\n<p>&nbsp;<\/p>\n<p>[Este &#8216;post&#8217; es un extracto de un art\u00edculo de Juan Carlos Velasco titulado <em><a href=\"http:\/\/www.academia.edu\/2018412\/Migraciones_y_diversidad_cultural_una_cuestion_de_derechos\">Migraciones y diversidad cultural, una cuesti\u00f3n de derechos<\/a><\/em><em>,<\/em> publicado en Javier Pe\u00f1a Echeverr\u00eda (ed.): \u00abInmigraci\u00f3n y derechos humanos\u00bb, Lex Nova, Valladolid, 2012, p\u00e1gs. 61-87]<\/p>\n","protected":false},"excerpt":{"rendered":"<p>&nbsp; Con el asentamiento de un n\u00famero significativo de inmigrantes se reabren en las sociedades de acogida viejos debates sobre la convivencia y la tolerancia intercultural. Con los flujos migratorios, especialmente con los de car\u00e1cter internacional, tiende a aumentar la diversidad \u00e9tnico-cultural en los pa\u00edses receptores. Aunque no son el \u00fanico factor de diversificaci\u00f3n cultural e identitaria en las sociedades contempor\u00e1neas, pues lo son tambi\u00e9n los mass media, los productos culturales globalizados o el turismo de masa, las migraciones suponen de ordinario la reorganizaci\u00f3n de las fronteras de los grupos \u00e9tnico-culturales (fijadas mediante procesos de autodefinici\u00f3n y heterodefinici\u00f3n) y de\u2026<\/p>\n","protected":false},"author":37,"featured_media":0,"comment_status":"open","ping_status":"open","sticky":false,"template":"","format":"standard","meta":{"ngg_post_thumbnail":0},"categories":[5294,1],"tags":[],"blocksy_meta":{"styles_descriptor":{"styles":{"desktop":"","tablet":"","mobile":""},"google_fonts":[],"version":4}},"aioseo_notices":[],"_links":{"self":[{"href":"https:\/\/www.madrimasd.org\/blogs\/migraciones\/wp-json\/wp\/v2\/posts\/131845"}],"collection":[{"href":"https:\/\/www.madrimasd.org\/blogs\/migraciones\/wp-json\/wp\/v2\/posts"}],"about":[{"href":"https:\/\/www.madrimasd.org\/blogs\/migraciones\/wp-json\/wp\/v2\/types\/post"}],"author":[{"embeddable":true,"href":"https:\/\/www.madrimasd.org\/blogs\/migraciones\/wp-json\/wp\/v2\/users\/37"}],"replies":[{"embeddable":true,"href":"https:\/\/www.madrimasd.org\/blogs\/migraciones\/wp-json\/wp\/v2\/comments?post=131845"}],"version-history":[{"count":19,"href":"https:\/\/www.madrimasd.org\/blogs\/migraciones\/wp-json\/wp\/v2\/posts\/131845\/revisions"}],"predecessor-version":[{"id":131927,"href":"https:\/\/www.madrimasd.org\/blogs\/migraciones\/wp-json\/wp\/v2\/posts\/131845\/revisions\/131927"}],"wp:attachment":[{"href":"https:\/\/www.madrimasd.org\/blogs\/migraciones\/wp-json\/wp\/v2\/media?parent=131845"}],"wp:term":[{"taxonomy":"category","embeddable":true,"href":"https:\/\/www.madrimasd.org\/blogs\/migraciones\/wp-json\/wp\/v2\/categories?post=131845"},{"taxonomy":"post_tag","embeddable":true,"href":"https:\/\/www.madrimasd.org\/blogs\/migraciones\/wp-json\/wp\/v2\/tags?post=131845"}],"curies":[{"name":"wp","href":"https:\/\/api.w.org\/{rel}","templated":true}]}}