{"id":132014,"date":"2013-01-08T09:34:57","date_gmt":"2013-01-08T08:34:57","guid":{"rendered":"http:\/\/www.madrimasd.org\/blogs\/migraciones\/?p=132014"},"modified":"2013-01-09T12:23:51","modified_gmt":"2013-01-09T11:23:51","slug":"fronteras-mas-que-simbolicas","status":"publish","type":"post","link":"https:\/\/www.madrimasd.org\/blogs\/migraciones\/2013\/01\/08\/132014","title":{"rendered":"Fronteras m\u00e1s que simb\u00f3licas"},"content":{"rendered":"<h4>Por <a href=\"http:\/\/www.cchs.csic.es\/es\/ficha1?apellido=Marcu%20&amp;nombre=Silvia%20Florentina\">Silvia Marcu<\/a> y Juan Carlos Velasco<\/h4>\n<p>&nbsp;<\/p>\n<p><a href=\"https:\/\/www.madrimasd.org\/blogs\/migraciones\/files\/2013\/01\/Frontex-1.jpeg\"><img decoding=\"async\" class=\"aligncenter\" title=\"Frontex 1\" src=\"https:\/\/www.madrimasd.org\/blogs\/migraciones\/files\/2013\/01\/Frontex-1.jpeg\" alt=\"\" width=\"291\" height=\"173\" \/><\/a><\/p>\n<p>Recientemente se ha publicado un amplio reportaje fotogr\u00e1fico titulado \u201cLas fronteras olvidadas\u201d (El Pa\u00eds Semanal, 2 de diciembre de 2012), obra de Guillermo Altares y Valerio Vincenzo, en donde se da cuenta de la desaparici\u00f3n de las viejas aduanas que exist\u00edan antes de la conformaci\u00f3n de la Uni\u00f3n Europea y que desaparecieron llev\u00e1ndose consigo viejos conflictos que hasta hace poco parec\u00edan insuperables.<!--more--><\/p>\n<p>Acompa\u00f1ando el reportaje, Jos\u00e9 Ignacio Torreblanca firma un art\u00edculo titulado \u201cEl ejemplo de Europa\u201d en donde celebra que Europa haya sido capaz de superar el tiempo de las fronteras. Mejor que las palabras, las fotograf\u00edas muestran \u201cfronteras que languidecen, fronteras oxidadas, fronteras olvidadas, fronteras abandonadas, fronteras de las que nadie se acuerda\u201d. Para quienes disfrutan del privilegio de la ciudadan\u00eda europea, ciertamente nunca fue tan accesible cruzar de un pa\u00eds a otro dentro de Europa.<\/p>\n<p>No obstante, tanto en el reportaje como en el art\u00edculo, se obvian algunas cuestiones no resueltas. No se menciona la <em>\u00faltima frontera de la UE<\/em>, situada entre Rumania-Moldavia y Ucrania, que entra\u00f1a memorias, heridas y sue\u00f1os parcialmente cumplidos, y cuyos ciudadanos pugnan por formar parte de Europa.<\/p>\n<p>Tampoco se menciona la <em>frontera simb\u00f3lica<\/em>, levantada por las pol\u00edticas europeas en el \u00e1mbito jur\u00eddico, que dejan fuera del espacio de libre movilidad laboral a miles de ciudadanos rumanos y b\u00falgaros en pa\u00edses comunitarios, como Reino Unido o Alemania, sin dejar de se\u00f1alar <a href=\"https:\/\/www.madrimasd.org\/blogs\/migraciones\/2006\/11\/02\/49093\">la moratoria aplicada en el mercado de trabajo espa\u00f1ol<\/a>, que les sit\u00faa en una tierra de nadie.Por ello, en tiempos dif\u00edciles debemos se\u00f1alar que y no olvidar que las fronteras han de ser \u201cderribadas\u201d por completo, y contempladas m\u00e1s que nunca como puente y apertura, que tengan el valor de unir sin discriminaci\u00f3n alguna a los 27 pa\u00edses y al conjunto de ciudadanos que forman parte de la UE.<\/p>\n<p><a href=\"https:\/\/www.madrimasd.org\/blogs\/migraciones\/files\/2013\/01\/Frontex-2.jpeg\"><img decoding=\"async\" class=\"alignleft size-full wp-image-132016\" title=\"Frontex 2\" src=\"https:\/\/www.madrimasd.org\/blogs\/migraciones\/files\/2013\/01\/Frontex-2.jpeg\" alt=\"\" width=\"80\" height=\"80\" \/><\/a>Es cierto que, con todo, las fronteras han desaparecido para millones de europeos, que gozan de libertad de circulaci\u00f3n en el interior de la UE. Sin embargo, las fronteras no han desaparecido, tan s\u00f3lo se han desplazado a los confines externos de esta original unidad pol\u00edtica. Eso lo saben bien los ciudadanos extracomunitarios, que se topan con la <em><a href=\"http:\/\/www.rebelion.org\/noticia.php?id=155733\">Fortaleza Europa<\/a><\/em>, de cuyo control se ocupa <a href=\"http:\/\/es.wikipedia.org\/wiki\/Frontex\">Frontex<\/a>, una agencia comunitaria especializada en el control de\u00a0las fronteras exteriores de la EU y\u00a0dotada cada vez con mayores recursos.<\/p>\n<p>Si como afirma Torreblanca, las fronteras son \u201cun monumento al fracaso, una celebraci\u00f3n de la estupidez, una representaci\u00f3n de la incapacidad de muchos seres humanos de convivir pac\u00edficamente, a pesar de sus diferentes or\u00edgenes, valores y creencias\u201d, <a href=\"https:\/\/www.madrimasd.org\/blogs\/migraciones\/2012\/06\/26\/131809\">\u00bfqu\u00e9 razones hay para seguir manteniendo las fronteras exteriores de Europa?<\/a><\/p>\n<p>&nbsp;<\/p>\n<h5><strong>Silvia Marcu, investigadora del CSIC, es autora del art\u00edculo <a href=\"http:\/\/arbor.revistas.csic.es\/index.php\/arbor\/article\/view\/1220\/1225\">\u00abFronteras de cristal de la inmigraci\u00f3n\u00bb<\/a> (Arbor, 2010)<\/strong><\/h5>\n<p>&nbsp;<\/p>\n","protected":false},"excerpt":{"rendered":"<p>Por Silvia Marcu y Juan Carlos Velasco &nbsp; Recientemente se ha publicado un amplio reportaje fotogr\u00e1fico titulado \u201cLas fronteras olvidadas\u201d (El Pa\u00eds Semanal, 2 de diciembre de 2012), obra de Guillermo Altares y Valerio Vincenzo, en donde se da cuenta de la desaparici\u00f3n de las viejas aduanas que exist\u00edan antes de la conformaci\u00f3n de la Uni\u00f3n Europea y que desaparecieron llev\u00e1ndose consigo viejos conflictos que hasta hace poco parec\u00edan insuperables.<\/p>\n","protected":false},"author":37,"featured_media":0,"comment_status":"open","ping_status":"open","sticky":false,"template":"","format":"standard","meta":{"ngg_post_thumbnail":0},"categories":[1,5292],"tags":[],"blocksy_meta":{"styles_descriptor":{"styles":{"desktop":"","tablet":"","mobile":""},"google_fonts":[],"version":4}},"aioseo_notices":[],"_links":{"self":[{"href":"https:\/\/www.madrimasd.org\/blogs\/migraciones\/wp-json\/wp\/v2\/posts\/132014"}],"collection":[{"href":"https:\/\/www.madrimasd.org\/blogs\/migraciones\/wp-json\/wp\/v2\/posts"}],"about":[{"href":"https:\/\/www.madrimasd.org\/blogs\/migraciones\/wp-json\/wp\/v2\/types\/post"}],"author":[{"embeddable":true,"href":"https:\/\/www.madrimasd.org\/blogs\/migraciones\/wp-json\/wp\/v2\/users\/37"}],"replies":[{"embeddable":true,"href":"https:\/\/www.madrimasd.org\/blogs\/migraciones\/wp-json\/wp\/v2\/comments?post=132014"}],"version-history":[{"count":13,"href":"https:\/\/www.madrimasd.org\/blogs\/migraciones\/wp-json\/wp\/v2\/posts\/132014\/revisions"}],"predecessor-version":[{"id":132051,"href":"https:\/\/www.madrimasd.org\/blogs\/migraciones\/wp-json\/wp\/v2\/posts\/132014\/revisions\/132051"}],"wp:attachment":[{"href":"https:\/\/www.madrimasd.org\/blogs\/migraciones\/wp-json\/wp\/v2\/media?parent=132014"}],"wp:term":[{"taxonomy":"category","embeddable":true,"href":"https:\/\/www.madrimasd.org\/blogs\/migraciones\/wp-json\/wp\/v2\/categories?post=132014"},{"taxonomy":"post_tag","embeddable":true,"href":"https:\/\/www.madrimasd.org\/blogs\/migraciones\/wp-json\/wp\/v2\/tags?post=132014"}],"curies":[{"name":"wp","href":"https:\/\/api.w.org\/{rel}","templated":true}]}}