{"id":132313,"date":"2013-12-18T11:11:14","date_gmt":"2013-12-18T10:11:14","guid":{"rendered":"http:\/\/www.madrimasd.org\/blogs\/migraciones\/?p=132313"},"modified":"2013-12-19T01:25:37","modified_gmt":"2013-12-19T00:25:37","slug":"la-condicion-migrante","status":"publish","type":"post","link":"https:\/\/www.madrimasd.org\/blogs\/migraciones\/2013\/12\/18\/132313","title":{"rendered":"La condici\u00f3n migrante"},"content":{"rendered":"<p><strong><br \/>\nEn el D\u00eda Internacional del Migrante*<\/strong><\/p>\n<p>&nbsp;<\/p>\n<blockquote><p>\u201cEl hombre no es un \u00e1rbol: carece de ra\u00edces, tiene pies, camina. Desde los tiempos del <em>homo erectus <\/em>circula en busca de pastos, de climas m\u00e1s benignos, de lugares en los que resguardarse de las inclemencias del tiempo y de la brutalidad de sus semejantes. El espacio convida al movimiento y se inscribe en un \u00e1mbito mucho m\u00e1s vasto y en continua expansi\u00f3n\u201d (<a href=\"http:\/\/elpais.com\/diario\/2004\/09\/24\/opinion\/1095976806_850215.html\">Goytisolo 2004<\/a>).<\/p>\n<p>&nbsp;<\/p>\n<p><a href=\"https:\/\/www.madrimasd.org\/blogs\/migraciones\/files\/2013\/12\/international_migrants_day.jpg\"><img decoding=\"async\" class=\"aligncenter size-medium wp-image-132331\" title=\"international_migrants_day\" src=\"https:\/\/www.madrimasd.org\/blogs\/migraciones\/files\/2013\/12\/international_migrants_day-300x169.jpg\" alt=\"\" width=\"300\" height=\"169\" srcset=\"https:\/\/www.madrimasd.org\/blogs\/migraciones\/files\/2013\/12\/international_migrants_day-300x169.jpg 300w, https:\/\/www.madrimasd.org\/blogs\/migraciones\/files\/2013\/12\/international_migrants_day.jpg 504w\" sizes=\"(max-width: 300px) 100vw, 300px\" \/><\/a><\/p><\/blockquote>\n<p><!--more-->El hecho de que haya un d\u00eda dedicado a los migrantes es una buena ocasi\u00f3n para pararse a reflexionar un momento sobre una situaci\u00f3n que es constitutiva del ser humano. Y hacerlo movidos no s\u00f3lo por un mero af\u00e1n especulativo, sino tambi\u00e9n por un objetivo pr\u00e1ctico. Se tratar\u00eda de fomentar un debate fundamentado en principios que lleve a garantizar mejor la protecci\u00f3n de los derechos de todos los migrantes, dondequiera que se encuentren y sea cual sea su situaci\u00f3n.<\/p>\n<p>El desplazamiento a lo largo y ancho del planeta en b\u00fasqueda de un entorno propicio en donde satisfacer sus necesidades b\u00e1sicas o en donde mejorar las condiciones de vida es \u201cuna cualidad innata\u201d de los seres humanos, una cualidad, que, como afirma <a href=\"http:\/\/arbor.revistas.csic.es\/index.php\/arbor\/article\/view\/1487\/1496\">Livi Bacci (2012, 10)<\/a>, \u201cha hecho posible la supervivencia de cazadores y recolectores, la dispersi\u00f3n de la especie en los continentes, la difusi\u00f3n de la agricultura, el asentamiento en espacios vac\u00edos, la integraci\u00f3n del mundo, la primera globalizaci\u00f3n del siglo XIX\u201d.<\/p>\n<p>Hoy, en 2013, la cifra de migrantes ha alcanzado un nuevo r\u00e9cord hist\u00f3rico: son <strong>232 millones de personas<\/strong>, un 3,2% de la poblaci\u00f3n mundial, las que residen fuera del pa\u00eds en que nacieron (cf. <a href=\"http:\/\/www.un.org\/en\/development\/desa\/news\/population\/number-of-international-migrants-rises.html\">UN DESA 2013<\/a>). Y en el caso concreto de Espa\u00f1a, son m\u00e1s de 5,5 millones de personas extranjeras las que residen en su territorio, un 12% de la poblaci\u00f3n total, mientras que 1,9 millones de espa\u00f1oles residen en el extranjero.<\/p>\n<p><a href=\"https:\/\/www.madrimasd.org\/blogs\/migraciones\/files\/2013\/12\/maleta1.jpg\"><img decoding=\"async\" class=\"aligncenter size-medium wp-image-132330\" title=\"maleta\" src=\"https:\/\/www.madrimasd.org\/blogs\/migraciones\/files\/2013\/12\/maleta1-300x166.jpg\" alt=\"\" width=\"300\" height=\"166\" srcset=\"https:\/\/www.madrimasd.org\/blogs\/migraciones\/files\/2013\/12\/maleta1-300x166.jpg 300w, https:\/\/www.madrimasd.org\/blogs\/migraciones\/files\/2013\/12\/maleta1.jpg 542w\" sizes=\"(max-width: 300px) 100vw, 300px\" \/><\/a><\/p>\n<p>Esa tendencia del ser humano a instalarse en nuevos lugares supone siempre una aventura que a veces, demasiadas siempre, se torna en una arriesgada empresa que incluye soledad, decepciones, angustias y, lo que es m\u00e1s grave, abusos e injusticias.<\/p>\n<p>Empatizar con el migrante es reconocerle que est\u00e1 hecho de la misma sustancia que nosotros. Es reconocer que en su situaci\u00f3n tambi\u00e9n podr\u00edamos estar nosotros mismos o nuestros hijos, como quiz\u00e1s tambi\u00e9n lo estuvieron en alg\u00fan momento alguno de nuestros antepasados. Ser migrante no es nada ajeno a nuestra condici\u00f3n. Serlo es un derecho b\u00e1sico. Migrar es, en definitiva,\u00a0<a href=\"https:\/\/www.madrimasd.org\/blogs\/migraciones\/2012\/06\/26\/131809\">un derecho humano<\/a>.<\/p>\n<p><strong><br \/>\n*<\/strong> La conmemoraci\u00f3n del <strong>D\u00eda Internacional del Migrante<\/strong> se estableci\u00f3 en 2000 por las Naciones Unidas. Era tambi\u00e9n una forma de refrendar la <a href=\"http:\/\/www2.ohchr.org\/spanish\/law\/cmw.htm\"><em>Convenci\u00f3n internacional sobre la protecci\u00f3n de los derechos de todos los trabajadores migratorios y de sus familiares<\/em><\/a>, que hab\u00eda sido adoptada diez a\u00f1os antes por la Asamblea General (en su resoluci\u00f3n 45\/158, de 18 de diciembre de 1990).<\/p>\n","protected":false},"excerpt":{"rendered":"<p>En el D\u00eda Internacional del Migrante* &nbsp; \u201cEl hombre no es un \u00e1rbol: carece de ra\u00edces, tiene pies, camina. Desde los tiempos del homo erectus circula en busca de pastos, de climas m\u00e1s benignos, de lugares en los que resguardarse de las inclemencias del tiempo y de la brutalidad de sus semejantes. El espacio convida al movimiento y se inscribe en un \u00e1mbito mucho m\u00e1s vasto y en continua expansi\u00f3n\u201d (Goytisolo 2004). &nbsp;<\/p>\n","protected":false},"author":37,"featured_media":0,"comment_status":"open","ping_status":"open","sticky":false,"template":"","format":"standard","meta":{"ngg_post_thumbnail":0},"categories":[1],"tags":[],"blocksy_meta":{"styles_descriptor":{"styles":{"desktop":"","tablet":"","mobile":""},"google_fonts":[],"version":4}},"aioseo_notices":[],"_links":{"self":[{"href":"https:\/\/www.madrimasd.org\/blogs\/migraciones\/wp-json\/wp\/v2\/posts\/132313"}],"collection":[{"href":"https:\/\/www.madrimasd.org\/blogs\/migraciones\/wp-json\/wp\/v2\/posts"}],"about":[{"href":"https:\/\/www.madrimasd.org\/blogs\/migraciones\/wp-json\/wp\/v2\/types\/post"}],"author":[{"embeddable":true,"href":"https:\/\/www.madrimasd.org\/blogs\/migraciones\/wp-json\/wp\/v2\/users\/37"}],"replies":[{"embeddable":true,"href":"https:\/\/www.madrimasd.org\/blogs\/migraciones\/wp-json\/wp\/v2\/comments?post=132313"}],"version-history":[{"count":14,"href":"https:\/\/www.madrimasd.org\/blogs\/migraciones\/wp-json\/wp\/v2\/posts\/132313\/revisions"}],"predecessor-version":[{"id":132321,"href":"https:\/\/www.madrimasd.org\/blogs\/migraciones\/wp-json\/wp\/v2\/posts\/132313\/revisions\/132321"}],"wp:attachment":[{"href":"https:\/\/www.madrimasd.org\/blogs\/migraciones\/wp-json\/wp\/v2\/media?parent=132313"}],"wp:term":[{"taxonomy":"category","embeddable":true,"href":"https:\/\/www.madrimasd.org\/blogs\/migraciones\/wp-json\/wp\/v2\/categories?post=132313"},{"taxonomy":"post_tag","embeddable":true,"href":"https:\/\/www.madrimasd.org\/blogs\/migraciones\/wp-json\/wp\/v2\/tags?post=132313"}],"curies":[{"name":"wp","href":"https:\/\/api.w.org\/{rel}","templated":true}]}}