{"id":14797,"date":"2006-03-04T18:40:00","date_gmt":"2006-03-04T18:40:00","guid":{"rendered":"http:\/\/weblogs.madrimasd.org\/\/migraciones\/archive\/2006\/03\/04\/14797.aspx"},"modified":"2006-03-04T18:40:00","modified_gmt":"2006-03-04T18:40:00","slug":"inmigracion-y-entorno-urbano","status":"publish","type":"post","link":"https:\/\/www.madrimasd.org\/blogs\/migraciones\/2006\/03\/04\/14797","title":{"rendered":"INMIGRACI\u00d3N Y ENTORNO URBANO"},"content":{"rendered":"<p align=\"justify\">Como se\u00f1alaba <em>El Roto<\/em> en una vi\u00f1eta aparecida en el <font style=\"BACKGROUND-COLOR: #ffffff\">&#8216;El Pa\u00eds&#8217; (11-11-2005): se tratar\u00eda de <strong><font color=\"#ff0000\">impedir que los <em>barrios dormitorios<\/em> acaben convirti\u00e9ndose en <em>barrios water<\/em><\/font><\/strong>.<\/font><\/p>\n<p align=\"justify\"><span style=\"FONT-FAMILY: Arial; mso-bidi-font-weight: bold\">&#8211; evitar situaciones de hacinamiento (el 19% de los inmigrantes vive en menos de 10 m2); casi la mitad vive en r\u00e9gimen de subarriendo. En algunos casos, se registra el fen\u00f3meno de las &#8216;camas calientes&#8217;.<\/span><\/p>\n<p align=\"justify\"><span style=\"FONT-FAMILY: Arial; mso-bidi-font-weight: bold\"><\/span><span style=\"FONT-FAMILY: Arial; mso-bidi-font-weight: bold\">&#8211; evitar la creaci\u00f3n de guetos: aunque \u00e9sta no es hasta el momento la tendencia en Espa\u00f1a, se ha de estar atentos, pues conocemos las negativas experiencias en otros pa\u00edses con una trayectoria m\u00e1s larga como pa\u00edses de inmigraci\u00f3n (v.gr. los banlieu en las afueras de muchas ciudades francesas).<span style=\"mso-spacerun: yes\">&nbsp;<\/span><\/span><\/p>\n<p align=\"justify\"><span style=\"FONT-FAMILY: Arial; mso-bidi-font-weight: bold\"><span style=\"mso-spacerun: yes\"><\/span><\/span><span style=\"mso-bidi-font-weight: bold\"><span style=\"mso-list: Ignore\">&#8211;<span style=\"FONT: 7pt 'Times New Roman'\">&nbsp;&nbsp;&nbsp;&nbsp;&nbsp;&nbsp;&nbsp;&nbsp; <\/span><\/span><\/span><span style=\"FONT-FAMILY: Arial; mso-bidi-font-weight: bold\">Nuestros centros abigarrados, a veces tan denostados, puede ser en estos casos un factor positivo, pues, en principio, <b>el urbanismo vertical favorece la integraci\u00f3n<\/b>. En otros lugares, se tiende excesivamente a crecer a lo ancho y los que llegan de fuera se instalan en zonas alejadas del centro de la ciudad (no como aqu\u00ed, v\u00e9ase Lavapi\u00e9s y Tetu\u00e1n).<span style=\"mso-spacerun: yes\">&nbsp;<\/span><\/span><\/p>\n","protected":false},"excerpt":{"rendered":"<p>Como se\u00f1alaba El Roto en una vi\u00f1eta aparecida en el &#8216;El Pa\u00eds&#8217; (11-11-2005): se tratar\u00eda de impedir que los barrios dormitorios acaben convirti\u00e9ndose en barrios water. &#8211; evitar situaciones de hacinamiento (el 19% de los inmigrantes vive en menos de 10 m2); casi la mitad vive en r\u00e9gimen de subarriendo. En algunos casos, se registra el fen\u00f3meno de las &#8216;camas calientes&#8217;. &#8211; evitar la creaci\u00f3n de guetos: aunque \u00e9sta no es hasta el momento la tendencia en Espa\u00f1a, se ha de estar atentos, pues conocemos las negativas experiencias en otros pa\u00edses con una trayectoria m\u00e1s larga como pa\u00edses de inmigraci\u00f3n\u2026<\/p>\n","protected":false},"author":37,"featured_media":0,"comment_status":"open","ping_status":"open","sticky":false,"template":"","format":"standard","meta":{"ngg_post_thumbnail":0},"categories":[1],"tags":[],"blocksy_meta":{"styles_descriptor":{"styles":{"desktop":"","tablet":"","mobile":""},"google_fonts":[],"version":4}},"aioseo_notices":[],"_links":{"self":[{"href":"https:\/\/www.madrimasd.org\/blogs\/migraciones\/wp-json\/wp\/v2\/posts\/14797"}],"collection":[{"href":"https:\/\/www.madrimasd.org\/blogs\/migraciones\/wp-json\/wp\/v2\/posts"}],"about":[{"href":"https:\/\/www.madrimasd.org\/blogs\/migraciones\/wp-json\/wp\/v2\/types\/post"}],"author":[{"embeddable":true,"href":"https:\/\/www.madrimasd.org\/blogs\/migraciones\/wp-json\/wp\/v2\/users\/37"}],"replies":[{"embeddable":true,"href":"https:\/\/www.madrimasd.org\/blogs\/migraciones\/wp-json\/wp\/v2\/comments?post=14797"}],"version-history":[{"count":0,"href":"https:\/\/www.madrimasd.org\/blogs\/migraciones\/wp-json\/wp\/v2\/posts\/14797\/revisions"}],"wp:attachment":[{"href":"https:\/\/www.madrimasd.org\/blogs\/migraciones\/wp-json\/wp\/v2\/media?parent=14797"}],"wp:term":[{"taxonomy":"category","embeddable":true,"href":"https:\/\/www.madrimasd.org\/blogs\/migraciones\/wp-json\/wp\/v2\/categories?post=14797"},{"taxonomy":"post_tag","embeddable":true,"href":"https:\/\/www.madrimasd.org\/blogs\/migraciones\/wp-json\/wp\/v2\/tags?post=14797"}],"curies":[{"name":"wp","href":"https:\/\/api.w.org\/{rel}","templated":true}]}}