{"id":14824,"date":"2006-03-05T22:43:00","date_gmt":"2006-03-05T22:43:00","guid":{"rendered":"http:\/\/weblogs.madrimasd.org\/\/migraciones\/archive\/2006\/03\/05\/14824.aspx"},"modified":"2006-03-05T22:43:00","modified_gmt":"2006-03-05T22:43:00","slug":"holanda-un-modelo-de-integracion-en-crisis","status":"publish","type":"post","link":"https:\/\/www.madrimasd.org\/blogs\/migraciones\/2006\/03\/05\/14824","title":{"rendered":"HOLANDA: Un modelo de integraci\u00f3n en crisis"},"content":{"rendered":"<h2><font face=\"Arial\" size=\"2\">ISABEL FERRER &nbsp;&#8211;&nbsp; La Haya<\/font><\/h2>\n<p><font face=\"Arial\" size=\"2\">EL PA\u00cdS &nbsp;&#8211;&nbsp; Internacional &#8211; 05-03-2006<\/font><\/p>\n<h2 align=\"justify\"><em><font size=\"2\">La creciente brecha social entre la poblaci\u00f3n aut\u00f3ctona e inmigrante en Holanda pone en duda las pol\u00edticas multiculturales<\/font><\/em><\/h2>\n<p align=\"justify\">Ninguno de los partidos pol\u00edticos holandeses que acudir\u00e1 a las elecciones municipales, el pr\u00f3ximo 7 de marzo, menciona en sus programas para las 30 ciudades m\u00e1s grandes del pa\u00eds el elevado \u00edndice de paro de la comunidad inmigrante. Y ello a pesar de que la Oficina Central de Estad\u00edstica alert\u00f3 a finales de enero de que un 40% de estos j\u00f3venes, entre 18 y 23 a\u00f1os, est\u00e1 desempleado. El departamento a\u00f1ad\u00eda que la poblaci\u00f3n aut\u00f3ctona tiene cada vez menos trato con sus vecinos de origen turco y marroqu\u00ed. Una brecha social que, seg\u00fan el Consejo para el Desarrollo Social, no podr\u00e1n cerrar las iniciativas multiculturales que suelen resaltar los aspectos \u00e9tnicos de cada grupo. S\u00f3lo la inversi\u00f3n en planes educativos y de empleo recobrar\u00edan algo la situaci\u00f3n actual.<\/p>\n<p align=\"justify\">\u00abConocido no es sin\u00f3nimo de apreciado\u00bb, concluy\u00f3 el Consejo para el Desarrollo Social en un informe reci\u00e9n remitido al Ministerio de Inmigraci\u00f3n e Integraci\u00f3n. La promoci\u00f3n de almuerzos en la calle, fiestas c\u00edvicas o partidos de f\u00fatbol no mejora la imagen que los ciudadanos aut\u00f3ctonos tienen de los inmigrantes. O viceversa. \u00abLa convivencia es efectiva siempre que lo \u00e9tnico no sea el punto de partida. Hay que buscar intereses comunes entre los ciudadanos. Adem\u00e1s de reducir distancias econ\u00f3micas y sociales\u00bb, se\u00f1ala el trabajo.<\/p>\n<p align=\"justify\">Poco antes de recibirlo, Rita Verdonk, titular de Inmigraci\u00f3n, se\u00f1al\u00f3 que el Ejecutivo (una coalici\u00f3n de centro-derecha formada por la democracia cristiana y dos partidos liberales) ya a\u00f1adi\u00f3 a finales del pasado a\u00f1o 75 millones de euros a la recuperaci\u00f3n de alumnos fracasados -en su mayor\u00eda de origen inmigrante- en la formaci\u00f3n profesional. No har\u00edan falta, por tanto, nuevos desembolsos para reducir el paro de este grupo.<\/p>\n<p align=\"justify\">Verdonk reconoce que los primeros en sufrir discriminaciones son los aspirantes no aut\u00f3ctonos. Pero prefiere favorecer la integraci\u00f3n a trav\u00e9s del idioma y la asunci\u00f3n de las normas y valores holandeses. Sus ex\u00e1menes de lengua, cultura y sociedad pensados para los solicitantes de un permiso de residencia son un claro ejemplo. A punto de entrar en vigor el pr\u00f3ximo 15 de marzo, ser\u00e1n efectuados en las embajadas de Holanda en el extranjero. Equipadas con un sistema cibern\u00e9tico de reconocimiento de la voz para la prueba oral, y de ordenadores corrientes para el escrito, all\u00ed deber\u00e1n acudir los inmigrantes que busquen un futuro en los Pa\u00edses Bajos.<\/p>\n<p align=\"justify\">Los gastos corren de su cuenta, y la idea de Verdonk es doble. Por un lado, espera que los viajeros comprendan mejor la tierra a la que acuden y respeten sus costumbres. El manejo del holand\u00e9s les ayudar\u00e1 a integrarse. El otro objetivo tal vez sea menos digno de alabanza, aunque igualmente leg\u00edtimo. La ministra supone que esta primera barrera puede desanimar a muchos a intentar la aventura holandesa.<\/p>\n<p align=\"justify\">Han Noten, senador socialdem\u00f3crata holand\u00e9s, prefiere centrarse en realidades tangibles. De la lectura del informe de Estad\u00edstica ha subrayado un dato que le parece muy duro. Apunta que las segundas generaciones de inmigrantes, nacidas y criadas en Holanda, se sienten menos en casa aqu\u00ed que sus padres. \u00abCuanto m\u00e1s saben, m\u00e1s se irritan. No ascienden, ni en los estudios ni en el trabajo. Por eso es fundamental mejorar sus expectativas laborales\u00bb, ha dicho.<\/p>\n<p align=\"justify\">En su opini\u00f3n, se habla mucho m\u00e1s del velo femenino, o bien de medidas antiterroristas, que de la integraci\u00f3n de los inmigrantes. Abdelhale Adlj, un techador de 35 a\u00f1os, lo sabe bien. En paro desde 2003, acab\u00f3 firmando una de sus m\u00faltiples solicitudes de empleo con el nombre ficticio de Erik. \u00abMe llamaron a la primera\u00bb, asegura.<\/p>\n<p align=\"justify\">En Inmigraci\u00f3n admiten que muchos patrones son reticentes a la hora de contratar j\u00f3venes con apellidos que suenen \u00e1rabes. \u00abPuede que hayan tenido una mala experiencia en el pasado y teman correr riesgos inexistente\u00bb, se\u00f1alan dichas fuentes. En c\u00edrculos diplom\u00e1ticos turcos se a\u00f1ade otro testimonio. \u00abNuestros inmigrantes y los de Marruecos llevan en Holanda 40 a\u00f1os. Pero s\u00f3lo ahora se habla de integraci\u00f3n\u00bb.<\/p>\n<p align=\"justify\">Es cierto que los prejuicios pol\u00edticos se impusieron en el pasado a la l\u00f3gica de la presencia de trabajadores temporeros. Aunque tra\u00edan a sus familias en lugar de regresar a su tierra, integraci\u00f3n era casi sin\u00f3nimo de racismo. El vac\u00edo dejado por la falta de planes oficiales, y del di\u00e1logo intercultural ahora tan en boga convirti\u00f3 el asunto en uno de los m\u00e1s inc\u00f3modos de la pol\u00edtica nacional. La famosa tolerancia holandesa acab\u00f3 en indiferencia.<\/p>\n<p align=\"justify\">Por eso ministras como Rita Verdonk, que presenta proyectos muy concretos sobre la repatriaci\u00f3n de los <i>sin papeles<\/i> son muy populares. Aunque a veces tambi\u00e9n se escalda. Como ahora, con Ta\u00efda Pasic, una joven kosovar de 18 a\u00f1os, que desea terminar la secundaria en Holanda, a pesar de que regres\u00f3 en su d\u00eda a su tierra con su familia al rechazarse su demanda de asilo. A su vuelta en solitario a Winterswijk (este del pa\u00eds), la ministra la sac\u00f3 del colegio y la intern\u00f3 en un centro para inmigrantes a punto de devoluci\u00f3n. Los tribunales ordenaron su puesta en libertad.<\/p>\n<p align=\"justify\">El Parlamento y la calle se preguntaron si tanta rudeza era necesaria. La chica hab\u00eda pedido regresar en dos ocasiones anteriores. Sin \u00e9xito. Entonces recurri\u00f3 a un visado franc\u00e9s de turista. Un fraude, seg\u00fan la ministra. Pasic tiene 28 d\u00edas para abandonar Holanda sin su t\u00edtulo escolar, pero ha apelado dicha orden. El Parlamento ha vuelto a preguntar si cabe una soluci\u00f3n, y la ciudadan\u00eda est\u00e1 dividida. La mitad de los holandeses cree que debe marchar. El resto, que acabe el colegio en paz.<\/p>\n<p align=\"justify\">En otras ocasiones, sin embargo, no es la imagen del Gobierno la que sale malparada. El centenar largo de adolescentes de origen marroqu\u00ed que alborotan en algunos barrios de Amsterdam invalidan sus demandas de integraci\u00f3n. El alcalde, Job Cohen, prefiere subrayar los esfuerzos de su propia comunidad por ayudarles. El primer ministro, Jan Peter Balkenende, le ha dado un toque m\u00e1s pol\u00edtico al asunto. Tras alabar \u00abla mesura de las organizaciones musulmanas ante la pol\u00e9mica de las caricaturas de Mahoma\u00bb, ha pedido su voto en los pr\u00f3ximos comicios locales.<\/p>\n","protected":false},"excerpt":{"rendered":"<p>ISABEL FERRER &nbsp;&#8211;&nbsp; La Haya EL PA\u00cdS &nbsp;&#8211;&nbsp; Internacional &#8211; 05-03-2006 La creciente brecha social entre la poblaci\u00f3n aut\u00f3ctona e inmigrante en Holanda pone en duda las pol\u00edticas multiculturales Ninguno de los partidos pol\u00edticos holandeses que acudir\u00e1 a las elecciones municipales, el pr\u00f3ximo 7 de marzo, menciona en sus programas para las 30 ciudades m\u00e1s grandes del pa\u00eds el elevado \u00edndice de paro de la comunidad inmigrante. Y ello a pesar de que la Oficina Central de Estad\u00edstica alert\u00f3 a finales de enero de que un 40% de estos j\u00f3venes, entre 18 y 23 a\u00f1os, est\u00e1 desempleado. El departamento a\u00f1ad\u00eda\u2026<\/p>\n","protected":false},"author":37,"featured_media":0,"comment_status":"open","ping_status":"open","sticky":false,"template":"","format":"standard","meta":{"ngg_post_thumbnail":0},"categories":[1],"tags":[],"blocksy_meta":{"styles_descriptor":{"styles":{"desktop":"","tablet":"","mobile":""},"google_fonts":[],"version":4}},"aioseo_notices":[],"_links":{"self":[{"href":"https:\/\/www.madrimasd.org\/blogs\/migraciones\/wp-json\/wp\/v2\/posts\/14824"}],"collection":[{"href":"https:\/\/www.madrimasd.org\/blogs\/migraciones\/wp-json\/wp\/v2\/posts"}],"about":[{"href":"https:\/\/www.madrimasd.org\/blogs\/migraciones\/wp-json\/wp\/v2\/types\/post"}],"author":[{"embeddable":true,"href":"https:\/\/www.madrimasd.org\/blogs\/migraciones\/wp-json\/wp\/v2\/users\/37"}],"replies":[{"embeddable":true,"href":"https:\/\/www.madrimasd.org\/blogs\/migraciones\/wp-json\/wp\/v2\/comments?post=14824"}],"version-history":[{"count":0,"href":"https:\/\/www.madrimasd.org\/blogs\/migraciones\/wp-json\/wp\/v2\/posts\/14824\/revisions"}],"wp:attachment":[{"href":"https:\/\/www.madrimasd.org\/blogs\/migraciones\/wp-json\/wp\/v2\/media?parent=14824"}],"wp:term":[{"taxonomy":"category","embeddable":true,"href":"https:\/\/www.madrimasd.org\/blogs\/migraciones\/wp-json\/wp\/v2\/categories?post=14824"},{"taxonomy":"post_tag","embeddable":true,"href":"https:\/\/www.madrimasd.org\/blogs\/migraciones\/wp-json\/wp\/v2\/tags?post=14824"}],"curies":[{"name":"wp","href":"https:\/\/api.w.org\/{rel}","templated":true}]}}