{"id":15809,"date":"2006-03-14T10:07:00","date_gmt":"2006-03-14T10:07:00","guid":{"rendered":"http:\/\/weblogs.madrimasd.org\/\/migraciones\/archive\/2006\/03\/14\/15809.aspx"},"modified":"2006-03-14T10:07:00","modified_gmt":"2006-03-14T10:07:00","slug":"por-una-politica-comun-europea-de-inmigracion","status":"publish","type":"post","link":"https:\/\/www.madrimasd.org\/blogs\/migraciones\/2006\/03\/14\/15809","title":{"rendered":"Por una pol\u00edtica com\u00fan europea de inmigraci\u00f3n"},"content":{"rendered":"<p style=\"TEXT-ALIGN: justify\"><span class=\"rvts9\"><span style=\"COLOR: blue; FONT-FAMILY: 'Times New Roman'\">Millones&nbsp;de hispanos residentes en los&nbsp;Estados Unidos se movilizaron&nbsp;el 1 de mayo contra una propuesta parlamentaria de origen republicano que criminaliza la inmigraci\u00f3n clandestina. En la Uni\u00f3n Europea tambi\u00e9n la tendencia es al endurecimiento. La segunda ley Sarkozy, en principio adoptada por el Parlamento a primeros de junio, privilegia a los inmigrantes diplomados, hace obligatoria la firma de \u201cun contrato de acogida de integraci\u00f3n\u201d, abroga el derecho a la regularizaci\u00f3n de los clandestinos de m\u00e1s de diez a\u00f1os y restringe el reagrupamiento familiar, los matrimonios mixtos y la nacionalizaci\u00f3n. Varios pa\u00edses vecinos van en el mismo sentido y su pol\u00edtica se afirma en el marco de \u201cmodelos\u201d de inmigraci\u00f3n y de integraci\u00f3n diversa, como este, espec\u00edfico, de Alemania. <\/span><\/span><span style=\"COLOR: blue\"><?xml:namespace prefix = o ns = \"urn:schemas-microsoft-com:office:office\" \/><o:p><\/o:p><\/span><\/p>\n<p align=\"justify\">En la actualidad, la cuesti\u00f3n de la inmigraci\u00f3n se halla en el centro de las preocupaciones pol\u00edticas de todos los responsables europeos. Siempre que Europa decide abordar este problema se re\u00fanen los ministros del Interior como si la inmigraci\u00f3n se considerara un peligro para la seguridad de los ciudadanos, una amenaza de invasi\u00f3n a sus mismas puertas. En este momento ha sido Nicolas Sarkozy, ministro del Interior y candidato a la presidencia francesa, quien acaba de proponer un nuevo arsenal de leyes sobre la inmigraci\u00f3n. Habla de acabar con \u00abla inmigraci\u00f3n padecida para sustituirla por una inmigraci\u00f3n elegida\u00bb tratando de atraer a esta pol\u00edtica a los ministros del Interior italiano, espa\u00f1ol y muchos otros. <\/p>\n<p>Por otra parte, estudios solventes a cargo de economistas y soci\u00f3logos nos dicen que la Europa del 2012 necesitar\u00e1 diez millones de inmigrados para seguir funcionando y tambi\u00e9n pagando las pensiones de los jubilados, cuya esperanza de vida no deja de aumentar. <\/p>\n<p>Hace treinta a\u00f1os no se hablaba de inmigraci\u00f3n y a\u00fan menos del islam. Actualmente, y sobre todo desde el 11-S, suelen amalgamarse ambos como si el <i>mal <\/i>proviniera de esta poblaci\u00f3n escasa o nada integrada. Tal amalgama ha sido tan enconada que se ha hablado de inmigraci\u00f3n a prop\u00f3sito de la revuelta de los j\u00f3venes de las barriadas francesas en el pasado mes de noviembre. Se trata de j\u00f3venes franceses que se rebelaron porque su pa\u00eds -Francia- los ignoraba. El hecho de que sus padres sean inmigrados no los convierte en inmigrados. A ello se debe -m\u00e1s que nunca- que Europa tenga que tomar conciencia de este problema sin mezclar ni confundir con sus padres a los hijos nacidos en su suelo, que poseen la nacionalidad europea. Es hora, trat\u00e1ndose de estos padres desamparados y desenga\u00f1ados y de los futuros inmigrados, de que Europa -toda Europa- dise\u00f1e una nueva pol\u00edtica, una pol\u00edtica com\u00fan para la inmigraci\u00f3n susceptible de a\u00f1adirse a una pol\u00edtica de cooperaci\u00f3n entre el Norte y el Sur. \u00a1Piadosos deseos! Constatamos d\u00eda a d\u00eda la tendencia hacia los conflictos y el enfrentamiento entre culturas. <\/p>\n<p>Es menester que responsables pol\u00edticos y sociales con una visi\u00f3n del futuro basada en el respeto y la dignidad tracen urgentemente las l\u00edneas de esta nueva pol\u00edtica. Se tendr\u00e1n que entablar negociaciones entre los pa\u00edses europeos y los que poseen poblaci\u00f3n candidata a la inmigraci\u00f3n, barriendo de su \u00e1nimo y disposici\u00f3n todo aquello que recuerde los h\u00e1bitos coloniales y los prejuicios que esconde un racismo sutil. Se quiera o no, los europeos no vivir\u00e1n en una isla; habr\u00e1n de mezclarse y conocer otras culturas, otras maneras de vivir y abrigar esperanzas. <\/p>\n<p>Se tratar\u00e1 de aprender a convivir, de aceptar al otro para que pueda, a su vez, aceptar las leyes y costumbres de estos pa\u00edses. Sin esta pedagog\u00eda cotidiana, humilde y sincera, sin esta voluntad de igualdad en el trato y de respeto a los derechos y los deberes, sin esta determinaci\u00f3n a acabar con la herencia colonial, Europa cometer\u00e1 un grave error si sigue improvisando las pol\u00edticas de inmigraci\u00f3n, basadas todas ellas en la preocupaci\u00f3n por la seguridad, la rentabilidad y el ego\u00edsmo. Circunstancia que no puede menos que favorecer el extremismo religioso, convertido en refugio identitario. <\/p>\n","protected":false},"excerpt":{"rendered":"<p>Millones&nbsp;de hispanos residentes en los&nbsp;Estados Unidos se movilizaron&nbsp;el 1 de mayo contra una propuesta parlamentaria de origen republicano que criminaliza la inmigraci\u00f3n clandestina. En la Uni\u00f3n Europea tambi\u00e9n la tendencia es al endurecimiento. La segunda ley Sarkozy, en principio adoptada por el Parlamento a primeros de junio, privilegia a los inmigrantes diplomados, hace obligatoria la firma de \u201cun contrato de acogida de integraci\u00f3n\u201d, abroga el derecho a la regularizaci\u00f3n de los clandestinos de m\u00e1s de diez a\u00f1os y restringe el reagrupamiento familiar, los matrimonios mixtos y la nacionalizaci\u00f3n. Varios pa\u00edses vecinos van en el mismo sentido y su pol\u00edtica se\u2026<\/p>\n","protected":false},"author":37,"featured_media":0,"comment_status":"open","ping_status":"open","sticky":false,"template":"","format":"standard","meta":{"ngg_post_thumbnail":0},"categories":[1],"tags":[],"blocksy_meta":{"styles_descriptor":{"styles":{"desktop":"","tablet":"","mobile":""},"google_fonts":[],"version":4}},"aioseo_notices":[],"_links":{"self":[{"href":"https:\/\/www.madrimasd.org\/blogs\/migraciones\/wp-json\/wp\/v2\/posts\/15809"}],"collection":[{"href":"https:\/\/www.madrimasd.org\/blogs\/migraciones\/wp-json\/wp\/v2\/posts"}],"about":[{"href":"https:\/\/www.madrimasd.org\/blogs\/migraciones\/wp-json\/wp\/v2\/types\/post"}],"author":[{"embeddable":true,"href":"https:\/\/www.madrimasd.org\/blogs\/migraciones\/wp-json\/wp\/v2\/users\/37"}],"replies":[{"embeddable":true,"href":"https:\/\/www.madrimasd.org\/blogs\/migraciones\/wp-json\/wp\/v2\/comments?post=15809"}],"version-history":[{"count":0,"href":"https:\/\/www.madrimasd.org\/blogs\/migraciones\/wp-json\/wp\/v2\/posts\/15809\/revisions"}],"wp:attachment":[{"href":"https:\/\/www.madrimasd.org\/blogs\/migraciones\/wp-json\/wp\/v2\/media?parent=15809"}],"wp:term":[{"taxonomy":"category","embeddable":true,"href":"https:\/\/www.madrimasd.org\/blogs\/migraciones\/wp-json\/wp\/v2\/categories?post=15809"},{"taxonomy":"post_tag","embeddable":true,"href":"https:\/\/www.madrimasd.org\/blogs\/migraciones\/wp-json\/wp\/v2\/tags?post=15809"}],"curies":[{"name":"wp","href":"https:\/\/api.w.org\/{rel}","templated":true}]}}