{"id":16498,"date":"2006-03-23T11:26:00","date_gmt":"2006-03-23T11:26:00","guid":{"rendered":"http:\/\/weblogs.madrimasd.org\/\/migraciones\/archive\/2006\/03\/23\/16498.aspx"},"modified":"2006-03-23T11:26:00","modified_gmt":"2006-03-23T11:26:00","slug":"participacion-politica-de-los-inmigrantes-e-integracion-social","status":"publish","type":"post","link":"https:\/\/www.madrimasd.org\/blogs\/migraciones\/2006\/03\/23\/16498","title":{"rendered":"Participaci\u00f3n pol\u00edtica de los inmigrantes e integraci\u00f3n social"},"content":{"rendered":"<p align=\"justify\"><font face=\"Arial\" size=\"1\">Se reproducen a continuaci\u00f3n dos comentarios emitidos por sendos lectores <\/font><font face=\"Arial\" size=\"1\"><font color=\"#000000\">al mensaje<\/font> <A href=\"http:\/\/weblogs.madrimasd.org\/migraciones\/archive\/2006\/03\/15\/16034.aspx\">El derecho de voto de los inmigrantes<\/a>&nbsp;que, por&nbsp;las visiones diversas que ofrecen, pero en gran parte complementarias,&nbsp;nos permiten seguir reflexionando sobre la posible relaci\u00f3n entre la extensi\u00f3n de&nbsp;los derechos de participaci\u00f3n pol\u00edtica&nbsp;a los inmigrantes y la profundizaci\u00f3n de la integraci\u00f3n social.<\/font><\/p>\n<p align=\"justify\"><font face=\"Arial\" size=\"1\">1\u00ba) He aqu\u00ed&nbsp;el comentario <font color=\"#000000\">de <\/font><a id=\"Comments\" href=\"\/migraciones\/admin\/jlizaga@yahoo.es\" target=\"_blank\"><font face=\"Arial\" color=\"#000000\" size=\"1\">Jos\u00e9 Luis L\u00f3pez de Lizaga<\/font><\/a>&nbsp;(23-03-2006):<\/font><\/p>\n<p align=\"justify\"><font face=\"Arial\" size=\"2\">Quienes estamos de acuerdo con el \u00faltimo proceso de regularizaci\u00f3n, tambi\u00e9n debemos estarlo con la extensi\u00f3n de los derechos de participaci\u00f3n pol\u00edtica a los inmigrantes. Pero quiz\u00e1s esta ampliaci\u00f3n de derechos deber\u00eda acompa\u00f1arse de otras medidas, que favorezcan una integraci\u00f3n real de estas personas en la cultura (y en la cultura pol\u00edtica) del pa\u00eds.<\/font><\/p>\n<p align=\"justify\"><font face=\"Arial\" size=\"2\">Esta cuesti\u00f3n suscita desde hace tiempo muchas discusiones en Alemania, porque quienes defienden la integraci\u00f3n cultural de los inmigrantes parecen hacerlo en nombre de una \u00abcultura predominante\u00bb o \u00abcultura conductora\u00bb&nbsp;(<em>Leitkultur<\/em>, la llaman all\u00ed) que ser\u00eda la alemana, y que deja fuera otras tradiciones y formas de vida (y, en particular, aquellas que traen consigo los inmigrantes). Y as\u00ed, se oculta bastante chauvinismo bajo la aparente preocupaci\u00f3n por un acceso real de los inmigrantes a la cultura del pa\u00eds de acogida. Por otro lado, \u00bfno podr\u00edan producirse muchas manipulaciones pol\u00edticas, si obtuviesen derechos de participaci\u00f3n pol\u00edtica grupos de poblaci\u00f3n que en muchos casos encuentran barreras que les impiden formar parte realmente de la sociedad civil?<\/font><\/p>\n<p><font size=\"1\"><font face=\"Arial\"> <\/p>\n<p class=\"normalweb9\" style=\"MARGIN: 0cm 0cm 11.25pt; TEXT-ALIGN: justify\"><strong><span style=\"FONT-SIZE: 9pt; COLOR: black; FONT-FAMILY: 'Comic Sans MS'; mso-bidi-font-family: 'Courier New'\">Breve glosa:<\/span><\/strong><span style=\"FONT-SIZE: 9pt; COLOR: black; FONT-FAMILY: 'Comic Sans MS'; mso-bidi-font-family: 'Courier New'\"> En primer lugar, hay buenas razones para apoyar la regularizaci\u00f3n de los inmigrantes indocumentados, pues lejos de ser una amnist\u00eda encubierta o una medida incentivadora, trata de reducir la ilegalidad, fomentar el pago de impuestos y contribuciones a la seguridad social, as\u00ed como&nbsp;evitar -y esto quiz\u00e1s sea lo m\u00e1s importante- una subcultura de marginados como la de los guetos argelinos&nbsp;en Francia. En segundo lugar, y yendo al n\u00facleo del comentario de Jos\u00e9 Luis L\u00f3pez, la participaci\u00f3n en la deliberaci\u00f3n pol\u00edtica -esencial en cualquier democracia digna de ese nombre-&nbsp;resulta factible en la pr\u00e1ctica tan s\u00f3lo si los participantes se entienden y tienen un m\u00ednimo de confianza mutua. Para ello no es imprescindible&nbsp;que se comparta una misma religi\u00f3n, un mismo estilo de vida o una misma ideolog\u00eda pol\u00edtica, pero, sin duda, ese entendimiento m\u00ednimo&nbsp;se promueve y se facilita enormemente cuando todos comparten una lengua com\u00fan. En caso contrario, la exclusi\u00f3n social y la manipulaci\u00f3n ser\u00e1n pr\u00e1ctica corriente (JCV).<\/span><span style=\"FONT-SIZE: 9pt; FONT-FAMILY: 'Comic Sans MS'; mso-bidi-font-family: 'Courier New'\"><?xml:namespace prefix = o ns = \"urn:schemas-microsoft-com:office:office\" \/><o:p><\/o:p><\/span><\/p>\n<p><\/font><\/font> <\/p>\n<p align=\"justify\"><font size=\"1\"><font face=\"Arial\"><\/font><\/font>&nbsp;<\/p>\n<p align=\"justify\"><font size=\"1\"><font face=\"Arial\">2<\/font><\/font><font size=\"1\"><font face=\"Arial\">\u00ba) A continuaci\u00f3n, el comentario&nbsp;remitido por&nbsp;<u>Enrique G\u00f3mez <\/u>(23-03-2006):<\/font><\/font><\/p>\n<p align=\"justify\"><font size=\"1\"><font color=\"#000000\"><font face=\"Arial\" size=\"2\">No he conseguido llegar a ninguna conclusi\u00f3n. O mejor dicho he conseguido llegar a varias conclusiones contradictorias entre s\u00ed dependiendo del lugar en que me posiciono. <br \/>Creo que hay que dejar un poco aparte el tema de la integraci\u00f3n a la hora de plantearse el del derecho al voto de los inmigrantes. En Europa la integraci\u00f3n que preocupa no es exactamente la de los inmigrantes sino la de aquellos que en propia persona o por ser segunda o tercera generaci\u00f3n de un inicial inmigrante han conseguido la ciudadan\u00eda y tienen por tanto reconocido el derecho a la participaci\u00f3n pol\u00edtica. Por lo tanto se deduce que la integraci\u00f3n no viene de la participaci\u00f3n pero si pienso que \u00e9sta es necesaria para que aquella se produzca. <br \/>A pesar de que en general hay muchos aspectos por los que opino deber\u00edan poder votar, hay otros que me inquietan. Distinguir\u00eda entre dos tipos de inmigrantes. Aquellos cuyo objetivo es la permanencia estable en el pa\u00eds y aquellos que son ciudadanos coyunturales pero que piensan en breve volver a sus pa\u00edses de origen. <br \/>Los primeros, que yo identificar\u00eda con los nacionalizados o con aquellos, que no queriendo cambiar de nacionalidad, tienen un permiso de residencia permanente, tendr\u00edan para mi un derecho incuestionable a la participaci\u00f3n pol\u00edtica en todos los \u00e1mbitos, municipal, auton\u00f3mico y estatal e incluso comunitario (UE). \u00bfExiste objetivamente diferencia entre un derecho y otro? <br \/>Los segundos, aquellos con permiso de residencia temporal (esta distinci\u00f3n ser\u00eda solo por razones pr\u00e1cticas, \u00bfc\u00f3mo saber qui\u00e9n tiene verdadera vocaci\u00f3n de permanencia?), deber\u00edan tener limitados sus derechos por cuanto su inter\u00e9s temporal por el pa\u00eds podr\u00eda, no solo manipularse, (\u00bfqui\u00e9n no est\u00e1 manipulado?), sino llevar a conclusiones contrarias a la supervivencia futura del pa\u00eds, recogiendo propuestas interesantes por su inmediatez pero posiblemente peligrosas para el futuro. <br \/>Ya se que es el miedo y no la certeza de tener raz\u00f3n el que ha destilado esta idea, pero \u00bfQu\u00e9 ser\u00eda de nosotros sin nuestros miedos? o mejor \u00bfQu\u00e9 ser\u00edamos sin nuestros miedos?<\/font><\/p>\n<p><\/font><\/font><\/p>\n","protected":false},"excerpt":{"rendered":"<p>Se reproducen a continuaci\u00f3n dos comentarios emitidos por sendos lectores al mensaje El derecho de voto de los inmigrantes&nbsp;que, por&nbsp;las visiones diversas que ofrecen, pero en gran parte complementarias,&nbsp;nos permiten seguir reflexionando sobre la posible relaci\u00f3n entre la extensi\u00f3n de&nbsp;los derechos de participaci\u00f3n pol\u00edtica&nbsp;a los inmigrantes y la profundizaci\u00f3n de la integraci\u00f3n social. 1\u00ba) He aqu\u00ed&nbsp;el comentario de Jos\u00e9 Luis L\u00f3pez de Lizaga&nbsp;(23-03-2006): Quienes estamos de acuerdo con el \u00faltimo proceso de regularizaci\u00f3n, tambi\u00e9n debemos estarlo con la extensi\u00f3n de los derechos de participaci\u00f3n pol\u00edtica a los inmigrantes. Pero quiz\u00e1s esta ampliaci\u00f3n de derechos deber\u00eda acompa\u00f1arse de otras medidas, que\u2026<\/p>\n","protected":false},"author":37,"featured_media":0,"comment_status":"open","ping_status":"open","sticky":false,"template":"","format":"standard","meta":{"ngg_post_thumbnail":0},"categories":[1],"tags":[],"blocksy_meta":{"styles_descriptor":{"styles":{"desktop":"","tablet":"","mobile":""},"google_fonts":[],"version":4}},"aioseo_notices":[],"_links":{"self":[{"href":"https:\/\/www.madrimasd.org\/blogs\/migraciones\/wp-json\/wp\/v2\/posts\/16498"}],"collection":[{"href":"https:\/\/www.madrimasd.org\/blogs\/migraciones\/wp-json\/wp\/v2\/posts"}],"about":[{"href":"https:\/\/www.madrimasd.org\/blogs\/migraciones\/wp-json\/wp\/v2\/types\/post"}],"author":[{"embeddable":true,"href":"https:\/\/www.madrimasd.org\/blogs\/migraciones\/wp-json\/wp\/v2\/users\/37"}],"replies":[{"embeddable":true,"href":"https:\/\/www.madrimasd.org\/blogs\/migraciones\/wp-json\/wp\/v2\/comments?post=16498"}],"version-history":[{"count":0,"href":"https:\/\/www.madrimasd.org\/blogs\/migraciones\/wp-json\/wp\/v2\/posts\/16498\/revisions"}],"wp:attachment":[{"href":"https:\/\/www.madrimasd.org\/blogs\/migraciones\/wp-json\/wp\/v2\/media?parent=16498"}],"wp:term":[{"taxonomy":"category","embeddable":true,"href":"https:\/\/www.madrimasd.org\/blogs\/migraciones\/wp-json\/wp\/v2\/categories?post=16498"},{"taxonomy":"post_tag","embeddable":true,"href":"https:\/\/www.madrimasd.org\/blogs\/migraciones\/wp-json\/wp\/v2\/tags?post=16498"}],"curies":[{"name":"wp","href":"https:\/\/api.w.org\/{rel}","templated":true}]}}