{"id":18191,"date":"2006-04-12T03:38:00","date_gmt":"2006-04-12T03:38:00","guid":{"rendered":"http:\/\/weblogs.madrimasd.org\/\/migraciones\/archive\/2006\/04\/12\/18191.aspx"},"modified":"2006-04-12T03:38:00","modified_gmt":"2006-04-12T03:38:00","slug":"la-inmigracion-y-el-lenguaje-como-arma","status":"publish","type":"post","link":"https:\/\/www.madrimasd.org\/blogs\/migraciones\/2006\/04\/12\/18191","title":{"rendered":"La inmigraci\u00f3n y el lenguaje como arma"},"content":{"rendered":"<p class=\"MsoNormal\" style=\"MARGIN: 0cm 0cm 0pt; LINE-HEIGHT: 150%; TEXT-ALIGN: justify\"><span lang=\"ES\" style=\"FONT-SIZE: 10pt; LINE-HEIGHT: 150%; FONT-FAMILY: Arial; mso-ansi-language: ES-TRAD\">El nombre dado a las cosas tiene un poder casi m\u00e1gico. Dar un determinado nombre a una persona o a un grupo implica definirlo, establecer una medida de control sobre c\u00f3mo se percibe socialmente.<span style=\"mso-spacerun: yes\">&nbsp;<\/span>No es de extra\u00f1ar entonces que, tal como sucede con otras cuestiones controvertidas (pi\u00e9nsese en el aborto o en la eutanasia), el tratamiento social de la inmigraci\u00f3n se libre tanto en el nombre dado a las cosas como en la redacci\u00f3n de las leyes. En \u00faltimo t\u00e9rmino, la utilizaci\u00f3n de&nbsp;un determinado lenguaje es un componente esencial en la lucha por la conciencia p\u00fablica.<?xml:namespace prefix = o ns = \"urn:schemas-microsoft-com:office:office\" \/><o:p><\/o:p><\/span><\/p>\n<p><!--more--><P class=MsoNormal style=\"MARGIN: 0cm 0cm 0pt; LINE-HEIGHT: 150%; TEXT-ALIGN: justify\"><SPAN lang=ES style=\"FONT-SIZE: 10pt; LINE-HEIGHT: 150%; FONT-FAMILY: Arial; mso-ansi-language: ES-TRAD\">Los ordenamientos jur\u00eddicos y las autoridades administrativas de muchos pa\u00edses s\u00f3lo reconocen la plena condici\u00f3n humana al ciudadano, una condici\u00f3n que seg\u00fan parece no se adquiere \u00fanicamente siendo hombre, sino siendo miembro de alguna tribu particular. <\/SPAN><SPAN style=\"FONT-SIZE: 10pt; LINE-HEIGHT: 150%; FONT-FAMILY: Arial\">En el d\u00eda a d\u00eda de muchos individuos, esta distinci\u00f3n resulta crucial, pues afecta directamente a su bienestar personal y conduce impl\u00edcitamente a su <\/SPAN><I><SPAN lang=ES style=\"FONT-SIZE: 10pt; COLOR: black; LINE-HEIGHT: 150%; FONT-FAMILY: Arial; mso-ansi-language: ES-TRAD\">jerarquizaci\u00f3n social<\/SPAN><\/I><SPAN lang=ES style=\"FONT-SIZE: 10pt; COLOR: black; LINE-HEIGHT: 150%; FONT-FAMILY: Arial; mso-ansi-language: ES-TRAD; mso-bidi-font-style: italic\">. Sus efectos m\u00e1s directos se perciben, sin duda, en el mundo de la inmigraci\u00f3n y, particularmente, en el \u00e1mbito laboral; su rastro es incluso perceptible en el lenguaje coloquial: mientras que <\/SPAN><SPAN lang=ES style=\"FONT-SIZE: 10pt; COLOR: black; LINE-HEIGHT: 150%; FONT-FAMILY: Arial; mso-ansi-language: ES-TRAD\">un ciudadano nacional sin trabajo es un \u00abparado\u00bb, un inmigrante sin trabajo es tildado \u2013y tratado\u2013 con harta frecuencia de \u00abilegal\u00bb. La lucha por el reconocimiento de la dignidad de todos los seres humanos es tambi\u00e9n una lucha por el lenguaje.<\/SPAN><\/P> <P class=MsoNormal style=\"MARGIN: 0cm 0cm 0pt; LINE-HEIGHT: 150%; TEXT-ALIGN: justify\"><SPAN lang=ES style=\"FONT-SIZE: 10pt; COLOR: black; LINE-HEIGHT: 150%; FONT-FAMILY: Arial; mso-ansi-language: ES-TRAD\"><\/SPAN>&nbsp;<\/P> <P class=MsoNormal style=\"MARGIN: 0cm 0cm 0pt; LINE-HEIGHT: 150%; TEXT-ALIGN: justify\"><SPAN lang=ES style=\"FONT-SIZE: 10pt; COLOR: black; LINE-HEIGHT: 150%; FONT-FAMILY: Arial; mso-ansi-language: ES-TRAD\"><\/SPAN><SPAN lang=ES style=\"FONT-SIZE: 10pt; COLOR: black; LINE-HEIGHT: 150%; FONT-FAMILY: Arial; mso-ansi-language: ES-TRAD\">Si los tertulianos m\u00e1s agresivos y xen\u00f3fobos distinguen a los inmigrantes sin documentaci\u00f3n con la denominaci\u00f3n de \u201cextranjeros ilegales\u201d, algunos defensores de los inmigrantes prefieren llamarlos \u201crefugiados econ\u00f3micos\u201d. El lenguaje dista mucho de ser neutral. La terminolog\u00eda elegida implica una toma de posici\u00f3n. Se busca intencionadamente influir en la opini\u00f3n p\u00fablica, crear una determinada mentalidad y lograr que \u00e9sta resulte predominante. Por eso cada palabra se disputa acaloradamente. Las palabras suficientemente repetidas acaban interioriz\u00e1ndose. Ni a los pol\u00edticos ni a los periodistas ni a ning\u00fan creador de opini\u00f3n se le oculta el hecho mil veces constatado de que en <EM>la vida social lo que la mayor\u00eda<SPAN style=\"mso-spacerun: yes\">&nbsp;<\/SPAN>cree que es, es<\/EM>.<\/SPAN><\/P> <P class=MsoNormal style=\"MARGIN: 0cm 0cm 0pt; LINE-HEIGHT: 150%; TEXT-ALIGN: justify\"><SPAN lang=ES style=\"FONT-SIZE: 10pt; COLOR: black; LINE-HEIGHT: 150%; FONT-FAMILY: Arial; mso-ansi-language: ES-TRAD\"><\/SPAN>&nbsp;<\/P> <P class=MsoNormal style=\"MARGIN: 0cm 0cm 0pt; LINE-HEIGHT: 150%; TEXT-ALIGN: justify\"><SPAN lang=ES style=\"FONT-SIZE: 10pt; COLOR: black; LINE-HEIGHT: 150%; FONT-FAMILY: Arial; mso-ansi-language: ES-TRAD\"><\/SPAN><SPAN lang=ES style=\"FONT-SIZE: 10pt; COLOR: black; LINE-HEIGHT: 150%; FONT-FAMILY: Arial; mso-ansi-language: ES-TRAD\">Para obtener la aceptaci\u00f3n de una determinada opini\u00f3n parece que no importa violar las reglas de la sem\u00e1ntica. As\u00ed, por ejemplo, de nada vale que s\u00f3lo quepa usar el adjetivo \u2018ilegal\u2019 para modificar acciones y cosas (como aparcamientos en determinados lugares o drogas alucin\u00f3genas), pero no para calificar a personas. <A href=\"http:\/\/weblogs.madrimasd.org\/migraciones\/archive\/2006\/02\/15\/13677.aspx\">Ninguna&nbsp;persona como tal puede ser considerada ilegal<\/A>.<\/SPAN><\/P> <P class=MsoNormal style=\"MARGIN: 0cm 0cm 0pt; LINE-HEIGHT: 150%; TEXT-ALIGN: justify\"><SPAN lang=ES style=\"FONT-SIZE: 10pt; COLOR: black; LINE-HEIGHT: 150%; FONT-FAMILY: Arial; mso-ansi-language: ES-TRAD\"><\/SPAN>&nbsp;<\/P> <P class=MsoNormal style=\"MARGIN: 0cm 0cm 0pt; LINE-HEIGHT: 150%; TEXT-ALIGN: justify\"><SPAN lang=ES style=\"FONT-SIZE: 10pt; COLOR: black; LINE-HEIGHT: 150%; FONT-FAMILY: Arial; mso-ansi-language: ES-TRAD\"><\/SPAN>&nbsp;<\/P> <P class=MsoNormal style=\"MARGIN: 0cm 0cm 0pt; LINE-HEIGHT: 150%; TEXT-ALIGN: justify\"><SPAN lang=ES style=\"FONT-SIZE: 10pt; COLOR: black; LINE-HEIGHT: 150%; FONT-FAMILY: Arial; mso-ansi-language: ES-TRAD\">P.S. Sobre el uso del lenguaje met\u00e1forico para referirse a las migraciones, v\u00e9ase&nbsp;un ilustrativo <A href=\"http:\/\/dialnet.unirioja.es\/servlet\/articulo?codigo=2227247\">art\u00edculo de Enrique Santamar\u00eda<\/A>.&nbsp;<\/SPAN><\/P><\/p>\n","protected":false},"excerpt":{"rendered":"<p>El nombre dado a las cosas tiene un poder casi m\u00e1gico. Dar un determinado nombre a una persona o a un grupo implica definirlo, establecer una medida de control sobre c\u00f3mo se percibe socialmente.&nbsp;No es de extra\u00f1ar entonces que, tal como sucede con otras cuestiones controvertidas (pi\u00e9nsese en el aborto o en la eutanasia), el tratamiento social de la inmigraci\u00f3n se libre tanto en el nombre dado a las cosas como en la redacci\u00f3n de las leyes. En \u00faltimo t\u00e9rmino, la utilizaci\u00f3n de&nbsp;un determinado lenguaje es un componente esencial en la lucha por la conciencia p\u00fablica.<\/p>\n","protected":false},"author":37,"featured_media":0,"comment_status":"open","ping_status":"open","sticky":false,"template":"","format":"standard","meta":{"ngg_post_thumbnail":0},"categories":[1],"tags":[],"blocksy_meta":{"styles_descriptor":{"styles":{"desktop":"","tablet":"","mobile":""},"google_fonts":[],"version":4}},"aioseo_notices":[],"_links":{"self":[{"href":"https:\/\/www.madrimasd.org\/blogs\/migraciones\/wp-json\/wp\/v2\/posts\/18191"}],"collection":[{"href":"https:\/\/www.madrimasd.org\/blogs\/migraciones\/wp-json\/wp\/v2\/posts"}],"about":[{"href":"https:\/\/www.madrimasd.org\/blogs\/migraciones\/wp-json\/wp\/v2\/types\/post"}],"author":[{"embeddable":true,"href":"https:\/\/www.madrimasd.org\/blogs\/migraciones\/wp-json\/wp\/v2\/users\/37"}],"replies":[{"embeddable":true,"href":"https:\/\/www.madrimasd.org\/blogs\/migraciones\/wp-json\/wp\/v2\/comments?post=18191"}],"version-history":[{"count":0,"href":"https:\/\/www.madrimasd.org\/blogs\/migraciones\/wp-json\/wp\/v2\/posts\/18191\/revisions"}],"wp:attachment":[{"href":"https:\/\/www.madrimasd.org\/blogs\/migraciones\/wp-json\/wp\/v2\/media?parent=18191"}],"wp:term":[{"taxonomy":"category","embeddable":true,"href":"https:\/\/www.madrimasd.org\/blogs\/migraciones\/wp-json\/wp\/v2\/categories?post=18191"},{"taxonomy":"post_tag","embeddable":true,"href":"https:\/\/www.madrimasd.org\/blogs\/migraciones\/wp-json\/wp\/v2\/tags?post=18191"}],"curies":[{"name":"wp","href":"https:\/\/api.w.org\/{rel}","templated":true}]}}