{"id":18979,"date":"2006-04-19T05:11:00","date_gmt":"2006-04-19T05:11:00","guid":{"rendered":"http:\/\/weblogs.madrimasd.org\/\/migraciones\/archive\/2006\/04\/19\/18979.aspx"},"modified":"2006-04-19T05:11:00","modified_gmt":"2006-04-19T05:11:00","slug":"migraciones-pluralidad-cultural-y-mestizaje","status":"publish","type":"post","link":"https:\/\/www.madrimasd.org\/blogs\/migraciones\/2006\/04\/19\/18979","title":{"rendered":"Migraciones, pluralidad cultural y mestizaje"},"content":{"rendered":"<p class=\"MsoNormal\" style=\"MARGIN: 0cm 0cm 0pt; TEXT-ALIGN: justify; mso-layout-grid-align: none\"><span style=\"FONT-SIZE: 11pt; FONT-FAMILY: Arial\">Para entender tanto la problem\u00e1tica como la influencia en los ricos pa\u00edses industriales de los actuales flujos migratorios, estos han ha de ser abordados y analizados desde una visi\u00f3n transversal en sus relaciones con todos los sectores de la vida cotidiana. El fen\u00f3meno migratorio y la aceptaci\u00f3n del mismo, la revisi\u00f3n de los modelos existentes de integraci\u00f3n y el nacimiento de otros modelos emergentes, est\u00e1n influyendo en la evoluci\u00f3n de la sociedad del siglo XXI tanto en el \u00e1mbito econ\u00f3mico como en las relaciones laborales, tanto en la esfera de lo identitario como en la de lo simb\u00f3lico, en la opini\u00f3n publica y en la \u201copini\u00f3n publicada\u201d, en los movimientos sociales y en las pol\u00edticas p\u00fablicas.<?xml:namespace prefix = o ns = \"urn:schemas-microsoft-com:office:office\" \/><o:p><\/o:p><\/span><\/p>\n<p><!--more--><\/p>\n<p class=\"MsoNormal\" style=\"MARGIN: 0cm 0cm 0pt; TEXT-ALIGN: justify; mso-layout-grid-align: none\" align=\"justify\"><span style=\"FONT-SIZE: 11pt; FONT-FAMILY: Arial\">En los pa\u00edses de inmigraci\u00f3n se asiste a un acelerado proceso de constituci\u00f3n de sociedades de corte multicultural impulsado precisamente por la llegada de personas de las m\u00e1s variadas procedencias. En este contexto, el pluralismo cultural generado, m\u00e1s que un ideal que alcanzar, es m\u00e1s bien ya una realidad y un proceso que hay que gestionar por parte de las sociedades receptoras y sus instituciones.<\/span><\/p>\n<p class=\"MsoNormal\" style=\"MARGIN: 0cm 0cm 0pt; TEXT-ALIGN: justify; mso-layout-grid-align: none\" align=\"justify\"><span style=\"FONT-SIZE: 11pt; FONT-FAMILY: Arial\"><\/span>&nbsp;<\/p>\n<p class=\"MsoNormal\" style=\"MARGIN: 0cm 0cm 0pt; TEXT-ALIGN: justify; mso-layout-grid-align: none\" align=\"justify\"><span style=\"FONT-SIZE: 11pt; FONT-FAMILY: Arial\"><\/span><span style=\"FONT-SIZE: 11pt; FONT-FAMILY: Arial\">La multiculturalidad y la multietnicidad generadas a ra\u00edz de las migraciones ha provocado respuestas pol\u00edticas que repercuten en las estructuras institucionales de los sistemas democr\u00e1ticos, no s\u00f3lo debido a la creaci\u00f3n de nuevas agencias administrativas encargadas espec\u00edficamente de la gesti\u00f3n de las mismas, sino tambi\u00e9n a los cambios inducidos en las formas de entender la identidad colectiva e incluso la propia noci\u00f3n de ciudadan\u00eda.<\/span><\/p>\n<p class=\"MsoNormal\" style=\"MARGIN: 0cm 0cm 0pt; TEXT-ALIGN: justify; mso-layout-grid-align: none\" align=\"justify\"><span style=\"FONT-SIZE: 11pt; FONT-FAMILY: Arial\"><\/span>&nbsp;<\/p>\n<p class=\"MsoNormal\" style=\"MARGIN: 0cm 0cm 0pt; TEXT-ALIGN: justify; mso-layout-grid-align: none\" align=\"justify\"><span style=\"FONT-SIZE: 11pt; FONT-FAMILY: Arial\"><\/span><span style=\"FONT-SIZE: 11pt; FONT-FAMILY: Arial\">Las pol\u00edticas p\u00fablicas con especial atenci\u00f3n en el mundo educativo y cultural, son la pieza clave para el aprendizaje de \u201cmirar y entender al otro\u201d. Este aprendizaje del otro y la convivencia en la diferencia son los valores que conforman una sociedad plural, son una ecuaci\u00f3n que da como resultado: el mestizaje.<\/span><\/p>\n<p class=\"MsoNormal\" style=\"MARGIN: 0cm 0cm 0pt; TEXT-ALIGN: justify; mso-layout-grid-align: none\" align=\"justify\"><span style=\"FONT-SIZE: 11pt; FONT-FAMILY: Arial\"><\/span>&nbsp;<\/p>\n<p class=\"MsoNormal\" style=\"MARGIN: 0cm 0cm 0pt; TEXT-ALIGN: justify; mso-layout-grid-align: none\" align=\"justify\"><span style=\"FONT-SIZE: 11pt; FONT-FAMILY: Arial\"><\/span><span style=\"FONT-SIZE: 11pt; FONT-FAMILY: Arial; mso-ansi-language: ES; mso-fareast-font-family: 'Times New Roman'; mso-fareast-language: ES; mso-bidi-language: AR-SA\">El mestizaje debe entenderse como una oportunidad hist\u00f3rica de desterrar el miedo; el miedo al <i>efecto llamada<\/i>, <i>al moro, al fontanero polaco, a la directiva Bolkestein, al fantasma de la xenofobia, al diferente, al paria del siglo XXI que navega en la desigualdad de la patera <\/i>hacia ninguna frontera que le d\u00e9 cobijo<i>. <\/i>El siglo que acaba de iniciar probablemente ser\u00e1 conocido como el siglo del<i> <\/i><span style=\"mso-bidi-font-style: italic\">m<\/span>estizaje como <i>porvenir com\u00fan <\/i>de una sociedad, de<i> <\/i>unas ciudades y de una ciudadan\u00eda, cosmopolita, diversa,<i> <\/i>abierta y mestiza.<\/span><\/p>\n","protected":false},"excerpt":{"rendered":"<p>Para entender tanto la problem\u00e1tica como la influencia en los ricos pa\u00edses industriales de los actuales flujos migratorios, estos han ha de ser abordados y analizados desde una visi\u00f3n transversal en sus relaciones con todos los sectores de la vida cotidiana. El fen\u00f3meno migratorio y la aceptaci\u00f3n del mismo, la revisi\u00f3n de los modelos existentes de integraci\u00f3n y el nacimiento de otros modelos emergentes, est\u00e1n influyendo en la evoluci\u00f3n de la sociedad del siglo XXI tanto en el \u00e1mbito econ\u00f3mico como en las relaciones laborales, tanto en la esfera de lo identitario como en la de lo simb\u00f3lico, en la\u2026<\/p>\n","protected":false},"author":37,"featured_media":0,"comment_status":"open","ping_status":"open","sticky":false,"template":"","format":"standard","meta":{"ngg_post_thumbnail":0},"categories":[1],"tags":[],"blocksy_meta":{"styles_descriptor":{"styles":{"desktop":"","tablet":"","mobile":""},"google_fonts":[],"version":4}},"aioseo_notices":[],"_links":{"self":[{"href":"https:\/\/www.madrimasd.org\/blogs\/migraciones\/wp-json\/wp\/v2\/posts\/18979"}],"collection":[{"href":"https:\/\/www.madrimasd.org\/blogs\/migraciones\/wp-json\/wp\/v2\/posts"}],"about":[{"href":"https:\/\/www.madrimasd.org\/blogs\/migraciones\/wp-json\/wp\/v2\/types\/post"}],"author":[{"embeddable":true,"href":"https:\/\/www.madrimasd.org\/blogs\/migraciones\/wp-json\/wp\/v2\/users\/37"}],"replies":[{"embeddable":true,"href":"https:\/\/www.madrimasd.org\/blogs\/migraciones\/wp-json\/wp\/v2\/comments?post=18979"}],"version-history":[{"count":1,"href":"https:\/\/www.madrimasd.org\/blogs\/migraciones\/wp-json\/wp\/v2\/posts\/18979\/revisions"}],"predecessor-version":[{"id":131926,"href":"https:\/\/www.madrimasd.org\/blogs\/migraciones\/wp-json\/wp\/v2\/posts\/18979\/revisions\/131926"}],"wp:attachment":[{"href":"https:\/\/www.madrimasd.org\/blogs\/migraciones\/wp-json\/wp\/v2\/media?parent=18979"}],"wp:term":[{"taxonomy":"category","embeddable":true,"href":"https:\/\/www.madrimasd.org\/blogs\/migraciones\/wp-json\/wp\/v2\/categories?post=18979"},{"taxonomy":"post_tag","embeddable":true,"href":"https:\/\/www.madrimasd.org\/blogs\/migraciones\/wp-json\/wp\/v2\/tags?post=18979"}],"curies":[{"name":"wp","href":"https:\/\/api.w.org\/{rel}","templated":true}]}}