{"id":19867,"date":"2006-04-24T08:09:00","date_gmt":"2006-04-24T08:09:00","guid":{"rendered":"http:\/\/weblogs.madrimasd.org\/\/migraciones\/archive\/2006\/04\/24\/19867.aspx"},"modified":"2006-04-24T08:09:00","modified_gmt":"2006-04-24T08:09:00","slug":"inmigracion-e-islam-europeo","status":"publish","type":"post","link":"https:\/\/www.madrimasd.org\/blogs\/migraciones\/2006\/04\/24\/19867","title":{"rendered":"Inmigraci\u00f3n e Islam europeo"},"content":{"rendered":"<p class=\"NormalWeb11\" style=\"MARGIN: 0cm 0cm 12.55pt; TEXT-ALIGN: justify\"><em><b style=\"mso-bidi-font-weight: normal\"><span style=\"FONT-SIZE: 14pt; FONT-FAMILY: Arial\"><font color=\"#333333\">Islam europeo e identidades m\u00faltiples<?xml:namespace prefix = o ns = \"urn:schemas-microsoft-com:office:office\" \/><o:p><\/o:p><\/font><\/span><\/b><\/em><\/p>\n<p class=\"NormalWeb11\" style=\"MARGIN: 0cm 0cm 12.55pt; TEXT-ALIGN: justify\"><span style=\"FONT-SIZE: 9pt; FONT-FAMILY: Arial\"><font color=\"#333333\">POL MORILLAS BASSEDAS<o:p><\/o:p><\/font><\/span><\/p>\n<p class=\"NormalWeb11\" style=\"MARGIN: 0cm 0cm 12.55pt; TEXT-ALIGN: justify\"><font color=\"#333333\"><span style=\"FONT-FAMILY: Arial\">es analista de la Fundaci\u00f3n CIDOB<\/span><span style=\"FONT-SIZE: 9pt; FONT-FAMILY: Arial\"><o:p><\/o:p><\/span><\/font><\/p>\n<p class=\"NormalWeb11\" style=\"MARGIN: 0cm 0cm 12.55pt; TEXT-ALIGN: justify\"><span style=\"FONT-SIZE: 8.5pt; COLOR: #999999; FONT-FAMILY: Arial\">EL PA\u00cdS (edici\u00f3n de Catalu\u00f1a) &#8211; 24-04-2006<\/span><span style=\"FONT-SIZE: 11pt; FONT-FAMILY: Arial\"><o:p><\/o:p><\/span><\/p>\n<p class=\"NormalWeb11\" style=\"MARGIN: 0cm 0cm 12.55pt; TEXT-ALIGN: justify\"><span style=\"FONT-SIZE: 11pt; FONT-FAMILY: Arial\"><font color=\"#333333\">Vivimos hoy en un contexto donde las relaciones entre las poblaciones aut\u00f3ctonas de los pa\u00edses europeos y sus habitantes de origen inmigrante se encuentran en fase de reestructuraci\u00f3n. El asesinato del cineasta Theo van Gogh en Holanda y los atentados del 7 de julio en Londres pusieron en tela de juicio el modelo multicultural de convivencia -o, m\u00e1s bien, de coexistencia- entre comunidades \u00e9tnicas y religiosas diversas. Al mismo tiempo, pocas voces parecen indicar que la soluci\u00f3n pase por la aplicaci\u00f3n estricta del modelo asimilacionista franc\u00e9s, tan a menudo criticado por no haber sabido promover la convivencia de identidades m\u00faltiples en un mismo territorio.<o:p><\/o:p><\/font><\/span><\/p>\n<p class=\"NormalWeb11\" style=\"MARGIN: 0cm 0cm 12.55pt; TEXT-ALIGN: justify\"><span style=\"FONT-SIZE: 11pt; FONT-FAMILY: Arial\"><font color=\"#333333\">Recientemente, la publicaci\u00f3n de unas vi\u00f1etas consideradas ofensivas por gran parte de los ciudadanos de religi\u00f3n musulmana en Europa han provocado las reacciones m\u00e1s airadas y violentas en distintos puntos del planeta. Sin embargo, en medio de las interpretaciones m\u00e1s marginales de la religi\u00f3n isl\u00e1mica, hemos pasado por alto el an\u00e1lisis de ciertos elementos. De haberles dado la importancia que merecen, \u00e9stos nos habr\u00edan dado pistas para pensar que una novedosa corriente del islam, el islam europeo, est\u00e1 emergiendo.<o:p><\/o:p><\/font><\/span><\/p>\n<p class=\"NormalWeb11\" style=\"MARGIN: 0cm 0cm 12.55pt; TEXT-ALIGN: justify\"><span style=\"FONT-SIZE: 11pt; FONT-FAMILY: Arial\"><font color=\"#333333\">Para ello, podemos analizar la respuesta que ciertas organizaciones de culto musulm\u00e1n francesas dieron a la reproducci\u00f3n en su propio pa\u00eds de unas vi\u00f1etas originalmente publicadas por el peri\u00f3dico dan\u00e9s <i>Jyllands-Posten.<\/i> Sin querer tomar parte en las manifestaciones que reunieron unos miles de personas en Par\u00eds y Estrasburgo en nombre del respeto de las religiones, algunas de las organizaciones que forman el Consejo Franc\u00e9s del Culto Musulm\u00e1n emprendieron un proceso judicial contra distintos peri\u00f3dicos franceses que hab\u00edan reproducido las famosas vi\u00f1etas de Mahoma. Poco despu\u00e9s de haber intentado una acci\u00f3n preventiva para impedir su publicaci\u00f3n -acci\u00f3n que result\u00f3 imposible por no haber podido cumplir los tr\u00e1mites legales a tiempo-, estas mismas organizaciones decidieron llevar adelante un recurso con el fin de establecer un l\u00edmite jur\u00eddico a la libertad de expresi\u00f3n.<o:p><\/o:p><\/font><\/span><\/p>\n<p class=\"NormalWeb11\" style=\"MARGIN: 0cm 0cm 12.55pt; TEXT-ALIGN: justify\"><span style=\"FONT-SIZE: 11pt; FONT-FAMILY: Arial\"><font color=\"#333333\">No hay lugar aqu\u00ed para discutir los arduos debates que se han generado en torno a los l\u00edmites de esta libertad fundamental ni los del respeto hacia las diferentes tradiciones religiosas. De todas formas, tampoco debemos pasar por alto la lecci\u00f3n m\u00e1s relevante que podemos extraer de la puesta en marcha de este proceso judicial, todav\u00eda en curso. Las organizaciones de culto musulm\u00e1n han utilizado los recursos que un Estado europeo pone a disposici\u00f3n de sus ciudadanos para dirimir sus disputas. Esto nos permite entrever un estrecho v\u00ednculo entre los ciudadanos de culto musulm\u00e1n y el medio en el que se mueven -el Estado de derecho secularizado y la democracia-. Vemos, pues, en esta relaci\u00f3n de factores la incipiente expresi\u00f3n de un islam europeo, entendido como la convivencia en el seno de una misma sociedad de elementos de muy distinta \u00edndole que algunos se empe\u00f1an en presentar como incompatibles.<o:p><\/o:p><\/font><\/span><\/p>\n<p class=\"NormalWeb11\" style=\"MARGIN: 0cm 0cm 12.55pt; TEXT-ALIGN: justify\"><span style=\"FONT-SIZE: 11pt; FONT-FAMILY: Arial\"><font color=\"#333333\">El hecho de que organizaciones representativas del islam en Francia hayan recurrido a los tribunales nos indica la presencia de una interacci\u00f3n significativa entre los representantes del culto musulm\u00e1n y el entramado institucional de la sociedad francesa. Sin embargo, \u00e9sta es solamente la primera parte de la ecuaci\u00f3n. La otra es la existencia del reto de la gesti\u00f3n de la diversidad cultural y la convivencia de minor\u00edas \u00e9tnicas en las sociedades europeas. Este fen\u00f3meno no afecta \u00fanicamente al aspecto religioso de la diversidad, en el que se inserta la incipiente aparici\u00f3n de un islam europeo, sino que contempla m\u00faltiples dimensiones de las esferas p\u00fablica y privada en las que se mueve cada individuo. Para afrontar este desaf\u00edo con eficacia, parece sensato afirmar que debemos empezar por reconsiderar la concepci\u00f3n misma de identidad. S\u00f3lo una acepci\u00f3n amplia de miras que reconozca la convivencia de pertenencias identitarias m\u00faltiples en cada uno de los individuos de una colectividad nos permitir\u00e1 gestionar de manera eficaz los nuevos retos que se nos plantean. Por el contrario, catalogar ciudadanos \u00fanicamente a trav\u00e9s de su adscripci\u00f3n religiosa -aun cuando sabemos que en Francia, por ejemplo, son los propios ciudadanos musulmanes los agentes de su secularizaci\u00f3n- nos impedir\u00e1 entender los procesos que se est\u00e1n promoviendo en pro del surgimiento de un islam europeo.<\/font><\/span><\/p>\n<p class=\"piepagina2\" style=\"MARGIN: 0cm 0cm 16.75pt\">&nbsp;<\/p>\n","protected":false},"excerpt":{"rendered":"<p>Islam europeo e identidades m\u00faltiples POL MORILLAS BASSEDAS es analista de la Fundaci\u00f3n CIDOB EL PA\u00cdS (edici\u00f3n de Catalu\u00f1a) &#8211; 24-04-2006 Vivimos hoy en un contexto donde las relaciones entre las poblaciones aut\u00f3ctonas de los pa\u00edses europeos y sus habitantes de origen inmigrante se encuentran en fase de reestructuraci\u00f3n. El asesinato del cineasta Theo van Gogh en Holanda y los atentados del 7 de julio en Londres pusieron en tela de juicio el modelo multicultural de convivencia -o, m\u00e1s bien, de coexistencia- entre comunidades \u00e9tnicas y religiosas diversas. Al mismo tiempo, pocas voces parecen indicar que la soluci\u00f3n pase por\u2026<\/p>\n","protected":false},"author":37,"featured_media":0,"comment_status":"open","ping_status":"open","sticky":false,"template":"","format":"standard","meta":{"ngg_post_thumbnail":0},"categories":[1],"tags":[],"blocksy_meta":{"styles_descriptor":{"styles":{"desktop":"","tablet":"","mobile":""},"google_fonts":[],"version":4}},"aioseo_notices":[],"_links":{"self":[{"href":"https:\/\/www.madrimasd.org\/blogs\/migraciones\/wp-json\/wp\/v2\/posts\/19867"}],"collection":[{"href":"https:\/\/www.madrimasd.org\/blogs\/migraciones\/wp-json\/wp\/v2\/posts"}],"about":[{"href":"https:\/\/www.madrimasd.org\/blogs\/migraciones\/wp-json\/wp\/v2\/types\/post"}],"author":[{"embeddable":true,"href":"https:\/\/www.madrimasd.org\/blogs\/migraciones\/wp-json\/wp\/v2\/users\/37"}],"replies":[{"embeddable":true,"href":"https:\/\/www.madrimasd.org\/blogs\/migraciones\/wp-json\/wp\/v2\/comments?post=19867"}],"version-history":[{"count":0,"href":"https:\/\/www.madrimasd.org\/blogs\/migraciones\/wp-json\/wp\/v2\/posts\/19867\/revisions"}],"wp:attachment":[{"href":"https:\/\/www.madrimasd.org\/blogs\/migraciones\/wp-json\/wp\/v2\/media?parent=19867"}],"wp:term":[{"taxonomy":"category","embeddable":true,"href":"https:\/\/www.madrimasd.org\/blogs\/migraciones\/wp-json\/wp\/v2\/categories?post=19867"},{"taxonomy":"post_tag","embeddable":true,"href":"https:\/\/www.madrimasd.org\/blogs\/migraciones\/wp-json\/wp\/v2\/tags?post=19867"}],"curies":[{"name":"wp","href":"https:\/\/api.w.org\/{rel}","templated":true}]}}