{"id":19933,"date":"2006-04-24T09:44:00","date_gmt":"2006-04-24T09:44:00","guid":{"rendered":"http:\/\/weblogs.madrimasd.org\/\/migraciones\/archive\/2006\/04\/24\/19933.aspx"},"modified":"2006-04-24T09:44:00","modified_gmt":"2006-04-24T09:44:00","slug":"inmigracion-politica-y-xenofobia","status":"publish","type":"post","link":"https:\/\/www.madrimasd.org\/blogs\/migraciones\/2006\/04\/24\/19933","title":{"rendered":"Inmigraci\u00f3n, pol\u00edtica y xenofobia"},"content":{"rendered":"<p class=\"MsoNormal\" style=\"MARGIN: 0cm 0cm 0pt; TEXT-INDENT: 35.4pt; TEXT-ALIGN: justify\"><span style=\"FONT-SIZE: 11pt; FONT-FAMILY: Arial\">Las dimensiones alcanzadas fen\u00f3meno migratorio no s\u00f3lo causa desconcierto en algunas mentes, sino que incide de manera considerable en el panorama pol\u00edtico de los pa\u00edses anfitriones. Ninguno de los pa\u00edses europeos receptores de inmigraci\u00f3n se ha sustra\u00eddo de la tendencia a situar en un lugar destacado de la agenda pol\u00edtica la presencia m\u00e1s o menos permanente de comunidades extranjeras. La inmigraci\u00f3n suscita debates y controversias p\u00fablicas de tono emocional, no exento de acaloramiento e incluso a veces de crispaci\u00f3n, sobre todo durante los per\u00edodos electorales.<\/span><\/p>\n<p><!--more--><\/p>\n<p class=\"MsoNormal\" style=\"MARGIN: 0cm 0cm 0pt; TEXT-INDENT: 35.4pt; TEXT-ALIGN: justify\"><span style=\"FONT-SIZE: 11pt; FONT-FAMILY: Arial\">Entre amplios sectores de la opini\u00f3n p\u00fablica se ha extendido como si fuera un hecho probado la convicci\u00f3n de que existe un nexo indisoluble entre inmigraci\u00f3n e inseguridad ciudadana. De ah\u00ed que se perciba una enorme ansiedad ante la porosidad y la integridad de las fronteras y, en general, ante las dimensiones alcanzadas por el fen\u00f3meno migratorio. Tan relevante puede resultar este asunto en t\u00e9rminos pol\u00edticos que, en funci\u00f3n del posicionamiento que se adopte ante \u00e9l, en ocasiones puede verse alterado el equilibrio de fuerza entre las formaciones pol\u00edticas de un determinado pa\u00eds. De hecho, en ciertos lugares ha posibilitado la presencia parlamentaria de grupos extremistas hasta hace poco eran pr\u00e1cticamente marginales.<\/span><\/p>\n<p class=\"MsoNormal\" style=\"MARGIN: 0cm 0cm 0pt; TEXT-INDENT: 35.4pt; TEXT-ALIGN: justify\"><span style=\"FONT-SIZE: 11pt; FONT-FAMILY: Arial\">La diversidad cultural aflorada con la llegada de inmigrantes ha alentado as\u00ed un peligroso discurso pol\u00edtico. La mera presencia en su vecindario de extranjeros que a menudo sobreviven en condiciones deplorables irrita a cierta gente y da p\u00e1bulo a un lenguaje xen\u00f3fobo. Con la excusa de estas nuevas presencias se han extendido ciertos clich\u00e9s y han proliferado reacciones defensivas, as\u00ed como ciertos mecanismos colectivos no siempre leg\u00edtimos, por m\u00e1s que sean bastante habituales a lo largo de la historia: campa\u00f1as por las que se procede a la invenci\u00f3n del otro, a la construcci\u00f3n social del ajeno, del sujeto radicalmente diferente, atizando as\u00ed temores seculares. Tan diferentes ser\u00edan algunos individuos y comunidades que la convivencia pac\u00edfica con ellos resultar\u00eda imposible, pues, seg\u00fan se afirma de ellos, carecer\u00edan de la m\u00e1s m\u00ednima vocaci\u00f3n de integraci\u00f3n.<\/span><\/p>\n<p class=\"MsoNormal\" style=\"MARGIN: 0cm 0cm 0pt; TEXT-INDENT: 35.4pt; TEXT-ALIGN: justify\"><span style=\"FONT-SIZE: 11pt; FONT-FAMILY: Arial\"><\/span><span style=\"FONT-SIZE: 11pt; FONT-FAMILY: Arial; mso-ansi-language: ES; mso-fareast-font-family: 'Times New Roman'; mso-fareast-language: ES; mso-bidi-language: AR-SA\">Los medios de comunicaci\u00f3n juegan un papel tan destacado en estos procesos que cabe hablar de <i>una construcci\u00f3n medi\u00e1tica de comunidades inasimilables<\/i>. El proceso m\u00e1s conocido en este sentido es el que afecta a los individuos que profesan el Islam y, por extensi\u00f3n, a todos aquellos que proceden de pa\u00edses donde el Islam es la religi\u00f3n mayoritaria. Esta islamofobia se ve alentada por escritos \u00abcient\u00edficos\u00bb que han empezado a proliferar y que dictaminan la entera incompatibilidad del Islam con la modernidad y con la democracia. De este modo, se establecen listas de pa\u00edses, oficiales en pocos casos, pero s\u00ed reproducidas por los medios de comunicaci\u00f3n, de donde proceder\u00edan inmigrantes indeseables, que autom\u00e1ticamente pasar\u00edan a ser colocados bajo sospecha y discriminados. En definitiva, la mejor manera de torpedear cualquier posible proceso de integraci\u00f3n.<\/span><\/p>\n","protected":false},"excerpt":{"rendered":"<p>Las dimensiones alcanzadas fen\u00f3meno migratorio no s\u00f3lo causa desconcierto en algunas mentes, sino que incide de manera considerable en el panorama pol\u00edtico de los pa\u00edses anfitriones. Ninguno de los pa\u00edses europeos receptores de inmigraci\u00f3n se ha sustra\u00eddo de la tendencia a situar en un lugar destacado de la agenda pol\u00edtica la presencia m\u00e1s o menos permanente de comunidades extranjeras. La inmigraci\u00f3n suscita debates y controversias p\u00fablicas de tono emocional, no exento de acaloramiento e incluso a veces de crispaci\u00f3n, sobre todo durante los per\u00edodos electorales.<\/p>\n","protected":false},"author":37,"featured_media":0,"comment_status":"open","ping_status":"open","sticky":false,"template":"","format":"standard","meta":{"ngg_post_thumbnail":0},"categories":[1],"tags":[],"blocksy_meta":{"styles_descriptor":{"styles":{"desktop":"","tablet":"","mobile":""},"google_fonts":[],"version":4}},"aioseo_notices":[],"_links":{"self":[{"href":"https:\/\/www.madrimasd.org\/blogs\/migraciones\/wp-json\/wp\/v2\/posts\/19933"}],"collection":[{"href":"https:\/\/www.madrimasd.org\/blogs\/migraciones\/wp-json\/wp\/v2\/posts"}],"about":[{"href":"https:\/\/www.madrimasd.org\/blogs\/migraciones\/wp-json\/wp\/v2\/types\/post"}],"author":[{"embeddable":true,"href":"https:\/\/www.madrimasd.org\/blogs\/migraciones\/wp-json\/wp\/v2\/users\/37"}],"replies":[{"embeddable":true,"href":"https:\/\/www.madrimasd.org\/blogs\/migraciones\/wp-json\/wp\/v2\/comments?post=19933"}],"version-history":[{"count":0,"href":"https:\/\/www.madrimasd.org\/blogs\/migraciones\/wp-json\/wp\/v2\/posts\/19933\/revisions"}],"wp:attachment":[{"href":"https:\/\/www.madrimasd.org\/blogs\/migraciones\/wp-json\/wp\/v2\/media?parent=19933"}],"wp:term":[{"taxonomy":"category","embeddable":true,"href":"https:\/\/www.madrimasd.org\/blogs\/migraciones\/wp-json\/wp\/v2\/categories?post=19933"},{"taxonomy":"post_tag","embeddable":true,"href":"https:\/\/www.madrimasd.org\/blogs\/migraciones\/wp-json\/wp\/v2\/tags?post=19933"}],"curies":[{"name":"wp","href":"https:\/\/api.w.org\/{rel}","templated":true}]}}