{"id":21032,"date":"2006-05-04T18:41:00","date_gmt":"2006-05-04T18:41:00","guid":{"rendered":"http:\/\/weblogs.madrimasd.org\/\/migraciones\/archive\/2006\/05\/04\/21032.aspx"},"modified":"2006-05-04T18:41:00","modified_gmt":"2006-05-04T18:41:00","slug":"el-voto-de-los-inmigrantes-y-la-integracion-social","status":"publish","type":"post","link":"https:\/\/www.madrimasd.org\/blogs\/migraciones\/2006\/05\/04\/21032","title":{"rendered":"El voto de los inmigrantes y la integraci\u00f3n social"},"content":{"rendered":"<p><span style=\"FONT-SIZE: 11pt; COLOR: #222222; FONT-FAMILY: Times\"><span style=\"FONT-SIZE: 11pt; COLOR: #222222; FONT-FAMILY: Times\"> <\/p>\n<p class=\"MsoNormal\" style=\"BACKGROUND: white; MARGIN: 0cm 0cm 0pt\" align=\"justify\"><span style=\"FONT-SIZE: 11pt; COLOR: #222222; FONT-FAMILY: Times\">Comentario de <a id=\"Comments\" href=\"http:\/\/egreciet@gmail.com\/\" target=\"_blank\"><span style=\"BACKGROUND: white; COLOR: #cc3300\">Esteban Greciet<\/span><\/a><span style=\"mso-spacerun: yes\">&nbsp; <\/span>(01\/05\/2006) a <\/span><span style=\"COLOR: #222222\"><?xml:namespace prefix = o ns = \"urn:schemas-microsoft-com:office:office\" \/><o:p><\/o:p><\/span><\/p>\n<h4 style=\"BACKGROUND: white; MARGIN: 0cm 0cm 0pt\" align=\"justify\"><span style=\"COLOR: blue; FONT-FAMILY: Times\"><A href=\"http:\/\/weblogs.madrimasd.org\/migraciones\/archive\/2006\/03\/15\/16034.aspx\"><em><sub><span style=\"FONT-SIZE: 11pt; FONT-FAMILY: Times\">\u201c<\/span><\/sub><\/em><em><sub><span style=\"FONT-SIZE: 13pt; FONT-FAMILY: Times\">El derecho de voto de los inmigrantes en las elecciones municipales\u201d<\/span><\/sub><\/em><\/a><\/span><em><u><sub><span style=\"FONT-SIZE: 13pt; COLOR: blue; FONT-FAMILY: Times\"><o:p><\/o:p><\/span><\/sub><\/u><\/em><\/h4>\n<p style=\"TEXT-ALIGN: justify\" align=\"justify\"><span style=\"FONT-SIZE: 11pt; COLOR: #222222; FONT-FAMILY: Times\">&nbsp;<\/span><span style=\"FONT-SIZE: 10pt; COLOR: #222222; FONT-FAMILY: 'Comic Sans MS'\"><o:p><\/o:p><\/span><\/p>\n<p style=\"TEXT-ALIGN: justify\" align=\"justify\"><span style=\"FONT-SIZE: 10pt; FONT-FAMILY: 'Comic Sans MS'\"><font color=\"#000000\">En primer lugar, creo que la cuesti\u00f3n del voto de los inmigrantes apunta a la&nbsp;concepci\u00f3n de ciudadan\u00eda que estamos dispuestos a defender, una noci\u00f3n basada no ya en la nacionalidad sino en la residencia efectiva como criterio que determina la titularidad y ejercicio de derechos fundamentales y deberes ciudadanos, y que determina, de un lado, la titularidad y ejercicio del derecho de sufragio y dem\u00e1s aparejados a la representaci\u00f3n pol\u00edtica; y, por otro, el cumplimiento de las obligaciones esenciales ligadas a la ciudadan\u00eda, sobre todo el pago de tributos por parte de quien no est\u00e9 exento por la cuant\u00eda de su renta disponible.<\/font><\/span><\/span><\/p>\n<p><\/span><!--more--><span style=\"COLOR: #222222; FONT-FAMILY: Times\"><span style=\"FONT-SIZE: 11pt; COLOR: #222222; FONT-FAMILY: Arial\"> <\/p>\n<p style=\"TEXT-ALIGN: justify\" align=\"justify\"><span style=\"FONT-SIZE: 10pt; FONT-FAMILY: 'Comic Sans MS'\"><font color=\"#000000\">En cuanto a las nacionalidades de los inmigrantes con derecho a voto, el caso de Noruega, Rumania y Bulgaria est\u00e1 resuelto por cuanto que, aun no siendo miembros de la U.E., Espa\u00f1a autoriz\u00f3 en su d\u00eda y ha autorizado recientemente, en el caso de los dos \u00faltimos, su adhesi\u00f3n, mediante la Ley Org\u00e1nica que prev\u00e9 el art. 93 de la Constituci\u00f3n Espa\u00f1ola. De ah\u00ed el inter\u00e9s de los partidos en recabar el voto de rumanos y b\u00falgaros, muy numerosos en Espa\u00f1a. A ello conviene a\u00f1adir la presencia de nuevos ciudadanos, ya comunitarios \u00abde pleno derecho\u00bb (polacos, checos, eslovacos, etc.). <?xml:namespace prefix = o ns = \"urn:schemas-microsoft-com:office:office\" \/><o:p><\/o:p><\/font><\/span><\/p>\n<p style=\"TEXT-ALIGN: justify\" align=\"justify\"><span style=\"FONT-SIZE: 10pt; FONT-FAMILY: 'Comic Sans MS'\"><font color=\"#000000\">No creo que los partidos se propongan modificar el art. 13.2 de la Constituci\u00f3n Espa\u00f1ola despu\u00e9s de la reforma de 1992. M\u00e1s bien seguir\u00e1 vigente el sistema de tratados bilaterales. Por otra parte, deber\u00eda empezar a hablarse no s\u00f3lo de las elecciones municipales, sino tambi\u00e9n de las auton\u00f3micas: esto es, de los dos \u00e1mbitos territoriales que gestionan los servicios p\u00fablicos esenciales, vitales para el Estado de bienestar. <o:p><\/o:p><\/font><\/span><\/p>\n<p style=\"TEXT-ALIGN: justify\" align=\"justify\"><span style=\"FONT-SIZE: 10pt; FONT-FAMILY: 'Comic Sans MS'\"><font color=\"#000000\">En cuanto a la integraci\u00f3n, tiene raz\u00f3n Enrique cuando afirma que respecto de quienes debe preocupar eso es de los inmigrantes de 2\u00aa y 3\u00aa generaci\u00f3n; ah\u00ed ya no se trata s\u00f3lo del reconocimiento de derechos, sino de su efectiva integraci\u00f3n social a trav\u00e9s de la educaci\u00f3n, el empleo y las perspectivas de futuro. Los sucesos de noviembre en Francia deber\u00edan hacernos reflexionar; el modelo \u00abrepublicano\u00bb de convivencia ha posibilitado el crecimiento de barrios donde la falta de esperanza ha hecho quebrar \u00abpor abajo\u00bb el modelo social mientras que \u00abpor arriba\u00bb nadie se atreve a implantar reformas sobre cuya necesidad social no se duda, a pesar de su dureza. El ejemplo del CPE es bastante ilustrativo.<o:p><\/o:p><\/font><\/span><\/p>\n<p style=\"TEXT-ALIGN: justify\" align=\"justify\"><span style=\"FONT-SIZE: 10pt; FONT-FAMILY: 'Comic Sans MS'\"><font color=\"#000000\">Pero no puede considerarse a la inmigraci\u00f3n como mera mano de obra cotizante que merezca un trato simplemente ben\u00e9volo o paternal. Es incompatible con el reconocimiento de su condici\u00f3n ciudadana. <\/font><A href=\"http:\/\/weblogs.madrimasd.org\/migraciones\/archive\/2006\/05\/08\/21385.aspx\">Lo que est\u00e1 sucediendo en el d\u00eda de hoy, Fiesta del Trabajo, en los EE.UU.<\/a><font color=\"#000000\">, puede ser un reflejo de esa concepci\u00f3n a pesar de su larga tradici\u00f3n inmigratoria.<\/font><\/span><\/span><\/p>\n<p><\/span><\/p>\n","protected":false},"excerpt":{"rendered":"<p>Comentario de Esteban Greciet&nbsp; (01\/05\/2006) a \u201cEl derecho de voto de los inmigrantes en las elecciones municipales\u201d &nbsp; En primer lugar, creo que la cuesti\u00f3n del voto de los inmigrantes apunta a la&nbsp;concepci\u00f3n de ciudadan\u00eda que estamos dispuestos a defender, una noci\u00f3n basada no ya en la nacionalidad sino en la residencia efectiva como criterio que determina la titularidad y ejercicio de derechos fundamentales y deberes ciudadanos, y que determina, de un lado, la titularidad y ejercicio del derecho de sufragio y dem\u00e1s aparejados a la representaci\u00f3n pol\u00edtica; y, por otro, el cumplimiento de las obligaciones esenciales ligadas a la\u2026<\/p>\n","protected":false},"author":37,"featured_media":0,"comment_status":"open","ping_status":"open","sticky":false,"template":"","format":"standard","meta":{"ngg_post_thumbnail":0},"categories":[1],"tags":[],"blocksy_meta":{"styles_descriptor":{"styles":{"desktop":"","tablet":"","mobile":""},"google_fonts":[],"version":4}},"aioseo_notices":[],"_links":{"self":[{"href":"https:\/\/www.madrimasd.org\/blogs\/migraciones\/wp-json\/wp\/v2\/posts\/21032"}],"collection":[{"href":"https:\/\/www.madrimasd.org\/blogs\/migraciones\/wp-json\/wp\/v2\/posts"}],"about":[{"href":"https:\/\/www.madrimasd.org\/blogs\/migraciones\/wp-json\/wp\/v2\/types\/post"}],"author":[{"embeddable":true,"href":"https:\/\/www.madrimasd.org\/blogs\/migraciones\/wp-json\/wp\/v2\/users\/37"}],"replies":[{"embeddable":true,"href":"https:\/\/www.madrimasd.org\/blogs\/migraciones\/wp-json\/wp\/v2\/comments?post=21032"}],"version-history":[{"count":0,"href":"https:\/\/www.madrimasd.org\/blogs\/migraciones\/wp-json\/wp\/v2\/posts\/21032\/revisions"}],"wp:attachment":[{"href":"https:\/\/www.madrimasd.org\/blogs\/migraciones\/wp-json\/wp\/v2\/media?parent=21032"}],"wp:term":[{"taxonomy":"category","embeddable":true,"href":"https:\/\/www.madrimasd.org\/blogs\/migraciones\/wp-json\/wp\/v2\/categories?post=21032"},{"taxonomy":"post_tag","embeddable":true,"href":"https:\/\/www.madrimasd.org\/blogs\/migraciones\/wp-json\/wp\/v2\/tags?post=21032"}],"curies":[{"name":"wp","href":"https:\/\/api.w.org\/{rel}","templated":true}]}}