{"id":21738,"date":"2006-05-10T07:29:00","date_gmt":"2006-05-10T07:29:00","guid":{"rendered":"http:\/\/weblogs.madrimasd.org\/\/migraciones\/archive\/2006\/05\/10\/21738.aspx"},"modified":"2006-05-10T07:29:00","modified_gmt":"2006-05-10T07:29:00","slug":"en-busca-del-reconocimiento-%e2%80%93-la-comunidad-hispana-en-los-estados-unidos","status":"publish","type":"post","link":"https:\/\/www.madrimasd.org\/blogs\/migraciones\/2006\/05\/10\/21738","title":{"rendered":"En busca del reconocimiento \u2013 la comunidad hispana en los Estados Unidos"},"content":{"rendered":"<p style=\"TEXT-ALIGN: justify\"><span class=\"t24p0251\"><span style=\"FONT-SIZE: 11pt; COLOR: windowtext; FONT-FAMILY: Arial; mso-bidi-font-size: 18.0pt\">Estados Unidos es el &#8216;pa\u00eds de la inmigraci\u00f3n&#8217; por excelencia: la sociedad m\u00e1s \u00edntegramente constituida por capas de inmigraci\u00f3n. Desde los primeros tiempos de la colonizaci\u00f3n brit\u00e1nica hasta las actuales migraciones en masa, la historia de este pa\u00eds es la de una repoblaci\u00f3n por migraciones. Su identidad colectiva no es ajena, pues, a este fen\u00f3meno. Con todo, con la llegada masiva de hispanos, parece que se ha vuelto a poner en cuesti\u00f3n cu\u00e1les son los l\u00edmites de la comunidad nacional y cu\u00e1les son los elementos que definen la identidad compartida.<\/span><\/span><\/p>\n<p style=\"TEXT-ALIGN: justify\"><span class=\"t24p0251\"><span style=\"FONT-SIZE: 11pt; COLOR: windowtext; FONT-FAMILY: Arial; mso-bidi-font-size: 18.0pt\">En continuidad con los \u00faltimos mensajes incluido en este blog acerca de las <A href=\"http:\/\/weblogs.madrimasd.org\/migraciones\/archive\/2006\/05\/08\/21385.aspx\">recientes movilizaciones de los hispanos en los EEUU<\/a> y de <A href=\"http:\/\/weblogs.madrimasd.org\/migraciones\/archive\/2006\/05\/06\/21299.aspx\">su creciente peso demogr\u00e1fico<\/a>, se adjunta ahora un art\u00edculo recogido por el diario argentino \u201cClar\u00edn\u201d sobre el mismo tema:<?xml:namespace prefix = o ns = \"urn:schemas-microsoft-com:office:office\" \/><o:p><\/o:p><\/span><\/span><\/p>\n<p style=\"TEXT-ALIGN: justify\"><font color=\"#002255\"><span class=\"t24p0251\"><span style=\"FONT-SIZE: 18pt\"><span class=\"t24p0251\"><sup><span style=\"FONT-SIZE: 16pt; COLOR: #ff6600; FONT-FAMILY: 'Times New Roman'; mso-ansi-language: ES; mso-fareast-font-family: 'Times New Roman'; mso-fareast-language: ES; mso-bidi-language: AR-SA; mso-bidi-font-size: 18.0pt\">Presencia latina en Estados Unidos&nbsp; <\/span><\/sup><\/span><\/span><\/span><\/font><span class=\"h10p61\"><span style=\"FONT-SIZE: 7.5pt; FONT-FAMILY: 'Times New Roman'\"><font color=\"#666666\">CLAR\u00cdN &#8211; <\/font><\/span><\/span><span style=\"FONT-SIZE: 7.5pt; COLOR: #666666; FONT-FAMILY: 'Times New Roman'\"><span class=\"h10p61\"><span style=\"mso-bidi-font-family: 'Times New Roman'; mso-ascii-font-family: 'Times New Roman'; mso-hansi-font-family: 'Times New Roman'\">BUENOS AIRES, 8\/ V\/ 2006<o:p><\/o:p><\/span><\/span><\/span><\/p>\n<p class=\"h12p0\" style=\"MARGIN: auto 0cm; TEXT-ALIGN: justify\"><span style=\"FONT-SIZE: 12pt; FONT-FAMILY: 'Times New Roman'; mso-bidi-font-size: 9.0pt\">La comunidad latina de los Estados Unidos acaba de protagonizar la m\u00e1s multitudinaria protesta desde las marchas por los derechos civiles de los negros, hace cuarenta a\u00f1os. M\u00e1s de dos millones de personas se manifestaron en 60 ciudades en favor de los derechos de los inmigrantes. La comparaci\u00f3n no es s\u00f3lo cuantitativa, sino que tiene un parecido trasfondo y motivaci\u00f3n.<\/span><\/p>\n<p><!--more--><\/p>\n<p class=\"h12p0\" style=\"MARGIN: auto 0cm; TEXT-ALIGN: justify\"><span style=\"FONT-SIZE: 12pt; FONT-FAMILY: 'Times New Roman'; mso-bidi-font-size: 9.0pt\">Con 35 millones de habitantes, un 12% del total, la poblaci\u00f3n hispanoparlante o descendiente de inmigrantes de origen latino que vive en los Estados Unidos se proyecta como principal minor\u00eda en una sociedad de mayor\u00eda anglosajona cuya premisa fundacional es la idea de igualdad. Esta idea igualitaria originaria que dio nacimiento a la primera rep\u00fablica norteamericana coexisti\u00f3 durante casi un siglo con un r\u00e9gimen esclavista y, durante otros cien a\u00f1os, con la creencia en la supremac\u00eda blanca y en la discriminaci\u00f3n racial, que se prolong\u00f3 hasta bien entrado el siglo XX. <?xml:namespace prefix = o ns = \"urn:schemas-microsoft-com:office:office\" \/><o:p><\/o:p><\/span><\/p>\n<p class=\"h12p0\" style=\"MARGIN: auto 0cm; TEXT-ALIGN: justify\"><span style=\"FONT-SIZE: 12pt; FONT-FAMILY: 'Times New Roman'; mso-bidi-font-size: 9.0pt\">Por su parte, los latinos fueron creciendo como un sector de la poblaci\u00f3n norteamericana con una fuerte identidad cultural y una integraci\u00f3n econ\u00f3mica que se ha dado en los a\u00f1os recientes, sobre todo por la v\u00eda de la incorporaci\u00f3n como mano de obra en los sectores industrial y de servicios. <o:p><\/o:p><\/span><\/p>\n<p class=\"h12p0\" style=\"MARGIN: auto 0cm; TEXT-ALIGN: justify\"><span style=\"FONT-SIZE: 12pt; FONT-FAMILY: 'Times New Roman'; mso-bidi-font-size: 9.0pt\">Este fen\u00f3meno fue por delante de su integraci\u00f3n pol\u00edtica y social. Y la legislaci\u00f3n que promueven los sectores conservadores implica un endurecimiento que puede acentuar la desigualdad de ese trato. La poblaci\u00f3n hispana reivindica, por ello, una regularizaci\u00f3n amplia de los inmigrantes y el goce de plenos derechos, lo que supone algo tan leg\u00edtimo e inobjetable como la aspiraci\u00f3n de lograr un reconocimiento de su condici\u00f3n de ciudadanos.<\/span><font face=\"Arial\" size=\"2\"> <\/font><\/p>\n","protected":false},"excerpt":{"rendered":"<p>Estados Unidos es el &#8216;pa\u00eds de la inmigraci\u00f3n&#8217; por excelencia: la sociedad m\u00e1s \u00edntegramente constituida por capas de inmigraci\u00f3n. Desde los primeros tiempos de la colonizaci\u00f3n brit\u00e1nica hasta las actuales migraciones en masa, la historia de este pa\u00eds es la de una repoblaci\u00f3n por migraciones. Su identidad colectiva no es ajena, pues, a este fen\u00f3meno. Con todo, con la llegada masiva de hispanos, parece que se ha vuelto a poner en cuesti\u00f3n cu\u00e1les son los l\u00edmites de la comunidad nacional y cu\u00e1les son los elementos que definen la identidad compartida. En continuidad con los \u00faltimos mensajes incluido en este blog\u2026<\/p>\n","protected":false},"author":37,"featured_media":0,"comment_status":"open","ping_status":"open","sticky":false,"template":"","format":"standard","meta":{"ngg_post_thumbnail":0},"categories":[1],"tags":[],"blocksy_meta":{"styles_descriptor":{"styles":{"desktop":"","tablet":"","mobile":""},"google_fonts":[],"version":4}},"aioseo_notices":[],"_links":{"self":[{"href":"https:\/\/www.madrimasd.org\/blogs\/migraciones\/wp-json\/wp\/v2\/posts\/21738"}],"collection":[{"href":"https:\/\/www.madrimasd.org\/blogs\/migraciones\/wp-json\/wp\/v2\/posts"}],"about":[{"href":"https:\/\/www.madrimasd.org\/blogs\/migraciones\/wp-json\/wp\/v2\/types\/post"}],"author":[{"embeddable":true,"href":"https:\/\/www.madrimasd.org\/blogs\/migraciones\/wp-json\/wp\/v2\/users\/37"}],"replies":[{"embeddable":true,"href":"https:\/\/www.madrimasd.org\/blogs\/migraciones\/wp-json\/wp\/v2\/comments?post=21738"}],"version-history":[{"count":0,"href":"https:\/\/www.madrimasd.org\/blogs\/migraciones\/wp-json\/wp\/v2\/posts\/21738\/revisions"}],"wp:attachment":[{"href":"https:\/\/www.madrimasd.org\/blogs\/migraciones\/wp-json\/wp\/v2\/media?parent=21738"}],"wp:term":[{"taxonomy":"category","embeddable":true,"href":"https:\/\/www.madrimasd.org\/blogs\/migraciones\/wp-json\/wp\/v2\/categories?post=21738"},{"taxonomy":"post_tag","embeddable":true,"href":"https:\/\/www.madrimasd.org\/blogs\/migraciones\/wp-json\/wp\/v2\/tags?post=21738"}],"curies":[{"name":"wp","href":"https:\/\/api.w.org\/{rel}","templated":true}]}}