{"id":22082,"date":"2006-05-12T05:58:00","date_gmt":"2006-05-12T05:58:00","guid":{"rendered":"http:\/\/weblogs.madrimasd.org\/\/migraciones\/archive\/2006\/05\/12\/22082.aspx"},"modified":"2006-05-12T05:58:00","modified_gmt":"2006-05-12T05:58:00","slug":"el-impacto-de-la-inmigracion-en-espana-consideraciones-generales","status":"publish","type":"post","link":"https:\/\/www.madrimasd.org\/blogs\/migraciones\/2006\/05\/12\/22082","title":{"rendered":"El impacto de la inmigraci\u00f3n en Espa\u00f1a &#8211; consideraciones generales"},"content":{"rendered":"<p class=\"MsoNormal\" style=\"MARGIN: 0cm 0cm 0pt; TEXT-ALIGN: justify\"><span style=\"FONT-SIZE: 10pt; COLOR: #222222; FONT-FAMILY: Arial; mso-bidi-font-weight: bold\">En algo coinciden todos los estudiosos del fen\u00f3meno migratorio: la <span style=\"BACKGROUND: white\">inmigraci\u00f3n ha adquirido recientemente en Espa\u00f1a una relevancia pol\u00edtica y social mayor que en cualquier otro momento de su historia. <\/span><\/span><b style=\"mso-bidi-font-weight: normal\"><span style=\"FONT-SIZE: 10pt; BACKGROUND: white; COLOR: red; FONT-FAMILY: Arial\"><A href=\"http:\/\/weblogs.madrimasd.org\/migraciones\/archive\/2006\/01\/18\/12248.aspx\">En un intervalo de muy pocos a\u00f1os, ha pasado de ser un pa\u00eds de emigraci\u00f3n a ser un pa\u00eds de inmigraci\u00f3n.<\/a><\/span><\/b><span style=\"FONT-SIZE: 10pt; BACKGROUND: white; COLOR: #222222; FONT-FAMILY: Arial; mso-bidi-font-weight: bold\"> Este acelerado crecimiento del fen\u00f3meno migratorio se hace a\u00fan m\u00e1s patente si lo situamos en el contexto de la Uni\u00f3n Europea (UE): si en 1998 Espa\u00f1a era uno de los pa\u00edses de la UE con menor porcentaje de inmigrantes \u2013algo menos del 2% de su poblaci\u00f3n total\u2013 en 2005 se hab\u00eda convertido ya en el&nbsp;cuarto&nbsp;con mayor porcentaje \u2013el 8,5%, con un total de casi cuatro millones de extranjeros residentes\u2013.<\/span><span style=\"FONT-SIZE: 10pt; COLOR: #222222; FONT-FAMILY: Arial; mso-bidi-font-weight: bold\"><?xml:namespace prefix = o ns = \"urn:schemas-microsoft-com:office:office\" \/><o:p><\/o:p><\/span><\/p>\n<p><!--more--><\/p>\n<p class=\"MsoNormal\" style=\"MARGIN: 0cm 0cm 0pt; TEXT-ALIGN: justify\"><span style=\"FONT-SIZE: 10pt; BACKGROUND: white; COLOR: #222222; FONT-FAMILY: Arial\">La inmigraci\u00f3n en Espa\u00f1a no es s\u00f3lo mucho m\u00e1s reciente, sino, sobre todo, mucho m\u00e1s intensa que en otros pa\u00edses de la UE: <\/span><span style=\"FONT-SIZE: 10pt; BACKGROUND: white; COLOR: blue; FONT-FAMILY: Arial\">por s\u00e9ptimo a\u00f1o consecutivo es el principal pa\u00eds de destino de inmigrantes<\/span><span style=\"FONT-SIZE: 10pt; BACKGROUND: white; COLOR: #222222; FONT-FAMILY: Arial\">. En t\u00e9rminos planetarios, \u00fanicamente <A href=\"http:\/\/weblogs.madrimasd.org\/migraciones\/archive\/2006\/05\/06\/21299.aspx\">la inmigraci\u00f3n hispana hacia los Estados Unidos<\/a> <\/span><span style=\"FONT-SIZE: 10pt; BACKGROUND: white; COLOR: black; FONT-FAMILY: Arial\">superar\u00eda el intenso flujo que en los \u00faltimos a\u00f1os arriba al territorio espa\u00f1ol. En la frontera sur de Espa\u00f1a se da la singularidad<\/span><span style=\"FONT-SIZE: 10pt; BACKGROUND: white; COLOR: #222222; FONT-FAMILY: Arial\"> \u2013compartida tambi\u00e9n con la frontera sur de los Estados Unidos\u2013 de que no se trata de una l\u00ednea divisoria m\u00e1s entre pa\u00edses, sino de una aut\u00e9ntica sima de riquezas entre bloques de pa\u00edses. As\u00ed, si el diferencial de riqueza entre Estados Unidos y M\u00e9xico es de 3,9 veces, el que separa Espa\u00f1a de Marruecos es de 5,5 veces, y es a\u00fan mucho mayor si lo comparamos con pa\u00edses del \u00e1rea subsahariana.<\/span><span style=\"FONT-SIZE: 10pt; BACKGROUND: white; COLOR: black; FONT-FAMILY: Arial\"> <\/span><span style=\"FONT-SIZE: 10pt; BACKGROUND: white; COLOR: #222222; FONT-FAMILY: Arial\"><?xml:namespace prefix = o ns = \"urn:schemas-microsoft-com:office:office\" \/><o:p><\/o:p><\/span><\/p>\n<p class=\"MsoNormal\" style=\"MARGIN: 0cm 0cm 0pt; TEXT-ALIGN: justify\"><span style=\"FONT-SIZE: 10pt; BACKGROUND: white; COLOR: #222222; FONT-FAMILY: Arial\">&nbsp;<o:p><\/o:p><\/span><\/p>\n<p class=\"MsoNormal\" style=\"MARGIN: 0cm 0cm 0pt; TEXT-ALIGN: justify\"><span style=\"FONT-SIZE: 10pt; BACKGROUND: white; COLOR: #222222; FONT-FAMILY: Arial\">En todo caso, en ninguna otra frontera exterior de la UE la sima socio-econ\u00f3mica es tan aguda como la existente entre Espa\u00f1a y Marruecos.<\/span><span style=\"FONT-SIZE: 10pt; BACKGROUND: white; COLOR: black; FONT-FAMILY: Arial\"> <\/span><span style=\"FONT-SIZE: 10pt; BACKGROUND: white; COLOR: red; FONT-FAMILY: Arial\">La ubicaci\u00f3n geogr\u00e1fica de Espa\u00f1a en los l\u00edmites meridionales de la Uni\u00f3n Europea, coloca al pa\u00eds&nbsp;justo al borde de una de las grandes l\u00edneas de fractura del mundo.<\/span><span style=\"FONT-SIZE: 10pt; BACKGROUND: white; COLOR: #222222; FONT-FAMILY: Arial\"><o:p><\/o:p><\/span><\/p>\n<p class=\"MsoNormal\" style=\"MARGIN: 0cm 0cm 0pt; TEXT-ALIGN: justify\"><span style=\"FONT-SIZE: 10pt; BACKGROUND: white; COLOR: #222222; FONT-FAMILY: Arial\">&nbsp;<o:p><\/o:p><\/span><\/p>\n<p class=\"MsoNormal\" style=\"MARGIN: 0cm 0cm 0pt; TEXT-ALIGN: justify\"><span style=\"FONT-SIZE: 10pt; BACKGROUND: white; COLOR: #222222; FONT-FAMILY: Arial\">Un fen\u00f3meno de tal envergadura afecta, sin duda, a los m\u00e1s variados aspectos de la vida social, empezando por la estructura demogr\u00e1fica. Este proceso tambi\u00e9n conlleva obviamente repercusiones de \u00edndole pol\u00edtica como las mencionadas anteriormente. As\u00ed, y coincidiendo con el auge del fen\u00f3meno, d<span style=\"mso-bidi-font-weight: bold\">esde finales de la d\u00e9cada pasada, la inmigraci\u00f3n se ha convertido en Espa\u00f1a en un tema de relevancia pol\u00edtica y de discusi\u00f3n p\u00fablica. <\/span><\/span><span style=\"FONT-SIZE: 10pt; BACKGROUND: white; COLOR: red; FONT-FAMILY: Arial; mso-bidi-font-weight: bold\">La cuesti\u00f3n migratoria padece en este pa\u00eds, como ya hab\u00eda sucedido en otros con una experiencia similar, un claro proceso de politizaci\u00f3n<\/span><span style=\"FONT-SIZE: 10pt; BACKGROUND: white; COLOR: #222222; FONT-FAMILY: Arial; mso-bidi-font-weight: bold\">, que cobra especial fuerza en per\u00edodos electorales.<\/span><span style=\"FONT-SIZE: 10pt; BACKGROUND: white; COLOR: #222222; FONT-FAMILY: Arial\">&nbsp;<o:p><\/o:p><\/span><\/p>\n<p align=\"justify\"><span style=\"FONT-SIZE: 10pt; BACKGROUND: white; COLOR: black; FONT-FAMILY: Arial; mso-fareast-font-family: 'Times New Roman'; mso-ansi-language: ES; mso-fareast-language: ES; mso-bidi-language: AR-SA\">En este sentido, el a\u00f1o 2000 result\u00f3 emblem\u00e1tico en la peque\u00f1a historia de la inmigraci\u00f3n en Espa\u00f1a<\/span><span style=\"FONT-SIZE: 10pt; BACKGROUND: white; COLOR: #222222; FONT-FAMILY: Arial; mso-fareast-font-family: 'Times New Roman'; mso-ansi-language: ES; mso-fareast-language: ES; mso-bidi-language: AR-SA\">: en ese mismo a\u00f1o se promulgaron dos leyes org\u00e1nicas sobre la cuesti\u00f3n de la extranjer\u00eda, ocho comunidades aut\u00f3nomas aprobaron otros tantos planes de integraci\u00f3n, tuvieron lugar graves sucesos xen\u00f3fobos en El Ejido (Almer\u00eda) y la cuesti\u00f3n migratoria se erigi\u00f3 en uno de los temas estrellas de las elecciones generales celebradas en aquella primavera. Esa fecha marca, pues, un antes y un despu\u00e9s en el proceso de introducci\u00f3n de la cuesti\u00f3n migratoria en la agenda pol\u00edtica, pero a pesar de ello, o precisamente por ello, <\/span><b style=\"mso-bidi-font-weight: normal\"><span style=\"FONT-SIZE: 10pt; BACKGROUND: white; COLOR: red; FONT-FAMILY: Arial; mso-fareast-font-family: 'Times New Roman'; mso-ansi-language: ES; mso-fareast-language: ES; mso-bidi-language: AR-SA\">no se ha logrado que la cuesti\u00f3n se convierta en objeto de una aut\u00e9ntica <i style=\"mso-bidi-font-style: normal\">pol\u00edtica de Estado<\/i><\/span><i style=\"mso-bidi-font-style: normal\"><span style=\"FONT-SIZE: 10pt; BACKGROUND: white; COLOR: black; FONT-FAMILY: Arial; mso-fareast-font-family: 'Times New Roman'; mso-ansi-language: ES; mso-fareast-language: ES; mso-bidi-language: AR-SA\">.<\/span><\/i><\/b><span style=\"FONT-SIZE: 10pt; BACKGROUND: white; COLOR: black; FONT-FAMILY: Arial; mso-fareast-font-family: 'Times New Roman'; mso-ansi-language: ES; mso-fareast-language: ES; mso-bidi-language: AR-SA\"> <\/span><\/p>\n","protected":false},"excerpt":{"rendered":"<p>En algo coinciden todos los estudiosos del fen\u00f3meno migratorio: la inmigraci\u00f3n ha adquirido recientemente en Espa\u00f1a una relevancia pol\u00edtica y social mayor que en cualquier otro momento de su historia. En un intervalo de muy pocos a\u00f1os, ha pasado de ser un pa\u00eds de emigraci\u00f3n a ser un pa\u00eds de inmigraci\u00f3n. Este acelerado crecimiento del fen\u00f3meno migratorio se hace a\u00fan m\u00e1s patente si lo situamos en el contexto de la Uni\u00f3n Europea (UE): si en 1998 Espa\u00f1a era uno de los pa\u00edses de la UE con menor porcentaje de inmigrantes \u2013algo menos del 2% de su poblaci\u00f3n total\u2013 en 2005\u2026<\/p>\n","protected":false},"author":37,"featured_media":0,"comment_status":"open","ping_status":"open","sticky":false,"template":"","format":"standard","meta":{"ngg_post_thumbnail":0},"categories":[1],"tags":[],"blocksy_meta":{"styles_descriptor":{"styles":{"desktop":"","tablet":"","mobile":""},"google_fonts":[],"version":4}},"aioseo_notices":[],"_links":{"self":[{"href":"https:\/\/www.madrimasd.org\/blogs\/migraciones\/wp-json\/wp\/v2\/posts\/22082"}],"collection":[{"href":"https:\/\/www.madrimasd.org\/blogs\/migraciones\/wp-json\/wp\/v2\/posts"}],"about":[{"href":"https:\/\/www.madrimasd.org\/blogs\/migraciones\/wp-json\/wp\/v2\/types\/post"}],"author":[{"embeddable":true,"href":"https:\/\/www.madrimasd.org\/blogs\/migraciones\/wp-json\/wp\/v2\/users\/37"}],"replies":[{"embeddable":true,"href":"https:\/\/www.madrimasd.org\/blogs\/migraciones\/wp-json\/wp\/v2\/comments?post=22082"}],"version-history":[{"count":0,"href":"https:\/\/www.madrimasd.org\/blogs\/migraciones\/wp-json\/wp\/v2\/posts\/22082\/revisions"}],"wp:attachment":[{"href":"https:\/\/www.madrimasd.org\/blogs\/migraciones\/wp-json\/wp\/v2\/media?parent=22082"}],"wp:term":[{"taxonomy":"category","embeddable":true,"href":"https:\/\/www.madrimasd.org\/blogs\/migraciones\/wp-json\/wp\/v2\/categories?post=22082"},{"taxonomy":"post_tag","embeddable":true,"href":"https:\/\/www.madrimasd.org\/blogs\/migraciones\/wp-json\/wp\/v2\/tags?post=22082"}],"curies":[{"name":"wp","href":"https:\/\/api.w.org\/{rel}","templated":true}]}}