{"id":24460,"date":"2006-05-22T07:25:00","date_gmt":"2006-05-22T07:25:00","guid":{"rendered":"http:\/\/weblogs.madrimasd.org\/\/migraciones\/archive\/2006\/05\/22\/24460.aspx"},"modified":"2006-05-22T07:25:00","modified_gmt":"2006-05-22T07:25:00","slug":"la-%e2%80%98funcionalidad%e2%80%99-de-la-inmigracion-irregular","status":"publish","type":"post","link":"https:\/\/www.madrimasd.org\/blogs\/migraciones\/2006\/05\/22\/24460","title":{"rendered":"La \u2018funcionalidad\u2019 de la inmigraci\u00f3n irregular"},"content":{"rendered":"<p class=\"MsoNormal\" style=\"MARGIN: 0cm 0cm 0pt; TEXT-ALIGN: justify\"><span style=\"mso-bidi-font-size: 16.0pt\">El imparable crecimiento&nbsp;de la inmigraci\u00f3n clandestina <span style=\"FONT-SIZE: 12pt; COLOR: #222222; FONT-FAMILY: Times; mso-ansi-language: ES; mso-fareast-font-family: 'Times New Roman'; mso-fareast-language: ES; mso-bidi-language: AR-SA; mso-bidi-font-family: 'Times New Roman'; mso-bidi-font-size: 16.0pt\">\u2013los millones de extranjeros que viven y trabajan en los pa\u00edses de inmigraci\u00f3n, sin la documentaci\u00f3n legalmente requerida para ello\u2013<\/span>&nbsp;no es un fen\u00f3meno extra\u00f1o a la racionalidad econ\u00f3mica. Desprovista de derechos socio-laborales b\u00e1sicos, esa mano de obra ocupa un lugar funcional indispensable para el funcionamiento del sistema econ\u00f3mico. Esa mano de obra es crecientemente demandada por los agentes econ\u00f3micos y sociales, pues se ha incrustado profundamente en&nbsp;la estructura productiva. Cabe afirmar, sin exagerar un \u00e1pice, que la demanda de mano de obra inmigrante irregular ha adquirido un car\u00e1cter estructural.<?xml:namespace prefix = o ns = \"urn:schemas-microsoft-com:office:office\" \/><o:p><\/o:p><\/span><\/p>\n<p><!--more--><\/p>\n<p class=\"MsoNormal\" style=\"MARGIN: 0cm 0cm 0pt; TEXT-ALIGN: justify\"><span style=\"mso-bidi-font-size: 16.0pt\">Los representantes m\u00e1s inteligentes de los intereses patronales prefieren reglamentar y canalizar los flujos de mano de obra barata, que empuja los salarios hacia abajo, antes que deportar a los indocumentados. Reflexiones de este tipo se encuentran -con bastante seguridad- detr\u00e1s de la decisi\u00f3n de George W. Bush (representante en estas cuestiones migratorias no del ala m\u00e1s extremista del partido republicano, sino del ala patronal y neoliberal)&nbsp;de legalizar de forma gradual a la mayor\u00eda de los inmigrantes irregulares, siempre que paguen impuestos, dispongan de trabajo estable y aprendan ingl\u00e9s. La capacidad de arrastre del gigante estadounidense no tardar\u00e1 mucho en dejarse sentir en otros pa\u00edses de inmigraci\u00f3n. Al tiempo.<\/span><\/p>\n","protected":false},"excerpt":{"rendered":"<p>El imparable crecimiento&nbsp;de la inmigraci\u00f3n clandestina \u2013los millones de extranjeros que viven y trabajan en los pa\u00edses de inmigraci\u00f3n, sin la documentaci\u00f3n legalmente requerida para ello\u2013&nbsp;no es un fen\u00f3meno extra\u00f1o a la racionalidad econ\u00f3mica. Desprovista de derechos socio-laborales b\u00e1sicos, esa mano de obra ocupa un lugar funcional indispensable para el funcionamiento del sistema econ\u00f3mico. Esa mano de obra es crecientemente demandada por los agentes econ\u00f3micos y sociales, pues se ha incrustado profundamente en&nbsp;la estructura productiva. Cabe afirmar, sin exagerar un \u00e1pice, que la demanda de mano de obra inmigrante irregular ha adquirido un car\u00e1cter estructural.<\/p>\n","protected":false},"author":37,"featured_media":0,"comment_status":"open","ping_status":"open","sticky":false,"template":"","format":"standard","meta":{"ngg_post_thumbnail":0},"categories":[1],"tags":[],"blocksy_meta":{"styles_descriptor":{"styles":{"desktop":"","tablet":"","mobile":""},"google_fonts":[],"version":4}},"aioseo_notices":[],"_links":{"self":[{"href":"https:\/\/www.madrimasd.org\/blogs\/migraciones\/wp-json\/wp\/v2\/posts\/24460"}],"collection":[{"href":"https:\/\/www.madrimasd.org\/blogs\/migraciones\/wp-json\/wp\/v2\/posts"}],"about":[{"href":"https:\/\/www.madrimasd.org\/blogs\/migraciones\/wp-json\/wp\/v2\/types\/post"}],"author":[{"embeddable":true,"href":"https:\/\/www.madrimasd.org\/blogs\/migraciones\/wp-json\/wp\/v2\/users\/37"}],"replies":[{"embeddable":true,"href":"https:\/\/www.madrimasd.org\/blogs\/migraciones\/wp-json\/wp\/v2\/comments?post=24460"}],"version-history":[{"count":0,"href":"https:\/\/www.madrimasd.org\/blogs\/migraciones\/wp-json\/wp\/v2\/posts\/24460\/revisions"}],"wp:attachment":[{"href":"https:\/\/www.madrimasd.org\/blogs\/migraciones\/wp-json\/wp\/v2\/media?parent=24460"}],"wp:term":[{"taxonomy":"category","embeddable":true,"href":"https:\/\/www.madrimasd.org\/blogs\/migraciones\/wp-json\/wp\/v2\/categories?post=24460"},{"taxonomy":"post_tag","embeddable":true,"href":"https:\/\/www.madrimasd.org\/blogs\/migraciones\/wp-json\/wp\/v2\/tags?post=24460"}],"curies":[{"name":"wp","href":"https:\/\/api.w.org\/{rel}","templated":true}]}}