{"id":24706,"date":"2006-05-23T05:42:00","date_gmt":"2006-05-23T05:42:00","guid":{"rendered":"http:\/\/weblogs.madrimasd.org\/\/migraciones\/archive\/2006\/05\/23\/24706.aspx"},"modified":"2006-05-23T05:42:00","modified_gmt":"2006-05-23T05:42:00","slug":"politica-migratoria-y-economia","status":"publish","type":"post","link":"https:\/\/www.madrimasd.org\/blogs\/migraciones\/2006\/05\/23\/24706","title":{"rendered":"Pol\u00edtica migratoria y econom\u00eda"},"content":{"rendered":"<p style=\"TEXT-ALIGN: justify\"><span class=\"t24p0251\"><span style=\"FONT-SIZE: 11pt; FONT-FAMILY: Arial; mso-bidi-font-size: 18.0pt\">Aunque en ning\u00fan hecho social sucede sin la concurrencia de m\u00faltiples factores, <a href=\"http:\/\/www.elpais.es\/articulo\/cataluna\/Economia\/inmigracion\/elpepiautcat\/20060713elpcat_14\/Tes\/\">la inmigraci\u00f3n es fundamentalmente un fen\u00f3meno de causas econ\u00f3micas<\/a>. Teniendo en cuenta esto y en continuidad con otros mensajes incluidos en este blog acerca de los diversos&nbsp;<A href=\"http:\/\/weblogs.madrimasd.org\/migraciones\/archive\/2006\/02\/09\/13198.aspx\">modelos de pol\u00edtica migratoria<\/a>, a continuaci\u00f3n se reproduce parcialmente un art\u00edculo de Joaqu\u00edn Estefan\u00eda publicado en el diario \u201cEl Pa\u00eds\u201d, en donde se incide&nbsp;sobre este mismo tema y sus efectos en la econom\u00eda de los pa\u00edses receptores de inmigraci\u00f3n:<\/span><\/span>&nbsp;<\/p>\n<p class=\"NormalWeb14\" style=\"MARGIN: 0cm 0cm 11.25pt\"><font color=\"#333333\"><em><span style=\"FONT-FAMILY: Georgia\"><u>Otra vuelta de tuerca: la emigraci\u00f3n elegida<\/u><\/span><\/em><i style=\"mso-bidi-font-style: normal\"><font face=\"Georgia\"><u>. Los viajes de ida sin vuelta<\/u> &#8211; <span style=\"FONT-SIZE: 7.5pt; COLOR: #999999; FONT-FAMILY: Arial\">El Pa\u00eds &#8211; DOMINGO &#8211; 14-05-2006<?xml:namespace prefix = o ns = \"urn:schemas-microsoft-com:office:office\" \/><o:p><\/o:p><\/span><\/p>\n<p><o:p><\/o:p><\/font><\/i><\/font> <\/p>\n<p class=\"NormalWeb14\" style=\"MARGIN: 0cm 0cm 11.25pt; TEXT-ALIGN: justify\"><span style=\"FONT-SIZE: 11pt\"><font color=\"#333333\"><font face=\"Georgia\">Las limitaciones crecientes a la entrada de inmigrantes tambi\u00e9n tienen que ver con sus nuevas caracter\u00edsticas: cada vez con mayor frecuencia, las poblaciones se van de sus pa\u00edses de origen sin intenci\u00f3n de volver; el trabajo ya no se concibe como una posibilidad de mejorar la vida de los familiares que se quedan en el pa\u00eds de origen, sino como un medio para intentar cambiar de vida y echar ra\u00edces en el pa\u00eds de destino. El viaje es s\u00f3lo de ida, y el objetivo es el reagrupamiento familiar y el permiso indefinido de residencia en donde se les acoge.<\/font><\/font><\/span><\/p>\n<p><!--more--><\/p>\n<p class=\"NormalWeb14\" style=\"MARGIN: 0cm 0cm 11.25pt; TEXT-ALIGN: justify\"><span style=\"FONT-SIZE: 11pt\"><font color=\"#333333\"><font face=\"Georgia\"><A href=\"http:\/\/weblogs.madrimasd.org\/migraciones\/archive\/2006\/02\/09\/13198.aspx\">Tan importante como la pol\u00edtica de inmigraci\u00f3n es la de integraci\u00f3n -ser\u00eda mejor decir \u00abde acceso a la ciudadan\u00eda\u00bb- en los pa\u00edses de acogida<\/a>. Para ello es b\u00e1sica la evoluci\u00f3n del mercado laboral. Los datos de la Encuesta de Poblaci\u00f3n Activa del primer trimestre de 2006 en Espa\u00f1a son inquietantes: a pesar de que nuestro pa\u00eds crece a una tasa interanual del 3,5% (m\u00e1s que los pa\u00edses de nuestro entorno), el paro repunt\u00f3 porque ese crecimiento no es suficiente para dar trabajo a todos los que lo buscan. En ese periodo entraron en el mercado laboral 180.000 personas m\u00e1s, mientras que s\u00f3lo se crearon 85.900 empleos. Es decir, la econom\u00eda espa\u00f1ola crea empleo, pero es incapaz de absorber toda la nueva mano de obra. Las perspectivas para la econom\u00eda espa\u00f1ola en 2007, tanto de la Comisi\u00f3n Europea como del Fondo Monetario Internacional, indican que el pr\u00f3ximo ejercicio el PIB crecer\u00e1 menos. \u00bfQu\u00e9 ocurrir\u00e1 entonces?<?xml:namespace prefix = o ns = \"urn:schemas-microsoft-com:office:office\" \/><o:p><\/o:p><\/font><\/font><\/span><\/p>\n<p class=\"NormalWeb14\" style=\"MARGIN: 0cm 0cm 11.25pt; TEXT-ALIGN: justify\"><span style=\"FONT-SIZE: 11pt\"><font color=\"#333333\"><font face=\"Georgia\">La multinacional del trabajo temporal Manpower acaba de publicar su \u00faltimo \u00edndice laboral, elaborado por el catedr\u00e1tico de Econom\u00eda Aplicada Joan Oliver. Muchos de sus datos son sugerentes: la mitad de los cuatro millones de empleos generados por la econom\u00eda espa\u00f1ola desde 2002 han sido ocupados por inmigrantes. Para explicar la dependencia de la poblaci\u00f3n inmigrante, Oliver declar\u00f3: \u00abSer\u00eda inimaginable sacar del mercado laboral a m\u00e1s de dos millones de trabajadores y eliminar a cuatro millones de consumidores\u00bb. Estas cifras son una media desde 2002, pero el proceso se ha ido intensificando: la poblaci\u00f3n inmigrante de entre 16 y 64 a\u00f1os era en 1992 el 1,9% del total; en 2000, el 4,2%; en 2002, el 6,9%, y el 11,6% en 2005.<o:p><\/o:p><\/font><\/font><\/span><\/p>\n","protected":false},"excerpt":{"rendered":"<p>Aunque en ning\u00fan hecho social sucede sin la concurrencia de m\u00faltiples factores, la inmigraci\u00f3n es fundamentalmente un fen\u00f3meno de causas econ\u00f3micas. Teniendo en cuenta esto y en continuidad con otros mensajes incluidos en este blog acerca de los diversos&nbsp;modelos de pol\u00edtica migratoria, a continuaci\u00f3n se reproduce parcialmente un art\u00edculo de Joaqu\u00edn Estefan\u00eda publicado en el diario \u201cEl Pa\u00eds\u201d, en donde se incide&nbsp;sobre este mismo tema y sus efectos en la econom\u00eda de los pa\u00edses receptores de inmigraci\u00f3n:&nbsp; Otra vuelta de tuerca: la emigraci\u00f3n elegida. Los viajes de ida sin vuelta &#8211; El Pa\u00eds &#8211; DOMINGO &#8211; 14-05-2006 Las limitaciones crecientes\u2026<\/p>\n","protected":false},"author":37,"featured_media":0,"comment_status":"open","ping_status":"open","sticky":false,"template":"","format":"standard","meta":{"ngg_post_thumbnail":0},"categories":[1],"tags":[],"blocksy_meta":{"styles_descriptor":{"styles":{"desktop":"","tablet":"","mobile":""},"google_fonts":[],"version":4}},"aioseo_notices":[],"_links":{"self":[{"href":"https:\/\/www.madrimasd.org\/blogs\/migraciones\/wp-json\/wp\/v2\/posts\/24706"}],"collection":[{"href":"https:\/\/www.madrimasd.org\/blogs\/migraciones\/wp-json\/wp\/v2\/posts"}],"about":[{"href":"https:\/\/www.madrimasd.org\/blogs\/migraciones\/wp-json\/wp\/v2\/types\/post"}],"author":[{"embeddable":true,"href":"https:\/\/www.madrimasd.org\/blogs\/migraciones\/wp-json\/wp\/v2\/users\/37"}],"replies":[{"embeddable":true,"href":"https:\/\/www.madrimasd.org\/blogs\/migraciones\/wp-json\/wp\/v2\/comments?post=24706"}],"version-history":[{"count":0,"href":"https:\/\/www.madrimasd.org\/blogs\/migraciones\/wp-json\/wp\/v2\/posts\/24706\/revisions"}],"wp:attachment":[{"href":"https:\/\/www.madrimasd.org\/blogs\/migraciones\/wp-json\/wp\/v2\/media?parent=24706"}],"wp:term":[{"taxonomy":"category","embeddable":true,"href":"https:\/\/www.madrimasd.org\/blogs\/migraciones\/wp-json\/wp\/v2\/categories?post=24706"},{"taxonomy":"post_tag","embeddable":true,"href":"https:\/\/www.madrimasd.org\/blogs\/migraciones\/wp-json\/wp\/v2\/tags?post=24706"}],"curies":[{"name":"wp","href":"https:\/\/api.w.org\/{rel}","templated":true}]}}