{"id":34978,"date":"2006-07-12T09:26:00","date_gmt":"2006-07-12T09:26:00","guid":{"rendered":"http:\/\/weblogs.madrimasd.org\/\/migraciones\/archive\/2006\/07\/12\/34978.aspx"},"modified":"2006-07-12T09:26:00","modified_gmt":"2006-07-12T09:26:00","slug":"inmigracion-y-ejercito","status":"publish","type":"post","link":"https:\/\/www.madrimasd.org\/blogs\/migraciones\/2006\/07\/12\/34978","title":{"rendered":"Inmigraci\u00f3n y Ej\u00e9rcito"},"content":{"rendered":"<p class=\"MsoNormal\" style=\"MARGIN: 0cm 0cm 0pt; TEXT-ALIGN: justify\"><span style=\"FONT-SIZE: 12pt; FONT-FAMILY: 'Times New Roman'; mso-ansi-language: ES; mso-fareast-font-family: 'Times New Roman'; mso-fareast-language: ES; mso-bidi-language: AR-SA\"><\/span>El Ej\u00e9rcito no hace m\u00e1s que reflejar lo que ocurre en la sociedad espa\u00f1ola, en donde la presencia de inmigrantes resulta&nbsp;cada vez m\u00e1s visible en todas las esferas y sectores. El Ej\u00e9rcito espa\u00f1ol se las ve y se las desea para cumplir las previsiones de plantillas aprobadas para sus diversas unidades. La profesi\u00f3n de militar, por motivos diversos, es una de las muchas profesiones que los espa\u00f1oles ya no desean seguir y cuyos puestos&nbsp;han de ser ocupados por ciudadanos extranjeros. Aunque este dato ya era conocido desde hace unos a\u00f1os, se ha tornado mucho m\u00e1s evidente al conocerse la&nbsp;nacionalidad peruana del&nbsp;soldado espa\u00f1ol tr\u00e1gicamente asesinado en Afganist\u00e1n. El periodista Fernando Onega ha visto as\u00ed la noticia:<\/p>\n<p><!--more--><\/p>\n<p class=\"MsoNormal\" style=\"MARGIN: 0cm 0cm 0pt; TEXT-ALIGN: justify\"><span style=\"COLOR: black\">\u201cSe llamaba Jorge Arnaldo Hern\u00e1ndez. Soldado peruano del Ej\u00e9rcito espa\u00f1ol. Lo vimos regresar en una caja de madera, procedente de Afganist\u00e1n. En torno a sus restos y a su viuda se congregaron los mandos militares, el jefe del Gobierno y el jefe de la oposici\u00f3n. Despu\u00e9s regres\u00f3 a Per\u00fa, para ser enterrado con los suyos. Cuesta trabajo hacerse a la idea de que un defensor de la patria sea natural de otro pa\u00eds, pero \u00e9sa es la realidad actual. No hay vocaciones militares en <?xml:namespace prefix = st1 ns = \"urn:schemas-microsoft-com:office:smarttags\" \/><st1:PersonName ProductID=\"la Espa\u00f1a\" w:st=\"on\">la Espa\u00f1a<\/st1:PersonName> rica, y tienen que ser buscadas entre los inmigrantes. Su lugar de nacimiento s\u00f3lo importa a efectos de darles tierra. <\/span><span style=\"COLOR: red\"><font color=\"#ffffff\"><A href=\"http:\/\/weblogs.madrimasd.org\/migraciones\/archive\/2006\/05\/29\/26394.aspx\">Esto tambi\u00e9n es la globalizaci\u00f3n: no hay fronteras para reclutar soldados<\/a><\/font><\/span><span style=\"COLOR: black\">\u201d (Fernando Onega, <st1:PersonName ProductID=\"La Voz\" w:st=\"on\"><i style=\"mso-bidi-font-style: normal\">La Voz<\/i><\/st1:PersonName><i style=\"mso-bidi-font-style: normal\"> de Galicia,<\/i> 12-07-2006).<\/span><\/p>\n","protected":false},"excerpt":{"rendered":"<p>El Ej\u00e9rcito no hace m\u00e1s que reflejar lo que ocurre en la sociedad espa\u00f1ola, en donde la presencia de inmigrantes resulta&nbsp;cada vez m\u00e1s visible en todas las esferas y sectores. El Ej\u00e9rcito espa\u00f1ol se las ve y se las desea para cumplir las previsiones de plantillas aprobadas para sus diversas unidades. La profesi\u00f3n de militar, por motivos diversos, es una de las muchas profesiones que los espa\u00f1oles ya no desean seguir y cuyos puestos&nbsp;han de ser ocupados por ciudadanos extranjeros. Aunque este dato ya era conocido desde hace unos a\u00f1os, se ha tornado mucho m\u00e1s evidente al conocerse la&nbsp;nacionalidad peruana\u2026<\/p>\n","protected":false},"author":37,"featured_media":0,"comment_status":"open","ping_status":"open","sticky":false,"template":"","format":"standard","meta":{"ngg_post_thumbnail":0},"categories":[1],"tags":[],"blocksy_meta":{"styles_descriptor":{"styles":{"desktop":"","tablet":"","mobile":""},"google_fonts":[],"version":4}},"aioseo_notices":[],"_links":{"self":[{"href":"https:\/\/www.madrimasd.org\/blogs\/migraciones\/wp-json\/wp\/v2\/posts\/34978"}],"collection":[{"href":"https:\/\/www.madrimasd.org\/blogs\/migraciones\/wp-json\/wp\/v2\/posts"}],"about":[{"href":"https:\/\/www.madrimasd.org\/blogs\/migraciones\/wp-json\/wp\/v2\/types\/post"}],"author":[{"embeddable":true,"href":"https:\/\/www.madrimasd.org\/blogs\/migraciones\/wp-json\/wp\/v2\/users\/37"}],"replies":[{"embeddable":true,"href":"https:\/\/www.madrimasd.org\/blogs\/migraciones\/wp-json\/wp\/v2\/comments?post=34978"}],"version-history":[{"count":0,"href":"https:\/\/www.madrimasd.org\/blogs\/migraciones\/wp-json\/wp\/v2\/posts\/34978\/revisions"}],"wp:attachment":[{"href":"https:\/\/www.madrimasd.org\/blogs\/migraciones\/wp-json\/wp\/v2\/media?parent=34978"}],"wp:term":[{"taxonomy":"category","embeddable":true,"href":"https:\/\/www.madrimasd.org\/blogs\/migraciones\/wp-json\/wp\/v2\/categories?post=34978"},{"taxonomy":"post_tag","embeddable":true,"href":"https:\/\/www.madrimasd.org\/blogs\/migraciones\/wp-json\/wp\/v2\/tags?post=34978"}],"curies":[{"name":"wp","href":"https:\/\/api.w.org\/{rel}","templated":true}]}}