{"id":35159,"date":"2006-07-14T10:29:00","date_gmt":"2006-07-14T10:29:00","guid":{"rendered":"http:\/\/weblogs.madrimasd.org\/\/migraciones\/archive\/2006\/07\/14\/35159.aspx"},"modified":"2006-07-14T10:29:00","modified_gmt":"2006-07-14T10:29:00","slug":"migraciones-y-codesarrollo","status":"publish","type":"post","link":"https:\/\/www.madrimasd.org\/blogs\/migraciones\/2006\/07\/14\/35159","title":{"rendered":"Migraciones y codesarrollo"},"content":{"rendered":"<p class=\"MsoNormal\" style=\"BACKGROUND: white; MARGIN: 0cm 0cm 0pt; TEXT-ALIGN: justify\" align=\"justify\"><span lang=\"ES\" style=\"FONT-SIZE: 10pt; COLOR: #222222; FONT-FAMILY: 'Comic Sans MS'; mso-ansi-language: ES-TRAD\">La inmigraci\u00f3n constituye un asunto no s\u00f3lo de pol\u00edtica interior o nacional, sino tambi\u00e9n de pol\u00edtica internacional. El pasado d\u00eda 10 de julio declaraba el Ministro franc\u00e9s de Interior, Nicolas Sarkozy, en <?xml:namespace prefix = st1 ns = \"urn:schemas-microsoft-com:office:smarttags\" \/><st1:PersonName w:st=\"on\" ProductID=\"la Conferencia Euro-Africana\"><st1:PersonName w:st=\"on\" ProductID=\"la Conferencia\">la <a href=\"http:\/\/www.lacoctelera.com\/caffereggio\/post\/2006\/07\/10\/una-gota-un-oceano-andres-ortega-el-pais\">Conferencia<\/a><\/st1:PersonName><a href=\"http:\/\/www.lacoctelera.com\/caffereggio\/post\/2006\/07\/10\/una-gota-un-oceano-andres-ortega-el-pais\"> Euro-Africana<\/a><\/st1:PersonName><a href=\"http:\/\/www.lacoctelera.com\/caffereggio\/post\/2006\/07\/10\/una-gota-un-oceano-andres-ortega-el-pais\"> sobre Migraci\u00f3n<\/a>&nbsp;celebrada en Rabat, que \u201cla inmigraci\u00f3n debe de ser una pol\u00edtica organizada y controlada en el marco de concertaci\u00f3n entre Estados\u201d. Es en ese contexto \u2013y en el convencimiento de que Europa no puede soportar una inmigraci\u00f3n masiva y desordenada\u2013 en donde se ha arrancado a varios pa\u00edses africanos el compromiso de combatir la inmigraci\u00f3n ilegal mediante \u201cla readmisi\u00f3n de inmigrantes en situaci\u00f3n irregular\u201d. Sin embargo, la propuesta de varios pa\u00edses africanos, como Senegal, pon\u00eda el acento en otro aspecto de la cuesti\u00f3n: en la necesidad de implementar amplios programas de desarrollo econ\u00f3mico susceptibles de fijar a la poblaci\u00f3n en sus pa\u00edses de origen. En esta misma direcci\u00f3n se han manifestado numerosos expertos, que abogan por una pol\u00edtica de \u201ccodesarrollo para las migraciones\u201d (Samir Na\u00efr, 2006) como pilar imprescindible en una pol\u00edtica migratoria integral (Joaqu\u00edn Arango, 2005). La cuesti\u00f3n, sin embargo, no estriba en unas diferencias de sensibilidad entre Europa y \u00c1frica, sino en un&nbsp;problema que ata\u00f1e a la propia concepci\u00f3n de la justicia en su concepci\u00f3n m\u00e1s global.<\/span><\/p>\n<p class=\"MsoNormal\" style=\"BACKGROUND: white; MARGIN: 0cm 0cm 0pt; TEXT-ALIGN: justify\" align=\"justify\"><span lang=\"ES\" style=\"FONT-SIZE: 10pt; COLOR: #222222; FONT-FAMILY: 'Comic Sans MS'; mso-ansi-language: ES-TRAD\"><\/span>&nbsp;<\/p>\n<p class=\"MsoNormal\" style=\"BACKGROUND: white; MARGIN: 0cm 0cm 0pt; TEXT-ALIGN: justify\" align=\"justify\"><span lang=\"ES\" style=\"FONT-SIZE: 10pt; COLOR: #222222; FONT-FAMILY: 'Comic Sans MS'; mso-ansi-language: ES-TRAD\"><\/span><span lang=\"ES\" style=\"FONT-SIZE: 10pt; COLOR: #222222; FONT-FAMILY: 'Comic Sans MS'; mso-ansi-language: ES-TRAD\"><font face=\"Comic Sans MS\" color=\"#222222\" size=\"2\">Las migraciones no pueden seguir consider\u00e1ndose tan s\u00f3lo como una variable neutra del funcionamiento del mercado, sino como un vector de desarrollo y solidaridad entre los pueblos.<\/font><\/span><\/p>\n<p class=\"MsoNormal\" style=\"BACKGROUND: white; MARGIN: 0cm 0cm 0pt; TEXT-ALIGN: justify\" align=\"justify\"><span lang=\"ES\" style=\"FONT-SIZE: 10pt; COLOR: #222222; FONT-FAMILY: 'Comic Sans MS'; mso-ansi-language: ES-TRAD\"><\/span><span lang=\"ES\" style=\"FONT-SIZE: 10pt; COLOR: #222222; FONT-FAMILY: 'Comic Sans MS'; mso-ansi-language: ES-TRAD\"><\/span>&nbsp;<\/p>\n<p class=\"MsoNormal\" style=\"BACKGROUND: white; MARGIN: 0cm 0cm 0pt; TEXT-ALIGN: justify\" align=\"justify\"><span lang=\"ES\" style=\"FONT-SIZE: 10pt; COLOR: #222222; FONT-FAMILY: 'Comic Sans MS'; mso-ansi-language: ES-TRAD\">Una visi\u00f3n cr\u00edtica acerca de las conclusiones de la mencionada Conferencia puede&nbsp;verse en el comunicado emitido por la asociaci\u00f3n <a href=\"http:\/\/www.sosracisme.org\/accions\/comunicat.php\">SOS Racismo<\/a>.&nbsp;<\/span><\/p>\n<p><!--more--><\/p>\n<p align=\"justify\"><font face=\"Comic Sans MS\" color=\"#222222\" size=\"2\"><\/font>&nbsp;<\/p>\n","protected":false},"excerpt":{"rendered":"<p>La inmigraci\u00f3n constituye un asunto no s\u00f3lo de pol\u00edtica interior o nacional, sino tambi\u00e9n de pol\u00edtica internacional. El pasado d\u00eda 10 de julio declaraba el Ministro franc\u00e9s de Interior, Nicolas Sarkozy, en la Conferencia Euro-Africana sobre Migraci\u00f3n&nbsp;celebrada en Rabat, que \u201cla inmigraci\u00f3n debe de ser una pol\u00edtica organizada y controlada en el marco de concertaci\u00f3n entre Estados\u201d. Es en ese contexto \u2013y en el convencimiento de que Europa no puede soportar una inmigraci\u00f3n masiva y desordenada\u2013 en donde se ha arrancado a varios pa\u00edses africanos el compromiso de combatir la inmigraci\u00f3n ilegal mediante \u201cla readmisi\u00f3n de inmigrantes en situaci\u00f3n irregular\u201d.\u2026<\/p>\n","protected":false},"author":37,"featured_media":0,"comment_status":"open","ping_status":"open","sticky":false,"template":"","format":"standard","meta":{"ngg_post_thumbnail":0},"categories":[1],"tags":[],"blocksy_meta":{"styles_descriptor":{"styles":{"desktop":"","tablet":"","mobile":""},"google_fonts":[],"version":4}},"aioseo_notices":[],"_links":{"self":[{"href":"https:\/\/www.madrimasd.org\/blogs\/migraciones\/wp-json\/wp\/v2\/posts\/35159"}],"collection":[{"href":"https:\/\/www.madrimasd.org\/blogs\/migraciones\/wp-json\/wp\/v2\/posts"}],"about":[{"href":"https:\/\/www.madrimasd.org\/blogs\/migraciones\/wp-json\/wp\/v2\/types\/post"}],"author":[{"embeddable":true,"href":"https:\/\/www.madrimasd.org\/blogs\/migraciones\/wp-json\/wp\/v2\/users\/37"}],"replies":[{"embeddable":true,"href":"https:\/\/www.madrimasd.org\/blogs\/migraciones\/wp-json\/wp\/v2\/comments?post=35159"}],"version-history":[{"count":0,"href":"https:\/\/www.madrimasd.org\/blogs\/migraciones\/wp-json\/wp\/v2\/posts\/35159\/revisions"}],"wp:attachment":[{"href":"https:\/\/www.madrimasd.org\/blogs\/migraciones\/wp-json\/wp\/v2\/media?parent=35159"}],"wp:term":[{"taxonomy":"category","embeddable":true,"href":"https:\/\/www.madrimasd.org\/blogs\/migraciones\/wp-json\/wp\/v2\/categories?post=35159"},{"taxonomy":"post_tag","embeddable":true,"href":"https:\/\/www.madrimasd.org\/blogs\/migraciones\/wp-json\/wp\/v2\/tags?post=35159"}],"curies":[{"name":"wp","href":"https:\/\/api.w.org\/{rel}","templated":true}]}}