{"id":40248,"date":"2006-09-08T04:55:00","date_gmt":"2006-09-08T04:55:00","guid":{"rendered":"http:\/\/weblogs.madrimasd.org\/\/migraciones\/archive\/2006\/09\/08\/40248.aspx"},"modified":"2006-09-08T04:55:00","modified_gmt":"2006-09-08T04:55:00","slug":"migraciones-y-memoria-historica","status":"publish","type":"post","link":"https:\/\/www.madrimasd.org\/blogs\/migraciones\/2006\/09\/08\/40248","title":{"rendered":"Migraciones y memoria hist\u00f3rica"},"content":{"rendered":"<div align=\"justify\">En ocasiones, m\u00e1s vale una imagen que mil palabras. El pie de foto reza as\u00ed: \u00abImagen de los tripulantes de <em>La Elvira<\/em> a su llegada al Puerto de Garupano, Venezuela, en mayo de 1949&#8243;.<\/div>\n<div align=\"justify\">&nbsp;<\/div>\n<p><!--more--><\/p>\n<p><img decoding=\"async\" style=\"WIDTH: 334px; HEIGHT: 320px\" src=\"\/blogs\/migraciones\/wp-content\/blogs.dir\/54\/files\/352\/o_Los%20cayucos%20espa\u00f1oles.jpg\" \/><\/p>\n<p><strong><font color=\"#ff0000\">Unos van y otros vienen. \u00a1Las vueltas que da la&nbsp;vida!<\/font><\/strong><\/p>\n<p class=\"NormalWeb2\" style=\"BACKGROUND: white; MARGIN: auto 0cm; TEXT-ALIGN: justify\">Los espa\u00f1oles tambi\u00e9n fuimos inmigrantes. Es m\u00e1s, tambi\u00e9n fuimos inmigrantes ilegales. En busca de un futuro mejor. Espa\u00f1a ha cambiado tanto, que hoy nos cuesta reconocernos en la mirada de esos otros, los que hoy vienen a nuestro pa\u00eds con id\u00e9ntico prop\u00f3sito, con la misma historia a cuestas que, hace apenas unos a\u00f1os, portaron consigo millones de hombre y mujeres espa\u00f1oles. En torno al 50% de espa\u00f1oles emigraron de manera ilegal, y regularizaron su situaci\u00f3n una vez en el pa\u00eds de destino. Con el tiempo progresaron y la sociedad que les vio llegar como trabajadores acab\u00f3 por reconocerles como ciudadanos.<\/p>\n<p class=\"MsoNormal\" style=\"MARGIN: 0cm 0cm 0pt; TEXT-ALIGN: justify\"><span style=\"mso-bidi-font-size: 10.0pt\">Lectura recomendada: VV.AA.: <i style=\"mso-bidi-font-style: normal\"><a href=\"http:\/\/www.ugt.es\/fflc\/exposiciones\/06-07-migraciones\/indice.pdf\">De <?xml:namespace prefix = st1 ns = \"urn:schemas-microsoft-com:office:smarttags\" \/><st1:PersonName ProductID=\"la Espa?a\" w:st=\"on\">la Espa\u00f1a<\/st1:PersonName> que emigra a <st1:PersonName ProductID=\"la Espa?a\" w:st=\"on\">la Espa\u00f1a<\/st1:PersonName> que acoge<\/a><\/i>, Fundaci\u00f3n Largo Caballero y Obra Social Caja Duero, Madrid, 2005, 660 p\u00e1gs.<\/span><\/p>\n","protected":false},"excerpt":{"rendered":"<p>En ocasiones, m\u00e1s vale una imagen que mil palabras. El pie de foto reza as\u00ed: \u00abImagen de los tripulantes de La Elvira a su llegada al Puerto de Garupano, Venezuela, en mayo de 1949&#8243;. &nbsp;<\/p>\n","protected":false},"author":37,"featured_media":0,"comment_status":"open","ping_status":"open","sticky":false,"template":"","format":"standard","meta":{"ngg_post_thumbnail":0},"categories":[1],"tags":[],"blocksy_meta":{"styles_descriptor":{"styles":{"desktop":"","tablet":"","mobile":""},"google_fonts":[],"version":4}},"aioseo_notices":[],"_links":{"self":[{"href":"https:\/\/www.madrimasd.org\/blogs\/migraciones\/wp-json\/wp\/v2\/posts\/40248"}],"collection":[{"href":"https:\/\/www.madrimasd.org\/blogs\/migraciones\/wp-json\/wp\/v2\/posts"}],"about":[{"href":"https:\/\/www.madrimasd.org\/blogs\/migraciones\/wp-json\/wp\/v2\/types\/post"}],"author":[{"embeddable":true,"href":"https:\/\/www.madrimasd.org\/blogs\/migraciones\/wp-json\/wp\/v2\/users\/37"}],"replies":[{"embeddable":true,"href":"https:\/\/www.madrimasd.org\/blogs\/migraciones\/wp-json\/wp\/v2\/comments?post=40248"}],"version-history":[{"count":0,"href":"https:\/\/www.madrimasd.org\/blogs\/migraciones\/wp-json\/wp\/v2\/posts\/40248\/revisions"}],"wp:attachment":[{"href":"https:\/\/www.madrimasd.org\/blogs\/migraciones\/wp-json\/wp\/v2\/media?parent=40248"}],"wp:term":[{"taxonomy":"category","embeddable":true,"href":"https:\/\/www.madrimasd.org\/blogs\/migraciones\/wp-json\/wp\/v2\/categories?post=40248"},{"taxonomy":"post_tag","embeddable":true,"href":"https:\/\/www.madrimasd.org\/blogs\/migraciones\/wp-json\/wp\/v2\/tags?post=40248"}],"curies":[{"name":"wp","href":"https:\/\/api.w.org\/{rel}","templated":true}]}}