{"id":40687,"date":"2006-09-11T08:05:00","date_gmt":"2006-09-11T08:05:00","guid":{"rendered":"http:\/\/weblogs.madrimasd.org\/\/migraciones\/archive\/2006\/09\/11\/40687.aspx"},"modified":"2006-09-11T08:05:00","modified_gmt":"2006-09-11T08:05:00","slug":"%c2%abpartir%c2%bb-una-novela-sobre-la-emigracion-inmigracion","status":"publish","type":"post","link":"https:\/\/www.madrimasd.org\/blogs\/migraciones\/2006\/09\/11\/40687","title":{"rendered":"\u00abPartir\u00bb  &#8211; Una novela sobre la emigraci\u00f3n \/ inmigraci\u00f3n"},"content":{"rendered":"<p><span lang=\"DE\" style=\"mso-bidi-font-size: 11.0pt\"> <\/p>\n<p class=\"MsoNormal\" style=\"MARGIN: 0cm 0cm 0pt; TEXT-ALIGN: justify\" align=\"justify\"><span lang=\"DE\" style=\"mso-bidi-font-size: 11.0pt\">Tahar Ben Jelloun (Fez, 1944), siguiendo una vez m\u00e1s su h\u00e1bito de elegir temas que queman, novela el drama de los emigrantes-inmigrantes marroqu\u00edes con fuerza y valent\u00eda. Una obra en la que el escritor magreb\u00ed establece los intrincados nexos entre la necesidad de partir y el denigrante d\u00eda a d\u00eda que viven los protagonistas de este extendido fen\u00f3meno. Ben Jelloun crea retratos de violencia y corrupci\u00f3n a la vez que denuncia la visi\u00f3n que tiene Espa\u00f1a de la situaci\u00f3n.<\/span><\/p>\n<p class=\"MsoNormal\" style=\"MARGIN: 0cm 0cm 0pt; TEXT-ALIGN: justify\" align=\"justify\"><span lang=\"DE\"><?xml:namespace prefix = o ns = \"urn:schemas-microsoft-com:office:office\" \/><o:p>&nbsp;<\/o:p><\/span><\/p>\n<p class=\"MsoNormal\" style=\"MARGIN: 0cm 0cm 0pt; TEXT-ALIGN: justify\" align=\"justify\"><span lang=\"DE\"><a href=\"http:\/\/www.elpais.es\/articulo\/narrativa\/Olor\/podrido\/sur\/Estrecho\/elpbabnar\/20060909elpbabnar_2\/Tes\/\">Seguir leyendo&#8230;<\/a><\/span><\/span><\/p>\n","protected":false},"excerpt":{"rendered":"<p>Tahar Ben Jelloun (Fez, 1944), siguiendo una vez m\u00e1s su h\u00e1bito de elegir temas que queman, novela el drama de los emigrantes-inmigrantes marroqu\u00edes con fuerza y valent\u00eda. Una obra en la que el escritor magreb\u00ed establece los intrincados nexos entre la necesidad de partir y el denigrante d\u00eda a d\u00eda que viven los protagonistas de este extendido fen\u00f3meno. Ben Jelloun crea retratos de violencia y corrupci\u00f3n a la vez que denuncia la visi\u00f3n que tiene Espa\u00f1a de la situaci\u00f3n. &nbsp; Seguir leyendo&#8230;<\/p>\n","protected":false},"author":37,"featured_media":0,"comment_status":"open","ping_status":"open","sticky":false,"template":"","format":"standard","meta":{"ngg_post_thumbnail":0},"categories":[1],"tags":[],"blocksy_meta":{"styles_descriptor":{"styles":{"desktop":"","tablet":"","mobile":""},"google_fonts":[],"version":4}},"aioseo_notices":[],"_links":{"self":[{"href":"https:\/\/www.madrimasd.org\/blogs\/migraciones\/wp-json\/wp\/v2\/posts\/40687"}],"collection":[{"href":"https:\/\/www.madrimasd.org\/blogs\/migraciones\/wp-json\/wp\/v2\/posts"}],"about":[{"href":"https:\/\/www.madrimasd.org\/blogs\/migraciones\/wp-json\/wp\/v2\/types\/post"}],"author":[{"embeddable":true,"href":"https:\/\/www.madrimasd.org\/blogs\/migraciones\/wp-json\/wp\/v2\/users\/37"}],"replies":[{"embeddable":true,"href":"https:\/\/www.madrimasd.org\/blogs\/migraciones\/wp-json\/wp\/v2\/comments?post=40687"}],"version-history":[{"count":0,"href":"https:\/\/www.madrimasd.org\/blogs\/migraciones\/wp-json\/wp\/v2\/posts\/40687\/revisions"}],"wp:attachment":[{"href":"https:\/\/www.madrimasd.org\/blogs\/migraciones\/wp-json\/wp\/v2\/media?parent=40687"}],"wp:term":[{"taxonomy":"category","embeddable":true,"href":"https:\/\/www.madrimasd.org\/blogs\/migraciones\/wp-json\/wp\/v2\/categories?post=40687"},{"taxonomy":"post_tag","embeddable":true,"href":"https:\/\/www.madrimasd.org\/blogs\/migraciones\/wp-json\/wp\/v2\/tags?post=40687"}],"curies":[{"name":"wp","href":"https:\/\/api.w.org\/{rel}","templated":true}]}}