{"id":41063,"date":"2006-09-13T07:02:00","date_gmt":"2006-09-13T07:02:00","guid":{"rendered":"http:\/\/weblogs.madrimasd.org\/\/migraciones\/archive\/2006\/09\/13\/41063.aspx"},"modified":"2006-09-13T07:02:00","modified_gmt":"2006-09-13T07:02:00","slug":"%c2%bfes-sostenible-una-sociedad-escindida-entre-ciudadanos-e-inmigrantes","status":"publish","type":"post","link":"https:\/\/www.madrimasd.org\/blogs\/migraciones\/2006\/09\/13\/41063","title":{"rendered":"\u00bfEs sostenible una sociedad escindida entre ciudadanos e inmigrantes?"},"content":{"rendered":"<p><span lang=\"ES\" style=\"mso-ansi-language: ES-TRAD\"> <\/p>\n<p class=\"MsoNormal\" style=\"MARGIN: 0cm 0cm 0pt; TEXT-ALIGN: justify; tab-stops: 0cm 36.0pt 72.0pt 108.0pt 144.0pt 180.0pt 216.0pt 252.0pt 288.0pt 324.0pt 360.0pt 396.0pt 432.0pt\"><span lang=\"ES\" style=\"mso-ansi-language: ES-TRAD\">Una sociedad en la que los extranjeros carecieran de derechos o disfrutaran tan s\u00f3lo de algunos de los derechos reconocidos a los ciudadanos nacionales ser\u00eda una sociedad dual, una sociedad escindida que recordar\u00eda inexorablemente a los reg\u00edmenes coloniales. De eso ya tenemos conocimiento a lo largo&nbsp;de nuestra historia. <A href=\"http:\/\/weblogs.madrimasd.org\/migraciones\/archive\/2006\/10\/12\/45963.aspx\">Y algo as\u00ed&nbsp;va abri\u00e9ndose tambi\u00e9n camino en los actuales pa\u00edses de inmigraci\u00f3n<\/a>.<\/span><\/p>\n<p><\/span><!--more--><span lang=\"ES\" style=\"mso-ansi-language: ES-TRAD\"> <\/p>\n<p class=\"MsoNormal\" style=\"MARGIN: 0cm 0cm 0pt; TEXT-ALIGN: justify; tab-stops: 0cm 36.0pt 72.0pt 108.0pt 144.0pt 180.0pt 216.0pt 252.0pt 288.0pt 324.0pt 360.0pt 396.0pt 432.0pt\"><span lang=\"ES\" style=\"mso-ansi-language: ES-TRAD\">La distinci\u00f3n ciudadano <i style=\"mso-bidi-font-style: normal\">versus<\/i> s\u00fabdito, tambi\u00e9n evoca una realidad escindida. Menos frecuente, pero tambi\u00e9n real, fue la distinci\u00f3n ciudadano <i style=\"mso-bidi-font-style: normal\">versus<\/i> habitante. <\/span>En 1839, en su <i>Catecismo razonado o explicaci\u00f3n de los art\u00edculos de la constituci\u00f3n pol\u00edtica,<\/i> el padre Eudaldo Jaumeandreu lo explicaba razonadamente: <\/p>\n<p class=\"MsoNormal\" style=\"MARGIN: 0cm 0cm 0pt 35.4pt; TEXT-ALIGN: justify; tab-stops: 0cm 36.0pt 72.0pt 108.0pt 144.0pt 180.0pt 216.0pt 252.0pt 288.0pt 324.0pt 360.0pt 396.0pt 432.0pt\">\u201cEn muchos pa\u00edses el pueblo se divide en dos clases. La primera comprende las personas que gozan de la totalidad de los derechos de ciudadan\u00eda, a saber, pol\u00edticos y civiles, y la segunda, a los que s\u00f3lo disfrutan de los civiles (&#8230;). Los primeros se llaman ciudadanos, y los otros meramente habitantes\u201d.<\/p>\n<p class=\"MsoNormal\" style=\"MARGIN: 0cm 0cm 0pt; TEXT-ALIGN: justify; tab-stops: 0cm 36.0pt 72.0pt 108.0pt 144.0pt 180.0pt 216.0pt 252.0pt 288.0pt 324.0pt 360.0pt 396.0pt 432.0pt\"><span style=\"mso-spacerun: yes\">&nbsp;<\/span>En aquella \u00e9poca, Espa\u00f1a quedaba as\u00ed constituida por unos 250.000 ciudadanos y unos 12 millones de \u201cmeros habitantes\u201d, miembros de \u201cla clase bruta o ignorante\u201d. Aquellos no fueron los mejores tiempos de nuestra historia, sin duda. \u00bfSer\u00eda mejor si estuviera constituida por 40 millones de ciudadanos y 4 de extranjeros? \u00bfY m\u00e1s justa?<\/span><\/p>\n","protected":false},"excerpt":{"rendered":"<p>Una sociedad en la que los extranjeros carecieran de derechos o disfrutaran tan s\u00f3lo de algunos de los derechos reconocidos a los ciudadanos nacionales ser\u00eda una sociedad dual, una sociedad escindida que recordar\u00eda inexorablemente a los reg\u00edmenes coloniales. De eso ya tenemos conocimiento a lo largo&nbsp;de nuestra historia. Y algo as\u00ed&nbsp;va abri\u00e9ndose tambi\u00e9n camino en los actuales pa\u00edses de inmigraci\u00f3n.<\/p>\n","protected":false},"author":37,"featured_media":0,"comment_status":"open","ping_status":"open","sticky":false,"template":"","format":"standard","meta":{"ngg_post_thumbnail":0},"categories":[1],"tags":[],"blocksy_meta":{"styles_descriptor":{"styles":{"desktop":"","tablet":"","mobile":""},"google_fonts":[],"version":4}},"aioseo_notices":[],"_links":{"self":[{"href":"https:\/\/www.madrimasd.org\/blogs\/migraciones\/wp-json\/wp\/v2\/posts\/41063"}],"collection":[{"href":"https:\/\/www.madrimasd.org\/blogs\/migraciones\/wp-json\/wp\/v2\/posts"}],"about":[{"href":"https:\/\/www.madrimasd.org\/blogs\/migraciones\/wp-json\/wp\/v2\/types\/post"}],"author":[{"embeddable":true,"href":"https:\/\/www.madrimasd.org\/blogs\/migraciones\/wp-json\/wp\/v2\/users\/37"}],"replies":[{"embeddable":true,"href":"https:\/\/www.madrimasd.org\/blogs\/migraciones\/wp-json\/wp\/v2\/comments?post=41063"}],"version-history":[{"count":0,"href":"https:\/\/www.madrimasd.org\/blogs\/migraciones\/wp-json\/wp\/v2\/posts\/41063\/revisions"}],"wp:attachment":[{"href":"https:\/\/www.madrimasd.org\/blogs\/migraciones\/wp-json\/wp\/v2\/media?parent=41063"}],"wp:term":[{"taxonomy":"category","embeddable":true,"href":"https:\/\/www.madrimasd.org\/blogs\/migraciones\/wp-json\/wp\/v2\/categories?post=41063"},{"taxonomy":"post_tag","embeddable":true,"href":"https:\/\/www.madrimasd.org\/blogs\/migraciones\/wp-json\/wp\/v2\/tags?post=41063"}],"curies":[{"name":"wp","href":"https:\/\/api.w.org\/{rel}","templated":true}]}}