{"id":48875,"date":"2006-10-31T12:42:00","date_gmt":"2006-10-31T12:42:00","guid":{"rendered":"http:\/\/weblogs.madrimasd.org\/\/migraciones\/archive\/2006\/10\/31\/48875.aspx"},"modified":"2006-10-31T12:42:00","modified_gmt":"2006-10-31T12:42:00","slug":"reflexiones-sobre-la-actual-inmigracion-en-cayucos-canarias-ante-la-inmigracion-africana","status":"publish","type":"post","link":"https:\/\/www.madrimasd.org\/blogs\/migraciones\/2006\/10\/31\/48875","title":{"rendered":"Reflexiones sobre la actual inmigraci\u00f3n en cayucos &#8211; Canarias, ante la inmigraci\u00f3n africana"},"content":{"rendered":"<p class=\"MsoNormal\" style=\"MARGIN: 0cm 0cm 0pt; TEXT-ALIGN: justify; tab-stops: 28.0pt 56.0pt 84.0pt 112.0pt 140.0pt 168.0pt 196.0pt 224.0pt 252.0pt 280.0pt 308.0pt 336.0pt; mso-pagination: none; mso-layout-grid-align: none\"><span lang=\"ES\" style=\"mso-bidi-font-family: 'Estrangelo Edessa'\">Bajo el r\u00f3tulo \u00abReflexiones sobre la actual inmigraci\u00f3n en cayucos\u00bb,&nbsp;un grupo de diez investigadores de las dos universidades canarias presentaron en p\u00fablico hace un par de semanas un importante documento sobre la actual situaci\u00f3n de la inmigraci\u00f3n en el Archipi\u00e9lago, un documento que invita al sosiego y a la reflexi\u00f3n. <\/span><\/p>\n<p class=\"MsoNormal\" style=\"MARGIN: 0cm 0cm 0pt; TEXT-ALIGN: justify; tab-stops: 28.0pt 56.0pt 84.0pt 112.0pt 140.0pt 168.0pt 196.0pt 224.0pt 252.0pt 280.0pt 308.0pt 336.0pt; mso-pagination: none; mso-layout-grid-align: none\"><span lang=\"ES\" style=\"mso-bidi-font-family: 'Estrangelo Edessa'\"><\/span>&nbsp;<\/p>\n<p class=\"MsoNormal\" style=\"MARGIN: 0cm 0cm 0pt; TEXT-ALIGN: justify; tab-stops: 28.0pt 56.0pt 84.0pt 112.0pt 140.0pt 168.0pt 196.0pt 224.0pt 252.0pt 280.0pt 308.0pt 336.0pt; mso-pagination: none; mso-layout-grid-align: none\"><span lang=\"ES\" style=\"mso-bidi-font-family: 'Estrangelo Edessa'\">Las im\u00e1genes televisadas casi en directo de <A href=\"http:\/\/weblogs.madrimasd.org\/migraciones\/archive\/2006\/06\/06\/28434.aspx\">los cayucos llegando a las playas canarias<\/a> han impactado fuertemente en la percepci\u00f3n colectiva de la sociedad, convirtiendo la inmigraci\u00f3n en el primer problema de los espa\u00f1oles (seg\u00fan datos de la \u00faltima encuesta del CIS).&nbsp;<\/span><\/p>\n<p class=\"MsoNormal\" style=\"MARGIN: 0cm 0cm 0pt; TEXT-ALIGN: justify; tab-stops: 28.0pt 56.0pt 84.0pt 112.0pt 140.0pt 168.0pt 196.0pt 224.0pt 252.0pt 280.0pt 308.0pt 336.0pt; mso-pagination: none; mso-layout-grid-align: none\"><span lang=\"ES\" style=\"mso-bidi-font-family: 'Estrangelo Edessa'\"><\/span>&nbsp;<\/p>\n<p class=\"MsoNormal\" style=\"MARGIN: 0cm 0cm 0pt; TEXT-ALIGN: justify; tab-stops: 28.0pt 56.0pt 84.0pt 112.0pt 140.0pt 168.0pt 196.0pt 224.0pt 252.0pt 280.0pt 308.0pt 336.0pt; mso-pagination: none; mso-layout-grid-align: none\"><span lang=\"ES\" style=\"mso-bidi-font-family: 'Estrangelo Edessa'\">Frente a las voces que <\/span><span lang=\"ES\">hablan de consecuencias dram\u00e1ticas provocadas por la \u201cavalancha migratoria\u201d, estos investigadores procedentes de diversas disciplinas subrayan que \u201cla actual situaci\u00f3n es una prueba para la madurez c\u00edvica y pol\u00edtica de la sociedad canaria\u201d, un reto que \u201chasta ahora la sociedad canaria lo est\u00e1 resolviendo mejor que sus pol\u00edticos\u201d.<\/span><span lang=\"DE\" style=\"mso-ansi-language: DE; mso-fareast-language: DE; mso-bidi-language: X-NONE\"><?xml:namespace prefix = o ns = \"urn:schemas-microsoft-com:office:office\" \/><o:p><\/o:p><\/span><\/p>\n<p><!--more--><\/p>\n<p class=\"MsoNormal\" style=\"MARGIN: 3pt 0cm; TEXT-ALIGN: justify\"><span lang=\"DE\" style=\"mso-ansi-language: DE; mso-fareast-language: DE; mso-bidi-language: X-NONE\">Estos diez investigadores especializados en la tem\u00e1tica migratoria consideran asimismo que determinadas intervenciones p\u00fablicas incitan al alarmismo y en ocasiones han llegado a caer en el racismo, por<span style=\"mso-spacerun: yes\">&nbsp; <\/span>lo cual exigen una<span style=\"mso-spacerun: yes\">&nbsp; <\/span>mayor responsabilidad en los mensajes a los medios<span style=\"mso-spacerun: yes\">&nbsp; <\/span>de comunicaci\u00f3n y los responsables institucionales.<\/span><span lang=\"DE\"> <\/span><span lang=\"ES\">El documento concluye de este modo:<\/span><\/p>\n<p class=\"MsoNormal\" style=\"MARGIN: 3pt 0cm; TEXT-ALIGN: justify\"><span lang=\"ES\"><\/span>&nbsp;<\/p>\n<p class=\"MsoNormal\" style=\"MARGIN: 3pt 0cm; TEXT-ALIGN: justify\"><span lang=\"ES\"><\/span><span lang=\"ES\"><span lang=\"ES\" style=\"FONT-SIZE: 11pt; FONT-FAMILY: Georgia; mso-bidi-font-family: 'Times New Roman'; mso-ansi-language: ES-TRAD; mso-fareast-language: ES; mso-bidi-language: AR-SA; mso-fareast-font-family: 'Times New Roman'\"><span lang=\"ES\" style=\"FONT-SIZE: 11pt; COLOR: gray; FONT-FAMILY: Georgia; mso-bidi-font-family: 'Times New Roman'; mso-ansi-language: ES-TRAD; mso-fareast-language: ES; mso-bidi-language: AR-SA; mso-fareast-font-family: 'Times New Roman'\"><span lang=\"ES\" style=\"FONT-SIZE: 11pt; COLOR: #333399; FONT-FAMILY: Georgia\"><span lang=\"ES\" style=\"FONT-SIZE: 10pt; COLOR: #333399; FONT-FAMILY: 'Comic Sans MS'; mso-bidi-font-family: Tahoma\">\u201cLa percepci\u00f3n colectiva de la inmigraci\u00f3n tiende a interpretarla m\u00e1s como amenaza que como oportunidad. Abundan las controversias y los mitos, que habitualmente sin pruebas emp\u00edricas la relacionan con otros problemas, caso del desempleo o la calidad de los servicios b\u00e1sicos como son la sanidad y la educaci\u00f3n. Las autoras y autores<span style=\"mso-spacerun: yes\">&nbsp; <\/span>de esta iniciativa invitamos entonces a la reflexi\u00f3n acerca de c\u00f3mo los retos que plantea la inmigraci\u00f3n se pueden convertir en oportunidades, y adem\u00e1s, animamos a que se estudien con rigor los efectos de la inmigraci\u00f3n antes de condenarla por el mero hecho de contribuir a la generaci\u00f3n de cambios m\u00e1s o menos intensos en diversos planos de nuestra realidad\u201d<\/span><span lang=\"ES\" style=\"FONT-SIZE: 10pt; FONT-FAMILY: 'Comic Sans MS'; mso-bidi-font-family: Tahoma\"><font color=\"#000000\">.<?xml:namespace prefix = o ns = \"urn:schemas-microsoft-com:office:office\" \/><o:p><\/o:p><\/font><\/span><\/p>\n<p><\/span><\/span><\/span><\/span> <\/p>\n<p class=\"MsoNormal\" style=\"MARGIN: 3pt 0cm; TEXT-ALIGN: justify\"><span lang=\"ES\"><span lang=\"ES\" style=\"FONT-SIZE: 11pt; FONT-FAMILY: Georgia; mso-bidi-font-family: 'Times New Roman'; mso-ansi-language: ES-TRAD; mso-fareast-language: ES; mso-bidi-language: AR-SA; mso-fareast-font-family: 'Times New Roman'\"><span lang=\"ES\" style=\"FONT-SIZE: 11pt; COLOR: gray; FONT-FAMILY: Georgia; mso-bidi-font-family: 'Estrangelo Edessa'; mso-ansi-language: ES-TRAD; mso-fareast-language: ES; mso-bidi-language: AR-SA; mso-fareast-font-family: 'Times New Roman'\"><\/span><\/span><\/span><span lang=\"ES\" style=\"mso-bidi-font-family: 'Estrangelo Edessa'\"><\/span>&nbsp;<\/p>\n<p class=\"MsoNormal\" style=\"MARGIN: 3pt 0cm; TEXT-ALIGN: justify\"><span lang=\"ES\" style=\"mso-bidi-font-family: 'Estrangelo Edessa'\"><a href=\"http:\/\/www.intermigra.info\/extranjeria\/archivos\/revista\/ReflexCanarias.pdf\">El documento completo puede leerse pinchando aqu\u00ed mismo<\/a>.<o:p><\/o:p><\/span><\/p>\n","protected":false},"excerpt":{"rendered":"<p>Bajo el r\u00f3tulo \u00abReflexiones sobre la actual inmigraci\u00f3n en cayucos\u00bb,&nbsp;un grupo de diez investigadores de las dos universidades canarias presentaron en p\u00fablico hace un par de semanas un importante documento sobre la actual situaci\u00f3n de la inmigraci\u00f3n en el Archipi\u00e9lago, un documento que invita al sosiego y a la reflexi\u00f3n. &nbsp; Las im\u00e1genes televisadas casi en directo de los cayucos llegando a las playas canarias han impactado fuertemente en la percepci\u00f3n colectiva de la sociedad, convirtiendo la inmigraci\u00f3n en el primer problema de los espa\u00f1oles (seg\u00fan datos de la \u00faltima encuesta del CIS).&nbsp; &nbsp; Frente a las voces que hablan\u2026<\/p>\n","protected":false},"author":37,"featured_media":0,"comment_status":"open","ping_status":"open","sticky":false,"template":"","format":"standard","meta":{"ngg_post_thumbnail":0},"categories":[1],"tags":[],"blocksy_meta":{"styles_descriptor":{"styles":{"desktop":"","tablet":"","mobile":""},"google_fonts":[],"version":4}},"aioseo_notices":[],"_links":{"self":[{"href":"https:\/\/www.madrimasd.org\/blogs\/migraciones\/wp-json\/wp\/v2\/posts\/48875"}],"collection":[{"href":"https:\/\/www.madrimasd.org\/blogs\/migraciones\/wp-json\/wp\/v2\/posts"}],"about":[{"href":"https:\/\/www.madrimasd.org\/blogs\/migraciones\/wp-json\/wp\/v2\/types\/post"}],"author":[{"embeddable":true,"href":"https:\/\/www.madrimasd.org\/blogs\/migraciones\/wp-json\/wp\/v2\/users\/37"}],"replies":[{"embeddable":true,"href":"https:\/\/www.madrimasd.org\/blogs\/migraciones\/wp-json\/wp\/v2\/comments?post=48875"}],"version-history":[{"count":0,"href":"https:\/\/www.madrimasd.org\/blogs\/migraciones\/wp-json\/wp\/v2\/posts\/48875\/revisions"}],"wp:attachment":[{"href":"https:\/\/www.madrimasd.org\/blogs\/migraciones\/wp-json\/wp\/v2\/media?parent=48875"}],"wp:term":[{"taxonomy":"category","embeddable":true,"href":"https:\/\/www.madrimasd.org\/blogs\/migraciones\/wp-json\/wp\/v2\/categories?post=48875"},{"taxonomy":"post_tag","embeddable":true,"href":"https:\/\/www.madrimasd.org\/blogs\/migraciones\/wp-json\/wp\/v2\/tags?post=48875"}],"curies":[{"name":"wp","href":"https:\/\/api.w.org\/{rel}","templated":true}]}}