{"id":54432,"date":"2006-12-08T12:59:00","date_gmt":"2006-12-08T12:59:00","guid":{"rendered":"http:\/\/weblogs.madrimasd.org\/\/migraciones\/archive\/2006\/12\/08\/54432.aspx"},"modified":"2006-12-08T12:59:00","modified_gmt":"2006-12-08T12:59:00","slug":"laicidad-migraciones-e-integracion-social-habermas","status":"publish","type":"post","link":"https:\/\/www.madrimasd.org\/blogs\/migraciones\/2006\/12\/08\/54432","title":{"rendered":"Laicidad, migraciones e integraci\u00f3n social &#8211; Habermas"},"content":{"rendered":"<p><P class=MsoNormal style=\"MARGIN: 0cm 0cm 0pt; TEXT-ALIGN: justify\"><A href=\"http:\/\/weblogs.madrimasd.org\/migraciones\/archive\/2006\/02\/09\/13198.aspx\">La integraci\u00f3n de inmigrantes<\/A> procedentes de otras culturas y religiones no es una calle de sentido \u00fanico. No basta con exigir a los inmigrantes que aprendan la lengua y que se adapten a la cultura del pa\u00eds de llegada. Tambi\u00e9n los ciudadanos aut\u00f3ctonos deben ampliar sus horizontes para aprender a comprender las formas de vida culturales de sus nuevos compatriotas. A medida que los poros compactos de la cultura nacional se van abriendo con la convivencia intercultural propiciada por la inmigraci\u00f3n se van transformando tambi\u00e9n&nbsp;nuestras percepciones sobre aquellos que&nbsp;son diferentes a nosotros mismos.<\/P> <P class=MsoNormal style=\"MARGIN: 0cm 0cm 0pt; TEXT-ALIGN: justify\">&nbsp;<\/P> <P class=MsoNormal style=\"MARGIN: 0cm 0cm 0pt; TEXT-ALIGN: justify\">Para combatir el odio y la violencia debemos introducir las reglas del Estado de derecho, con aplomo pero sin imposiciones ni af\u00e1n de provocar. Entre esas reglas est\u00e1 la igualdad de derechos entre hombre y mujer, as\u00ed como la pertinencia de las ciencias institucionalizadas en el saber secular. Ello no impide, sin embargo, el uso del velo en las calles y en los puestos de trabajo europeos, pues tal pr\u00e1ctica es tambi\u00e9n un s\u00edmbolo leg\u00edtimo de la imagen personal p\u00fablica de una cultura minoritaria muy marcada por su religi\u00f3n. Es en este contexto crecientemente multicultural donde resulta imprescindible <A href=\"http:\/\/weblogs.madrimasd.org\/migraciones\/archive\/2006\/09\/30\/44148.aspx\">un nuevo concepto de ciudadan\u00eda<\/A> para hacer que todo el mundo se sienta integrado en el&nbsp;Estado donde habita.<\/P> <P class=MsoNormal style=\"MARGIN: 0cm 0cm 0pt; TEXT-ALIGN: justify\">&nbsp;<\/P> <P class=MsoNormal style=\"MARGIN: 0cm 0cm 0pt; TEXT-ALIGN: justify\">La difusi\u00f3n de clich\u00e9s y prejuicios no ayuda en nada a la integraci\u00f3n de inmigrantes que profesan&nbsp;creencias distintas a las mayoritarias en el pa\u00eds de acogida. Entre esos clich\u00e9s se encuentra, por ejemplo, la extendida opini\u00f3n de que el Islam en su conjunto, y no s\u00f3lo su versi\u00f3n fundamentalista, es incompatible con un sistema pol\u00edtico democr\u00e1tico. Al menos nosotros, los espa\u00f1oles, como ciudadanos de un pa\u00eds con una arraigada tradici\u00f3n cat\u00f3lica,&nbsp;deber\u00edamos ser bastante prudentes y recordar que la Iglesia Cat\u00f3lica no lleg\u00f3 a reconciliarse&nbsp;con la democracia y los derechos humanos hasta el Concilio Vaticano II, es decir, hasta hace apenas cuatro d\u00e9cadas. No existe ning\u00fan motivo razonable para asumir que el variado mundo del Islam no ser\u00e1 capaz de seguir una evoluci\u00f3n similar.<\/P> <P class=MsoNormal style=\"MARGIN: 0cm 0cm 0pt; TEXT-ALIGN: justify\">&nbsp;<\/P> <P class=MsoNormal style=\"MARGIN: 0cm 0cm 0pt; TEXT-ALIGN: justify\">Tampoco ayuda mucho a&nbsp;la integraci\u00f3n social&nbsp;pretender por decreto que la convivencia social se asiente sobre valores religiosos particulares, aunque sean los de la mayor\u00eda. En los Estados europeos viven en la actualidad tantos ciudadanos no cristianos que ser\u00eda inaceptable fundamentar el orden pol\u00edtico tan s\u00f3lo sobre valores cristianos. Eso no implica, sin embargo, negar la enorme contribuci\u00f3n hist\u00f3rica que la moral de la justicia jud\u00eda y la \u00e9tica del amor cristiana han aportado a la formaci\u00f3n del&nbsp; universalismo igualitario en el que nos reconocemos tantos&nbsp;europeos.<\/P> <P class=MsoNormal style=\"MARGIN: 0cm 0cm 0pt; TEXT-ALIGN: justify\">&nbsp;<\/P> <P class=MsoNormal style=\"MARGIN: 0cm 0cm 0pt; TEXT-ALIGN: justify\">S\u00f3lo un poder pol\u00edtico laico, constituido en la forma de un Estado de derecho, y que se mantenga neutral ante las distintas cosmovisiones con las que se identifican los miembros de una sociedad, puede garantizar una convivencia tolerante&nbsp;y en igualdad de derechos entre comunidades religiosas diversas.&nbsp;<\/P> <P class=MsoNormal style=\"MARGIN: 0cm 0cm 0pt; TEXT-ALIGN: justify\">&nbsp;<\/P><SPAN style=\"FONT-SIZE: 10pt; COLOR: blue; FONT-FAMILY: Arial; mso-ansi-language: ES; mso-fareast-font-family: 'Times New Roman'; mso-fareast-language: ES; mso-bidi-language: AR-SA\"><SPAN style=\"FONT-SIZE: 9pt; COLOR: #003366; FONT-FAMILY: Arial\"> <P class=MsoNormal style=\"MARGIN: 0cm 0cm 0pt; TEXT-ALIGN: justify\" align=justify><SPAN style=\"FONT-SIZE: 8pt; COLOR: #003366; FONT-FAMILY: Arial\">[Parte del contenido de este mensaje procede de una<STRONG><SPAN style=\"FONT-FAMILY: Arial\"> <A href=\"http:\/\/www.filosofia-internet.net\/portal\/modules.php?name=News&amp;file=article&amp;sid=372\"><SPAN style=\"FONT-WEIGHT: normal; COLOR: #003366; mso-bidi-font-weight: bold\">entrevista<\/SPAN><\/A><\/SPAN><\/STRONG> a J\u00fcrgen Habermas, publicada en el diario<B style=\"mso-bidi-font-weight: normal\"> <\/B><STRONG><SPAN style=\"FONT-WEIGHT: normal; FONT-FAMILY: Arial; mso-bidi-font-weight: bold\">La Vanguardia, con ocasi\u00f3n de la traducci\u00f3n&nbsp;de uno de sus \u00faltimos libros: <I style=\"mso-bidi-font-style: normal\"><A href=\"http:\/\/www.paidos.com\/lib.asp?COD=32126\"><SPAN style=\"COLOR: #003366\">Entre naturalismo y religi\u00f3n<\/SPAN><\/A><\/I> (Paid\u00f3s, Barcelona, 2006)] <\/SPAN><\/STRONG><\/SPAN><SPAN style=\"FONT-SIZE: 8pt; COLOR: #003366; FONT-FAMILY: Arial\"><STRONG><SPAN style=\"FONT-WEIGHT: normal; FONT-FAMILY: Arial; mso-bidi-font-weight: bold\"><\/P><\/SPAN><\/STRONG><\/SPAN><\/SPAN><\/SPAN><\/p>\n","protected":false},"excerpt":{"rendered":"<p>La integraci\u00f3n de inmigrantes procedentes de otras culturas y religiones no es una calle de sentido \u00fanico. No basta con exigir a los inmigrantes que aprendan la lengua y que se adapten a la cultura del pa\u00eds de llegada. Tambi\u00e9n los ciudadanos aut\u00f3ctonos deben ampliar sus horizontes para aprender a comprender las formas de vida culturales de sus nuevos compatriotas. A medida que los poros compactos de la cultura nacional se van abriendo con la convivencia intercultural propiciada por la inmigraci\u00f3n se van transformando tambi\u00e9n&nbsp;nuestras percepciones sobre aquellos que&nbsp;son diferentes a nosotros mismos. &nbsp; Para combatir el odio y la\u2026<\/p>\n","protected":false},"author":37,"featured_media":0,"comment_status":"open","ping_status":"open","sticky":false,"template":"","format":"standard","meta":{"ngg_post_thumbnail":0},"categories":[1],"tags":[],"blocksy_meta":{"styles_descriptor":{"styles":{"desktop":"","tablet":"","mobile":""},"google_fonts":[],"version":4}},"aioseo_notices":[],"_links":{"self":[{"href":"https:\/\/www.madrimasd.org\/blogs\/migraciones\/wp-json\/wp\/v2\/posts\/54432"}],"collection":[{"href":"https:\/\/www.madrimasd.org\/blogs\/migraciones\/wp-json\/wp\/v2\/posts"}],"about":[{"href":"https:\/\/www.madrimasd.org\/blogs\/migraciones\/wp-json\/wp\/v2\/types\/post"}],"author":[{"embeddable":true,"href":"https:\/\/www.madrimasd.org\/blogs\/migraciones\/wp-json\/wp\/v2\/users\/37"}],"replies":[{"embeddable":true,"href":"https:\/\/www.madrimasd.org\/blogs\/migraciones\/wp-json\/wp\/v2\/comments?post=54432"}],"version-history":[{"count":0,"href":"https:\/\/www.madrimasd.org\/blogs\/migraciones\/wp-json\/wp\/v2\/posts\/54432\/revisions"}],"wp:attachment":[{"href":"https:\/\/www.madrimasd.org\/blogs\/migraciones\/wp-json\/wp\/v2\/media?parent=54432"}],"wp:term":[{"taxonomy":"category","embeddable":true,"href":"https:\/\/www.madrimasd.org\/blogs\/migraciones\/wp-json\/wp\/v2\/categories?post=54432"},{"taxonomy":"post_tag","embeddable":true,"href":"https:\/\/www.madrimasd.org\/blogs\/migraciones\/wp-json\/wp\/v2\/tags?post=54432"}],"curies":[{"name":"wp","href":"https:\/\/api.w.org\/{rel}","templated":true}]}}