{"id":56200,"date":"2006-12-29T00:01:00","date_gmt":"2006-12-29T00:01:00","guid":{"rendered":"http:\/\/weblogs.madrimasd.org\/\/migraciones\/archive\/2006\/12\/29\/56200.aspx"},"modified":"2006-12-29T00:01:00","modified_gmt":"2006-12-29T00:01:00","slug":"acceso-a-la-ciudadania-espanola-sin-arraigo-previo","status":"publish","type":"post","link":"https:\/\/www.madrimasd.org\/blogs\/migraciones\/2006\/12\/29\/56200","title":{"rendered":"Acceso a la ciudadan\u00eda espa\u00f1ola sin arraigo previo"},"content":{"rendered":"<p><SPAN style=\"VERTICAL-ALIGN: baseline; COLOR: #333333\"> <P class=MsoNormal style=\"MARGIN: 0cm 0cm 9.75pt; TEXT-ALIGN: justify; mso-margin-top-alt: auto\"><SPAN style=\"COLOR: black\">Existe una forma&nbsp;de adquirir la nacionalidad espa\u00f1ola que no deja de ser curiosa y, en consecuencia, digna de ser objeto de reflexi\u00f3n y debate. Me&nbsp;refiero a la ley del <A href=\"http:\/\/www.todalaley.com\/mostrarLey1983p1tn.htm\">Estatuto de la ciudadan\u00eda espa\u00f1ola en el exterior<\/A>, aprobada recientemente (Ley 40\/2006, del 14 de diciembre),&nbsp;que otorga la posibilidad de optar a la nacionalidad espa\u00f1ola a los nietos de espa\u00f1oles de origen, aunque ninguno de los progenitores haya nacido en Espa\u00f1a, que se supone que emigraron, voluntariamente o forzados por el hambre, y tambi\u00e9n a los que se exiliaron por razones pol\u00edticas, durante o tras la Guerra Civil, para salvar su vida y la de sus familiares.<\/SPAN><\/SPAN><\/P><!--more--><SPAN style=\"VERTICAL-ALIGN: baseline; COLOR: #333333\"> <P class=MsoNormal style=\"MARGIN: 0cm 0cm 9.75pt; TEXT-ALIGN: justify; mso-margin-top-alt: auto\" align=justify><FONT color=#000000>La concesi\u00f3n de la nacionalidad espa\u00f1ola a sus beneficiarios tendr\u00e1 unas caracter\u00edsticas que merecen ser destacadas ahora que se ponen en duda o se cuestionan los derechos de los inmigrantes (extranjeros) residentes en Espa\u00f1a, exigi\u00e9ndoles para su ejercicio la prueba de determinado arraigo, cultural, ling\u00fc\u00edstico o de residencia legal en nuestro pa\u00eds.<?xml:namespace prefix = o ns = \"urn:schemas-microsoft-com:office:office\" \/><o:p><\/o:p><\/FONT><\/P> <P class=MsoNormal style=\"MARGIN: 0cm 0cm 9.75pt; TEXT-ALIGN: justify; mso-margin-top-alt: auto\" align=justify><FONT color=#000000>A los nuevos espa\u00f1oles (hijos o nietos de los espa\u00f1oles de origen), a tenor de lo enunciado&nbsp;por&nbsp;la mencionada&nbsp;ley, no se les exigir\u00e1 ni residencia legal en Espa\u00f1a, ni conocimiento de la cultura de una lengua oficial en Espa\u00f1a, ni un determinado arraigo suyo ni de sus padres, que ni han nacido en Espa\u00f1a ni han vivido nunca aqu\u00ed.<o:p><\/o:p><\/FONT><\/P> <P class=MsoNormal style=\"MARGIN: 0cm 0cm 9.75pt; TEXT-ALIGN: justify; mso-margin-top-alt: auto\" align=justify><FONT color=#000000>Pese a dichas particularidades, estos espa\u00f1oles, en aplicaci\u00f3n del derecho constitucional (art. 14 CE) de igualdad de todos los espa\u00f1oles ante la ley, tendr\u00e1n los mismos derechos que los dem\u00e1s espa\u00f1oles, aunque no tengan ning\u00fan v\u00ednculo actual ni lo hayan tenido nunca en suelo espa\u00f1ol, ni hayan pagado sus impuestos en Espa\u00f1a, ni cotizado a la Seguridad Social, etc. En estos casos,&nbsp;el&nbsp;\u00fanico v\u00ednculo que guardan con Espa\u00f1a es el derivado de la filiaci\u00f3n, es decir, ser hijos de espa\u00f1ol o espa\u00f1ola de origen. Por tanto, aplicaci\u00f3n directa del principio de <I style=\"mso-bidi-font-style: normal\">ius sanguinis<\/I>.<o:p><\/o:p><\/FONT><\/P> <P style=\"TEXT-ALIGN: justify\" align=justify><FONT color=#000000>Estos nuevos espa\u00f1oles tendr\u00e1n -al igual que cualquier otro- derecho de voto y a ser votados en las elecciones generales, auton\u00f3micas y europeas, creemos que no en las municipales ni locales en Espa\u00f1a por no estar censados en un municipio espa\u00f1ol. Evidentemente, tambi\u00e9n gozar\u00e1n de los derechos que se confieren a los ciudadanos de la Uni\u00f3n Europea. A esta categor\u00eda de espa\u00f1oles en el extranjero podr\u00e1n optar un m\u00ednimo de un 1,5 millones de personas: una cifra respetable que deber\u00e1n tener muy en cuenta los partidos pol\u00edticos en las pr\u00f3ximas elecciones.<o:p><\/o:p><\/FONT><\/P> <P class=MsoNormal style=\"MARGIN: 0cm 0cm 0pt; TEXT-ALIGN: justify; tab-stops: 0cm\" align=justify><SPAN style=\"mso-bidi-font-size: 11.5pt\"><FONT color=#000000>Si los derechos de sufragio son centrales en la concepci\u00f3n democr\u00e1tica de la ciudadan\u00eda, resulta relevante observar su reconocimiento y su extensi\u00f3n a dos colectivos bien diferenciados de individuos: a) los ciudadanos no residentes (o residentes en el extranjero); y b) residentes no ciudadanos (extranjeros residentes). En Espa\u00f1a, parece que se avanza en el primer sentido, pero no en el segundo: a la poblaci\u00f3n extranjera residente en Espa\u00f1a con voluntad de permanencia no se le facilita el acceso a la ciudadan\u00eda y s\u00ed a aquellos que no tienen ning\u00fan arraigo real en el territorio nacional. No es \u00e9sta una cuesti\u00f3n balad\u00ed, pues las diversas formas de reaccionar ante estas situaciones retratan modelos de comunidad pol\u00edtica bien diferenciados.<\/FONT><\/SPAN><\/P> <P class=MsoNormal style=\"MARGIN: 0cm 0cm 0pt; TEXT-ALIGN: justify; tab-stops: 0cm\" align=justify><SPAN style=\"mso-bidi-font-size: 11.5pt\"><FONT color=#000000><\/FONT><\/SPAN>&nbsp;<\/P> <P class=MsoNormal style=\"MARGIN: 0cm 0cm 0pt; TEXT-ALIGN: justify; tab-stops: 0cm\" align=justify><SPAN style=\"mso-bidi-font-size: 11.5pt\"><FONT color=#000000>Juan Carlos Velasco<\/FONT><\/SPAN><\/P> <P class=MsoNormal style=\"MARGIN: 0cm 0cm 0pt; TEXT-ALIGN: justify; tab-stops: 0cm\" align=justify><SPAN style=\"mso-bidi-font-size: 11.5pt\"><SPAN lang=ES-TRAD style=\"FONT-SIZE: 10pt; COLOR: red; FONT-FAMILY: Times\"><\/SPAN><\/SPAN>&nbsp;<\/P> <P class=MsoNormal style=\"MARGIN: 0cm 0cm 0pt; TEXT-ALIGN: justify; tab-stops: 0cm\" align=justify><SPAN style=\"mso-bidi-font-size: 11.5pt\"><SPAN lang=ES-TRAD style=\"FONT-SIZE: 10pt; COLOR: red; FONT-FAMILY: Times\"><\/SPAN><\/SPAN>&nbsp;<\/P> <P class=MsoNormal style=\"MARGIN: 0cm 0cm 0pt; TEXT-ALIGN: justify; tab-stops: 0cm\" align=justify><SPAN style=\"mso-bidi-font-size: 11.5pt\"><SPAN lang=ES-TRAD style=\"FONT-SIZE: 10pt; COLOR: red; FONT-FAMILY: Times\">NOTA IMPORTANTE: Este &#8216;blog&#8217; es fundamentalmente un foro de debate, un lugar donde poder discutir e intercambiar opiniones sobre cuestiones relacionadas con la inmigraci\u00f3n. NO ES UN CONSULTORIO NI UNA ASESOR\u00cdA JUR\u00cdDICA NI UNA AGENCIA DE TRABAJO. <SPAN style=\"mso-spacerun: yes\">&nbsp;<\/SPAN>Por esta raz\u00f3n, los comentarios que no sean de opini\u00f3n y se limiten a solicitar informaci\u00f3n ser\u00e1n eliminados. Para resolver dudas o recibir cualquier tipo de orientaci\u00f3n concreta, y sin salir de internet, quiz\u00e1s puedan resultar de utilidad las siguientes direcciones: <A href=\"http:\/\/www.extranjeros.es\/\"><SPAN style=\"COLOR: red\">www.extranjeros.es<\/SPAN><\/A>; <A href=\"http:\/\/www.en.migrar.org\/\"><SPAN style=\"COLOR: red\">www.en.migrar.org<\/SPAN><\/A><\/SPAN><SPAN lang=ES-TRAD style=\"COLOR: #222222; FONT-FAMILY: Times\"><o:p><\/o:p><\/SPAN><\/P><\/SPAN><\/SPAN><\/p>\n","protected":false},"excerpt":{"rendered":"<p>Existe una forma&nbsp;de adquirir la nacionalidad espa\u00f1ola que no deja de ser curiosa y, en consecuencia, digna de ser objeto de reflexi\u00f3n y debate. Me&nbsp;refiero a la ley del Estatuto de la ciudadan\u00eda espa\u00f1ola en el exterior, aprobada recientemente (Ley 40\/2006, del 14 de diciembre),&nbsp;que otorga la posibilidad de optar a la nacionalidad espa\u00f1ola a los nietos de espa\u00f1oles de origen, aunque ninguno de los progenitores haya nacido en Espa\u00f1a, que se supone que emigraron, voluntariamente o forzados por el hambre, y tambi\u00e9n a los que se exiliaron por razones pol\u00edticas, durante o tras la Guerra Civil, para salvar su\u2026<\/p>\n","protected":false},"author":37,"featured_media":0,"comment_status":"open","ping_status":"open","sticky":false,"template":"","format":"standard","meta":{"ngg_post_thumbnail":0},"categories":[1],"tags":[],"blocksy_meta":{"styles_descriptor":{"styles":{"desktop":"","tablet":"","mobile":""},"google_fonts":[],"version":4}},"aioseo_notices":[],"_links":{"self":[{"href":"https:\/\/www.madrimasd.org\/blogs\/migraciones\/wp-json\/wp\/v2\/posts\/56200"}],"collection":[{"href":"https:\/\/www.madrimasd.org\/blogs\/migraciones\/wp-json\/wp\/v2\/posts"}],"about":[{"href":"https:\/\/www.madrimasd.org\/blogs\/migraciones\/wp-json\/wp\/v2\/types\/post"}],"author":[{"embeddable":true,"href":"https:\/\/www.madrimasd.org\/blogs\/migraciones\/wp-json\/wp\/v2\/users\/37"}],"replies":[{"embeddable":true,"href":"https:\/\/www.madrimasd.org\/blogs\/migraciones\/wp-json\/wp\/v2\/comments?post=56200"}],"version-history":[{"count":0,"href":"https:\/\/www.madrimasd.org\/blogs\/migraciones\/wp-json\/wp\/v2\/posts\/56200\/revisions"}],"wp:attachment":[{"href":"https:\/\/www.madrimasd.org\/blogs\/migraciones\/wp-json\/wp\/v2\/media?parent=56200"}],"wp:term":[{"taxonomy":"category","embeddable":true,"href":"https:\/\/www.madrimasd.org\/blogs\/migraciones\/wp-json\/wp\/v2\/categories?post=56200"},{"taxonomy":"post_tag","embeddable":true,"href":"https:\/\/www.madrimasd.org\/blogs\/migraciones\/wp-json\/wp\/v2\/tags?post=56200"}],"curies":[{"name":"wp","href":"https:\/\/api.w.org\/{rel}","templated":true}]}}