{"id":59174,"date":"2007-02-13T15:42:00","date_gmt":"2007-02-13T15:42:00","guid":{"rendered":"http:\/\/weblogs.madrimasd.org\/\/migraciones\/archive\/2007\/02\/13\/59174.aspx"},"modified":"2007-02-13T15:42:00","modified_gmt":"2007-02-13T15:42:00","slug":"sobre-el-proyecto-legislativo-para-extender-la-nacionalidad-a-los-nietos-de-emigrantes-espanoles","status":"publish","type":"post","link":"https:\/\/www.madrimasd.org\/blogs\/migraciones\/2007\/02\/13\/59174","title":{"rendered":"Sobre el proyecto legislativo para extender la nacionalidad a los nietos de emigrantes espa\u00f1oles"},"content":{"rendered":"<p><SPAN lang=ES-TRAD style=\"FONT-SIZE: 12pt; COLOR: black; FONT-FAMILY: 'Times New Roman'; mso-ansi-language: ES-TRAD; mso-fareast-font-family: 'Times New Roman'; mso-fareast-language: ES; mso-bidi-language: AR-SA\"> <P style=\"BACKGROUND: white; MARGIN: 0cm 0cm 0pt; TEXT-ALIGN: justify\" align=justify><SPAN style=\"COLOR: black\">El Consejo de Ministros del d\u00eda 9 de febrero de 2007 aprob\u00f3 el proyecto legislativo para modificar varios art\u00edculos del C\u00f3digo Civil, con lo que se extiende a los nietos de emigrantes espa\u00f1oles nacidos en el extranjero la posibilidad de adquirir la nacionalidad espa\u00f1ola. Las modificaciones del C\u00f3digo Civil han sido incluidas en el anteproyecto de Ley de Adopci\u00f3n Internacional. <\/SPAN><SPAN style=\"COLOR: black\"><SPAN style=\"COLOR: black\">Juan Fernando L\u00f3pez Aguilar, asegur\u00f3 en su \u00faltima comparecencia como ministro de Justicia en la rueda de prensa posterior al Consejo que, aunque no se puede cifrar el n\u00famero de personas que pueden acogerse a la medida, ser\u00e1n muchos \u00ablos esperanzados en poder recuperar este v\u00ednculo\u00bb con Espa\u00f1a, de los cuales la mayor\u00eda lo har\u00e1n en r\u00e9gimen de doble nacionalidad. <?xml:namespace prefix = o ns = \"urn:schemas-microsoft-com:office:office\" \/><o:p><\/o:p><\/SPAN><\/P> <P style=\"BACKGROUND: white; MARGIN: 0cm 0cm 0pt; TEXT-ALIGN: justify\"><SPAN style=\"COLOR: black\"><BR>La iniciativa responde al cumplimiento de un mandato del Parlamento que recog\u00eda la Ley de 16 de diciembre de 2006 denominada <A href=\"http:\/\/weblogs.madrimasd.org\/migraciones\/archive\/2006\/12\/29\/56200.aspx\">Estatuto de los Derechos de los espa\u00f1oles en el extranjero<\/A>. A juicio de L\u00f3pez Aguilar, este Estatuto supone \u00abun indicador de la calidad y consistencia del <A href=\"http:\/\/weblogs.madrimasd.org\/migraciones\/archive\/2006\/06\/17\/30956.aspx\">patriotismo constitucional<\/A>\u00bb que supone velar por los derechos de los ciudadanos \u00abest\u00e9n o no en Espa\u00f1a\u00bb. <o:p><\/o:p><\/SPAN><\/P><SPAN style=\"COLOR: black\"> <P style=\"BACKGROUND: white; MARGIN: 0cm 0cm 0pt; TEXT-ALIGN: justify\"><BR>El C\u00f3digo Civil vigente al d\u00eda de hoy exige que, para optar a la nacionalidad espa\u00f1ola, el padre o la madre de quien la solicite debe ser originariamente espa\u00f1ol y, adem\u00e1s, que haya nacido en Espa\u00f1a. As\u00ed, hasta la fecha los nietos de emigrantes espa\u00f1oles cuyos padres no hab\u00edan nacido en Espa\u00f1a no pod\u00edan acceder a la nacionalidad.<\/P> <P style=\"BACKGROUND: white; MARGIN: 0cm 0cm 0pt; TEXT-ALIGN: justify\">&nbsp;<\/P> <P style=\"BACKGROUND: white; MARGIN: 0cm 0cm 0pt; TEXT-ALIGN: justify\"><\/SPAN><SPAN style=\"COLOR: #222222; FONT-FAMILY: Times; mso-ansi-language: ES\"><o:p><SPAN lang=ES-TRAD style=\"FONT-SIZE: 10pt; COLOR: #222222\"><FONT face=\"Times New Roman\">Sobre este mismo tema, puede encontrarse informaci\u00f3n m\u00e1s detallada en la p\u00e1gina web del grupo \u00abHijos y Nietos de Espa\u00f1oles\u00bb: <BR><\/FONT><A href=\"http:\/\/groups.msn.com\/nietosporlaciudadania\" target=_new><SPAN style=\"COLOR: purple\"><FONT face=\"Times New Roman\">http:\/\/groups.msn.com\/nietosporlaciudadania<\/FONT><\/SPAN><\/A><\/SPAN><SPAN lang=ES-TRAD style=\"FONT-SIZE: 10pt\"><o:p><\/o:p><\/SPAN><\/P><\/o:p><\/SPAN> <P class=MsoNormal style=\"BACKGROUND: white; MARGIN: 0cm 0cm 0pt; TEXT-ALIGN: justify\"><SPAN lang=ES-TRAD style=\"COLOR: #222222; FONT-FAMILY: Times\"><o:p>&nbsp;<\/o:p><\/SPAN><\/P> <P class=MsoNormal style=\"BACKGROUND: white; MARGIN: 0cm 0cm 0pt; TEXT-ALIGN: justify\"><SPAN lang=ES-TRAD style=\"FONT-SIZE: 10pt; COLOR: red; FONT-FAMILY: Times\">NOTA IMPORTANTE: Este &#8216;blog&#8217; es fundamentalmente un foro de debate, un lugar donde poder discutir e intercambiar opiniones sobre cuestiones relacionadas con la inmigraci\u00f3n. NO ES UNA CONSULTOR\u00cdA, NI UNA ASESOR\u00cdA JUR\u00cdDICA, NI UNA AGENCIA DE TRABAJO. <SPAN style=\"mso-spacerun: yes\">&nbsp;<\/SPAN>Por esta raz\u00f3n, los comentarios que no sean de opini\u00f3n y se limiten a solicitar informaci\u00f3n ser\u00e1n eliminados. Para resolver dudas concretas, y sin salir de internet, quiz\u00e1s puedan resultar de utilidad las siguientes direcciones: <A href=\"http:\/\/www.extranjeros.es\/\"><SPAN style=\"COLOR: red\">www.extranjeros.es<\/SPAN><\/A>; <A href=\"http:\/\/www.en.migrar.org\/\"><SPAN style=\"COLOR: red\">www.en.migrar.org<\/SPAN><\/A><\/SPAN><SPAN lang=ES-TRAD style=\"COLOR: #222222; FONT-FAMILY: Times\"><o:p><\/o:p><\/SPAN><\/P><\/SPAN><\/SPAN><\/p>\n","protected":false},"excerpt":{"rendered":"<p>El Consejo de Ministros del d\u00eda 9 de febrero de 2007 aprob\u00f3 el proyecto legislativo para modificar varios art\u00edculos del C\u00f3digo Civil, con lo que se extiende a los nietos de emigrantes espa\u00f1oles nacidos en el extranjero la posibilidad de adquirir la nacionalidad espa\u00f1ola. Las modificaciones del C\u00f3digo Civil han sido incluidas en el anteproyecto de Ley de Adopci\u00f3n Internacional. Juan Fernando L\u00f3pez Aguilar, asegur\u00f3 en su \u00faltima comparecencia como ministro de Justicia en la rueda de prensa posterior al Consejo que, aunque no se puede cifrar el n\u00famero de personas que pueden acogerse a la medida, ser\u00e1n muchos \u00ablos\u2026<\/p>\n","protected":false},"author":37,"featured_media":0,"comment_status":"open","ping_status":"open","sticky":false,"template":"","format":"standard","meta":{"ngg_post_thumbnail":0},"categories":[1],"tags":[],"blocksy_meta":{"styles_descriptor":{"styles":{"desktop":"","tablet":"","mobile":""},"google_fonts":[],"version":4}},"aioseo_notices":[],"_links":{"self":[{"href":"https:\/\/www.madrimasd.org\/blogs\/migraciones\/wp-json\/wp\/v2\/posts\/59174"}],"collection":[{"href":"https:\/\/www.madrimasd.org\/blogs\/migraciones\/wp-json\/wp\/v2\/posts"}],"about":[{"href":"https:\/\/www.madrimasd.org\/blogs\/migraciones\/wp-json\/wp\/v2\/types\/post"}],"author":[{"embeddable":true,"href":"https:\/\/www.madrimasd.org\/blogs\/migraciones\/wp-json\/wp\/v2\/users\/37"}],"replies":[{"embeddable":true,"href":"https:\/\/www.madrimasd.org\/blogs\/migraciones\/wp-json\/wp\/v2\/comments?post=59174"}],"version-history":[{"count":0,"href":"https:\/\/www.madrimasd.org\/blogs\/migraciones\/wp-json\/wp\/v2\/posts\/59174\/revisions"}],"wp:attachment":[{"href":"https:\/\/www.madrimasd.org\/blogs\/migraciones\/wp-json\/wp\/v2\/media?parent=59174"}],"wp:term":[{"taxonomy":"category","embeddable":true,"href":"https:\/\/www.madrimasd.org\/blogs\/migraciones\/wp-json\/wp\/v2\/categories?post=59174"},{"taxonomy":"post_tag","embeddable":true,"href":"https:\/\/www.madrimasd.org\/blogs\/migraciones\/wp-json\/wp\/v2\/tags?post=59174"}],"curies":[{"name":"wp","href":"https:\/\/api.w.org\/{rel}","templated":true}]}}