{"id":59703,"date":"2007-02-21T09:43:00","date_gmt":"2007-02-21T09:43:00","guid":{"rendered":"http:\/\/weblogs.madrimasd.org\/\/migraciones\/archive\/2007\/02\/21\/59703.aspx"},"modified":"2007-02-21T09:43:00","modified_gmt":"2007-02-21T09:43:00","slug":"migraciones-y-pluralismo-religioso-en-las-escuelas","status":"publish","type":"post","link":"https:\/\/www.madrimasd.org\/blogs\/migraciones\/2007\/02\/21\/59703","title":{"rendered":"Migraciones y pluralismo religioso en las escuelas"},"content":{"rendered":"<p><P style=\"TEXT-ALIGN: justify\">En Espa\u00f1a se ha ido configurando un sistema educativo dual, p\u00fablico y privado, siendo \u00e9ste \u00faltimo b\u00e1sicamente confesional cat\u00f3lico. El anclaje&nbsp;jur\u00eddico para este sistema educativo privado-cat\u00f3lico&nbsp;ha sido el <A href=\"http:\/\/www.congreso.es\/funciones\/constitucion\/titulo_1_cap_2_sec1.htm\">art. 27 de la Constituci\u00f3n de 1978<\/A> (y en conexi\u00f3n con el art. 16). Por su parte, el destacado papel otorgado a la educaci\u00f3n cat\u00f3lica en el marco de la escuela p\u00fablica se&nbsp;ha hecho al amparo de un marco normativo extraconstitucional: casi en paralelo con la elaboraci\u00f3n de la Constituci\u00f3n Espa\u00f1ola se pactaron unos <A href=\"http:\/\/www.archimadrid.es\/dde\/ensereligion\/legisla\/acuerdo.htm\">acuerdos entre el Estado espa\u00f1ol y la Santa Sede<\/A> por los cuales se garantizaba la ense\u00f1anza confesional de la religi\u00f3n cat\u00f3lica en los centros p\u00fablicos. Es bastante posible&nbsp;que que en el momento de la firma de dichos acuerdos, \u00e9stos constituyeran&nbsp;una salida airosa para superar un conflicto que hab\u00eda lastrado anteriores experiencias democr\u00e1ticas en Espa\u00f1a, pero hoy en d\u00eda tales acuerdos plantea problemas nada sencillos de solucionar. <\/P> <P style=\"TEXT-ALIGN: justify\">Por un lado, el pa\u00eds ha experimentado en las \u00faltimas d\u00e9cadas un importante proceso de secularizaci\u00f3n, de modo que el agnosticismo y el ate\u00edsmo pr\u00e1ctico son&nbsp;opciones en crecimiento para una parte important\u00edsima de la poblaci\u00f3n. Adem\u00e1s,&nbsp;otro&nbsp;fen\u00f3meno&nbsp;creciente es el de&nbsp;la multitud de cristianos que no se sienten identificados con ninguna iglesia. Y, por otro lado, nuestra sociedad va recibiendo la incorporaci\u00f3n cada vez mayor de inmigrantes que reivindican la ense\u00f1anza en la escuela de otras religiones, entre ellas la religi\u00f3n isl\u00e1mica.<\/P> <P style=\"TEXT-ALIGN: justify\">En este terreno progresivamente plural y multiconfesional, donde la religi\u00f3n cat\u00f3lica se presenta como una opci\u00f3n m\u00e1s no s\u00f3lo frente a concepciones agn\u00f3sticas y ateas, sino tambi\u00e9n frente a otras confesiones cristianas y otras religiones monote\u00edstas, \u00bfcu\u00e1l es el camino que debe elegirse en el sistema educativo? Existen al menos dos posibilidades: a) promocionar la ense\u00f1anza no confesional del hecho religioso, en sus distintas manifestaciones y versiones; b) abrir el \u00e1mbito educativo a las distintas confesiones religiosas. <\/P> <P style=\"TEXT-ALIGN: justify\">Pero dado que la opci\u00f3n a) no es elegible en exclusiva porque est\u00e1n vigentes los mencionados acuerdos con la Santa Sede, parece que estamos abocados a la opci\u00f3n b), con lo que aumentar\u00eda el Babel en las escuelas y se renunciar\u00eda a dar unas bases comunes, por m\u00ednima que sea, para la convivencia. Entre las posibilidades abiertas, el \u00fanico camino inconstitucional ser\u00eda el de marcar discriminaciones, que ser\u00eda el caso, por ejemplo, de que se facilitase&nbsp;la ense\u00f1anza de la confesi\u00f3n cat\u00f3lica en la escuelas, pero no de otras religiones. Pues, \u00bfcon qu\u00e9 legitimidad se puede permitir la ense\u00f1anza de una determinada confesi\u00f3n religiosa en las escuelas y negar ese mismo derecho al resto de las confesiones que lo soliciten? Y en caso de que se acepte extender este derecho a todas las confesiones, \u00bfqui\u00e9n seleccionar\u00eda, contratar\u00eda y despedir\u00eda&nbsp;a los profesores encargados de impartir dicha asignatura?, \u00bflas propias comunidades religiosas como se hace en el caso de los profesores cat\u00f3licos?<\/P> <P style=\"TEXT-ALIGN: justify\">\u00bfNo ser\u00eda m\u00e1s deseable que la escuela, como el conjunto de la vida social, se asentase sobre&nbsp;<A href=\"http:\/\/weblogs.madrimasd.org\/migraciones\/archive\/2006\/12\/08\/54432.aspx\">valores comunes como, por ejemplo, los principios b\u00e1sicos del Estado democr\u00e1tico y los derechos humanos, y no&nbsp;sobre valores religiosos particulares, aunque sean los de la mayor\u00eda<\/A>? Hoy, en una Espa\u00f1a cada vez m\u00e1s plural en t\u00e9rminos culturales, religiosos e ideol\u00f3gicos, es sumamente importante educar para la convivencia. Educar en los derechos humanos es educar en valores prosociales, imprescindibles en una sociedad de ciudadanos libres, conscientes y responsables.<\/P> <P style=\"TEXT-ALIGN: justify\">&#8211; &#8211; &#8211; &#8211; &#8211; &#8211;<\/P> <P style=\"TEXT-ALIGN: justify\">&nbsp;Para completar lo expuesto aqu\u00ed con una perspectiva te\u00f3rica diferente, aunque no necesariamente enfrentada, v\u00e9anse algunos <SPAN style=\"FONT-WEIGHT: bold; FONT-SIZE: 10pt; COLOR: rgb(204,0,0); FONT-FAMILY: Arial\"><A href=\"http:\/\/www.sinpermiso.info\/textos\/index.php?id=1159\" target=_blank><FONT color=#cc0000><SPAN style=\"COLOR: rgb(204,0,0)\">argumentos filos\u00f3ficos contra la ense\u00f1anza de la religi\u00f3n en las escuelas<\/SPAN><\/FONT><\/A>.<\/SPAN><\/P><\/p>\n","protected":false},"excerpt":{"rendered":"<p>En Espa\u00f1a se ha ido configurando un sistema educativo dual, p\u00fablico y privado, siendo \u00e9ste \u00faltimo b\u00e1sicamente confesional cat\u00f3lico. El anclaje&nbsp;jur\u00eddico para este sistema educativo privado-cat\u00f3lico&nbsp;ha sido el art. 27 de la Constituci\u00f3n de 1978 (y en conexi\u00f3n con el art. 16). Por su parte, el destacado papel otorgado a la educaci\u00f3n cat\u00f3lica en el marco de la escuela p\u00fablica se&nbsp;ha hecho al amparo de un marco normativo extraconstitucional: casi en paralelo con la elaboraci\u00f3n de la Constituci\u00f3n Espa\u00f1ola se pactaron unos acuerdos entre el Estado espa\u00f1ol y la Santa Sede por los cuales se garantizaba la ense\u00f1anza confesional de\u2026<\/p>\n","protected":false},"author":37,"featured_media":0,"comment_status":"open","ping_status":"open","sticky":false,"template":"","format":"standard","meta":{"ngg_post_thumbnail":0},"categories":[1],"tags":[],"blocksy_meta":{"styles_descriptor":{"styles":{"desktop":"","tablet":"","mobile":""},"google_fonts":[],"version":4}},"aioseo_notices":[],"_links":{"self":[{"href":"https:\/\/www.madrimasd.org\/blogs\/migraciones\/wp-json\/wp\/v2\/posts\/59703"}],"collection":[{"href":"https:\/\/www.madrimasd.org\/blogs\/migraciones\/wp-json\/wp\/v2\/posts"}],"about":[{"href":"https:\/\/www.madrimasd.org\/blogs\/migraciones\/wp-json\/wp\/v2\/types\/post"}],"author":[{"embeddable":true,"href":"https:\/\/www.madrimasd.org\/blogs\/migraciones\/wp-json\/wp\/v2\/users\/37"}],"replies":[{"embeddable":true,"href":"https:\/\/www.madrimasd.org\/blogs\/migraciones\/wp-json\/wp\/v2\/comments?post=59703"}],"version-history":[{"count":0,"href":"https:\/\/www.madrimasd.org\/blogs\/migraciones\/wp-json\/wp\/v2\/posts\/59703\/revisions"}],"wp:attachment":[{"href":"https:\/\/www.madrimasd.org\/blogs\/migraciones\/wp-json\/wp\/v2\/media?parent=59703"}],"wp:term":[{"taxonomy":"category","embeddable":true,"href":"https:\/\/www.madrimasd.org\/blogs\/migraciones\/wp-json\/wp\/v2\/categories?post=59703"},{"taxonomy":"post_tag","embeddable":true,"href":"https:\/\/www.madrimasd.org\/blogs\/migraciones\/wp-json\/wp\/v2\/tags?post=59703"}],"curies":[{"name":"wp","href":"https:\/\/api.w.org\/{rel}","templated":true}]}}