{"id":64490,"date":"2007-04-26T18:41:00","date_gmt":"2007-04-26T18:41:00","guid":{"rendered":"http:\/\/weblogs.madrimasd.org\/\/migraciones\/archive\/2007\/04\/26\/64490.aspx"},"modified":"2012-02-29T12:09:03","modified_gmt":"2012-02-29T11:09:03","slug":"la-unica-identidad-humana","status":"publish","type":"post","link":"https:\/\/www.madrimasd.org\/blogs\/migraciones\/2007\/04\/26\/64490","title":{"rendered":"La \u00fanica identidad humana"},"content":{"rendered":"<p><span style=\"font-size: 13pt; font-family: Georgia;\" lang=\"ES-TRAD\"> <\/span><\/p>\n<p class=\"MsoNormal\" style=\"margin: 0cm 0cm 0pt 70.8pt; text-align: justify;\"><span style=\"font-size: 11pt; font-family: Georgia; mso-ansi-language: ES-TRAD;\" lang=\"ES-TRAD\">\u00abTen el valor de utilizar tu mirada cosmopolita, es decir, reconocer tus identidades m\u00faltiples: asociar las formas de vida que surgen de la lengua, el color de la piel, la nacionalidad o la religi\u00f3n al convencimiento de que, en la inseguridad radical del mundo, todos somos iguales y a la vez distintos\u00bb (Ulrich Beck: <em style=\"mso-bidi-font-style: normal;\">La mirada cosmopolita<\/em>, Paid\u00f3s, Barcelona, 2005).<!--?xml:namespace prefix = o ns = \"urn:schemas-microsoft-com:office:office\" \/--><\/span><\/p>\n<p class=\"MsoNormal\" style=\"margin: 0cm 0cm 0pt; text-align: justify;\"><span style=\"font-family: Georgia;\"><span style=\"font-size: 17px;\"><br \/>\n<\/span><\/span><\/p>\n<p class=\"MsoNormal\" style=\"margin: 0cm 0cm 0pt; text-align: justify;\"><span style=\"font-size: small;\"><span style=\"font-family: Georgia; mso-ansi-language: ES-TRAD;\" lang=\"ES-TRAD\">Los \u00faltimos mensajes de este blog han estado dedicados a la cuesti\u00f3n de la identidad de los inmigrantes y la compleja problem\u00e1tica asociada a la misma. Entre los comentarios recibidos al mensaje titulado<span style=\"font-family: Georgia; mso-ansi-language: ES-TRAD;\" lang=\"ES-TRAD\"> <a href=\"&quot;Ten el valor de utilizar tu mirada cosmopolita, es decir, reconocer tus identidades m\u00faltiples: asociar las formas de vida que surgen de la lengua, el color de la piel, la nacionalidad o la religi\u00f3n al convencimiento de que, en la inseguridad radical del mundo, todos somos iguales y a la vez distintos&quot; (Ulrich Beck: La mirada cosmopolita, Paid\u00f3s, Barcelona, 2005).\">La identidad y sus riegos pol\u00edticos<\/a><\/span> se encuentra el remitido por <\/span><span style=\"color: #222222; font-family: Georgia; mso-ansi-language: ES-TRAD; mso-bidi-font-family: Times;\" lang=\"ES-TRAD\">Alfonso J. V\u00e1zquez Vaamonde (25-04-2007), que por su inter\u00e9s se reproduce a continuaci\u00f3n <\/span><span style=\"font-family: Georgia; mso-ansi-language: ES-TRAD;\" lang=\"ES-TRAD\">con el objeto\u00a0de someterlo al debate de los lectores:<\/span><\/span><\/p>\n<p class=\"MsoNormal\" style=\"margin: 0cm 0cm 0pt; text-align: justify;\"><span style=\"font-family: Georgia; mso-ansi-language: ES-TRAD;\" lang=\"ES-TRAD\"><span style=\"font-size: small;\"> <\/span><\/span><\/p>\n<p class=\"MsoNormal\" style=\"margin: 0cm 0cm 0pt; text-align: justify;\"><strong><span style=\"font-size: 14pt; font-family: Times; letter-spacing: 0.7pt; mso-ansi-language: ES-TRAD;\" lang=\"ES-TRAD\"> <\/span><\/strong><\/p>\n<p class=\"MsoNormal\" style=\"margin: 0cm 0cm 0pt; text-align: justify;\"><strong><span style=\"font-size: 14pt; font-family: Times; letter-spacing: 0.7pt; mso-ansi-language: ES-TRAD;\" lang=\"ES-TRAD\">\u00bfRaza? Humana, por supuesto<\/span><\/strong><\/p>\n<p class=\"MsoNormal\" style=\"margin: 0cm 0cm 0pt; text-align: justify;\"><span style=\"font-size: 14pt; font-family: Georgia; mso-ansi-language: ES-TRAD;\" lang=\"ES-TRAD\"> <\/span><\/p>\n<p class=\"MsoNormal\" style=\"margin: 0cm 0cm 0pt; text-align: justify;\"><span style=\"color: #222222; font-family: Georgia; mso-ansi-language: ES-TRAD; mso-bidi-font-family: Times;\" lang=\"ES-TRAD\"><span style=\"font-size: small;\">Es sorprendente ver como a medida que el mundo se hace m\u00e1s peque\u00f1o el aldeanismo se hace m\u00e1s grande; como el esfuerzo por elevar el nivel cultural parece producir un aumento del alarde de la identidad aldeana en sus diferentes versiones, estatalista, nacionalista, comarcalista, o de las identidades \u00e9tnicas, religiosas, futbol\u00edsticas, culturales, etc.<\/span><\/span><\/p>\n<p><!--more--><\/p>\n<p class=\"MsoNormal\" style=\"margin: 0cm 0cm 0pt; text-align: justify;\"><span style=\"color: #222222; font-family: Georgia; mso-ansi-language: ES-TRAD; mso-bidi-font-family: Times;\" lang=\"ES-TRAD\">C\u00f3mo el ser humano se resiste a descubrir su propia y \u00fanica esencia: la de ser humano sin m\u00e1s aditamentos que el estrictamente de ser racional, que es lo que lo distingue de los dem\u00e1s seres vivos que se le parecen.<\/span><span style=\"font-family: Georgia;\"><!--?xml:namespace prefix = o ns = \"urn:schemas-microsoft-com:office:office\" \/--><\/span><\/p>\n<p class=\"MsoNormal\" style=\"margin: 0cm 0cm 0pt; text-align: justify;\"><span style=\"color: #222222; font-family: Georgia; mso-ansi-language: ES-TRAD;\" lang=\"ES-TRAD\"><br \/>\nEsta exacerbaci\u00f3n de lo inane frente a lo esencial es adecuadamente manipulado por los jerarcas pol\u00edticos y religiosos que pretenden, de este modo, que la gente renuncie voluntariamente a ser libres a condici\u00f3n de ser aceptados por el \u00abgrupo\u00bb, de estar dispuestos a considerar al otro el \u00abenemigo\u00bb, el \u00abequivocado\u00bb, el \u00abmalo\u00bb, &#8230;.. Y cuanto mayor sea la necedad de uno de estos grupos, m\u00e1s justificaci\u00f3n habr\u00e1 para el nacimiento del siguiente. <\/span><\/p>\n<p class=\"MsoNormal\" style=\"margin: 0cm 0cm 0pt; text-align: justify;\"><span style=\"color: #222222; font-family: Georgia; mso-ansi-language: ES-TRAD;\" lang=\"ES-TRAD\"> <\/span><\/p>\n<p class=\"MsoNormal\" style=\"margin: 0cm 0cm 0pt; text-align: justify;\"><span style=\"color: #222222; font-family: Georgia; mso-ansi-language: ES-TRAD;\" lang=\"ES-TRAD\">Es comprensible que la gente privada de recursos intelectuales, indefensa ante un mundo que no entiende, se agrupe buscando la \u00abprotecci\u00f3n de lo familiar\u00bb. Es, pues comprensible que un inmigrante adopte esta reacci\u00f3n animal hasta que consigue entender el idioma del pa\u00eds al que ha ido, con el que ya se puede comunicar con sus semejantes. A partir de ese momento deja de tener raz\u00f3n funcional, tanto para \u00e9l como para el natural del pa\u00eds, la exacerbaci\u00f3n del mantenimiento de esas \u00abidentidades\u00bb. Sobre todo esas identidades agresivas y no oferentes hacia los dem\u00e1s.<\/span><\/p>\n<p class=\"MsoNormal\" style=\"margin: 0cm 0cm 0pt; text-align: justify;\"><span style=\"font-family: Georgia;\"> <\/span><\/p>\n<p class=\"MsoNormal\" style=\"margin: 0cm 0cm 0pt; text-align: justify;\"><span style=\"color: #222222; font-family: Georgia; mso-ansi-language: ES-TRAD; mso-bidi-font-family: Times;\" lang=\"ES-TRAD\">Mucha responsabilidad tienen nuestros jerarcas pol\u00edticos y religiosos con la venta de sus emponzo\u00f1adas \u00abidentidades\u00bb y su \u00ab\u00fanica verdad\u00bb. <\/span><\/p>\n<p class=\"MsoNormal\" style=\"margin: 0cm 0cm 0pt; text-align: justify;\"><span style=\"font-family: Georgia;\"> <\/span><\/p>\n<p class=\"MsoNormal\" style=\"margin: 0cm 0cm 0pt; text-align: justify;\"><span style=\"color: #222222; font-family: Georgia; mso-ansi-language: ES-TRAD; mso-bidi-font-family: Times;\" lang=\"ES-TRAD\">Pero tampoco podemos pasarnos toda la vida ech\u00e1ndoles a los dem\u00e1s la culpa de nuestra abdicaci\u00f3n: la de negarnos a pensar. <\/span><\/p>\n<p class=\"MsoNormal\" style=\"margin: 0cm 0cm 0pt; text-align: justify;\"><span style=\"font-family: Georgia;\"> <\/span><\/p>\n<p class=\"MsoNormal\" style=\"margin: 0cm 0cm 0pt; text-align: justify;\"><span style=\"color: #222222; font-family: Georgia; mso-ansi-language: ES-TRAD; mso-bidi-font-family: Times;\" lang=\"ES-TRAD\">El nacionalismo, como la intolerancia religiosa, racial, etc., se pasan viajando pero, sobre todo, leyendo, razonando. La raz\u00f3n es la \u00fanica que nos puede ayudar a ser seres humanos, es decir, a ser razonables.<\/span><\/p>\n<p class=\"MsoNormal\" style=\"margin: 0cm 0cm 0pt; text-align: justify;\"><span style=\"color: #222222; font-family: Georgia; mso-ansi-language: ES-TRAD; mso-bidi-font-family: Times;\" lang=\"ES-TRAD\"> <\/span><\/p>\n<p class=\"MsoNormal\" style=\"margin: 0cm 0cm 0pt; text-align: justify;\"><span style=\"color: #222222; font-family: Georgia; mso-ansi-language: ES-TRAD; mso-bidi-font-family: Times;\" lang=\"ES-TRAD\">El paradigma de este comportamiento es el que nos revela la an\u00e9cdota de Albert Einstein. Cuando el funcionario que estaba rellenando su formulario de inmigraci\u00f3n para entrar en los Estados Unidos le pregunt\u00f3: \u00ab\u00bfraza?\u00bb, \u00e9l, sin inmutarse, le contest\u00f3: \u00abhumana, por supuesto\u00bb. <\/span><\/p>\n<p class=\"MsoNormal\" style=\"margin: 0cm 0cm 0pt; text-align: justify;\"><span style=\"font-family: Georgia;\"> <\/span><\/p>\n<p class=\"MsoNormal\" style=\"margin: 0cm 0cm 0pt; text-align: justify;\"><span style=\"color: #222222; font-family: Georgia; mso-ansi-language: ES-TRAD; mso-bidi-font-family: Times;\" lang=\"ES-TRAD\">Ha pasado m\u00e1s de medio siglo desde aquella feliz an\u00e9cdota, pero parece que el n\u00famero de razas, racillas, racetas, y raz\u00fanculas va en aumento de mano de los terroristas de toda laya, y hay muchas, empe\u00f1ados en impedirnos ser seres humanos; es decir, seres racionales.<\/span><\/p>\n<p>&nbsp;<\/p>\n","protected":false},"excerpt":{"rendered":"<p>\u00abTen el valor de utilizar tu mirada cosmopolita, es decir, reconocer tus identidades m\u00faltiples: asociar las formas de vida que surgen de la lengua, el color de la piel, la nacionalidad o la religi\u00f3n al convencimiento de que, en la inseguridad radical del mundo, todos somos iguales y a la vez distintos\u00bb (Ulrich Beck: La mirada cosmopolita, Paid\u00f3s, Barcelona, 2005). Los \u00faltimos mensajes de este blog han estado dedicados a la cuesti\u00f3n de la identidad de los inmigrantes y la compleja problem\u00e1tica asociada a la misma. Entre los comentarios recibidos al mensaje titulado La identidad y sus riegos pol\u00edticos se\u2026<\/p>\n","protected":false},"author":37,"featured_media":0,"comment_status":"open","ping_status":"open","sticky":false,"template":"","format":"standard","meta":{"ngg_post_thumbnail":0},"categories":[1],"tags":[],"blocksy_meta":{"styles_descriptor":{"styles":{"desktop":"","tablet":"","mobile":""},"google_fonts":[],"version":4}},"aioseo_notices":[],"_links":{"self":[{"href":"https:\/\/www.madrimasd.org\/blogs\/migraciones\/wp-json\/wp\/v2\/posts\/64490"}],"collection":[{"href":"https:\/\/www.madrimasd.org\/blogs\/migraciones\/wp-json\/wp\/v2\/posts"}],"about":[{"href":"https:\/\/www.madrimasd.org\/blogs\/migraciones\/wp-json\/wp\/v2\/types\/post"}],"author":[{"embeddable":true,"href":"https:\/\/www.madrimasd.org\/blogs\/migraciones\/wp-json\/wp\/v2\/users\/37"}],"replies":[{"embeddable":true,"href":"https:\/\/www.madrimasd.org\/blogs\/migraciones\/wp-json\/wp\/v2\/comments?post=64490"}],"version-history":[{"count":1,"href":"https:\/\/www.madrimasd.org\/blogs\/migraciones\/wp-json\/wp\/v2\/posts\/64490\/revisions"}],"predecessor-version":[{"id":131800,"href":"https:\/\/www.madrimasd.org\/blogs\/migraciones\/wp-json\/wp\/v2\/posts\/64490\/revisions\/131800"}],"wp:attachment":[{"href":"https:\/\/www.madrimasd.org\/blogs\/migraciones\/wp-json\/wp\/v2\/media?parent=64490"}],"wp:term":[{"taxonomy":"category","embeddable":true,"href":"https:\/\/www.madrimasd.org\/blogs\/migraciones\/wp-json\/wp\/v2\/categories?post=64490"},{"taxonomy":"post_tag","embeddable":true,"href":"https:\/\/www.madrimasd.org\/blogs\/migraciones\/wp-json\/wp\/v2\/tags?post=64490"}],"curies":[{"name":"wp","href":"https:\/\/api.w.org\/{rel}","templated":true}]}}