{"id":88755,"date":"2008-04-10T07:43:00","date_gmt":"2008-04-10T07:43:00","guid":{"rendered":"http:\/\/weblogs.madrimasd.org\/\/migraciones\/archive\/2008\/04\/10\/88755.aspx"},"modified":"2008-04-10T07:43:00","modified_gmt":"2008-04-10T07:43:00","slug":"crisis-economica-estado-de-bienestar-e-inmigracion","status":"publish","type":"post","link":"https:\/\/www.madrimasd.org\/blogs\/migraciones\/2008\/04\/10\/88755","title":{"rendered":"Crisis econ\u00f3mica, Estado de bienestar e inmigraci\u00f3n"},"content":{"rendered":"<p><P class=MsoNormal style=\"MARGIN: 0cm 0cm 9.75pt; TEXT-ALIGN: justify; mso-margin-top-alt: auto\" align=center><SPAN style=\"COLOR: #333333; FONT-FAMILY: Georgia\"><SPAN style=\"COLOR: #333333; FONT-FAMILY: Georgia\"><IMG style=\"WIDTH: 291px; HEIGHT: 172px\" height=193 src=\"\/blogs\/migraciones\/wp-content\/blogs.dir\/54\/files\/352\/t_Migrantes.jpg\" width=339><\/SPAN><\/SPAN><\/P> <P class=MsoNormal style=\"MARGIN: 0cm 0cm 9.75pt; TEXT-ALIGN: justify; mso-margin-top-alt: auto\"><SPAN style=\"COLOR: #333333; FONT-FAMILY: Georgia\">Aunque no parece que haya acuerdo entre los diferentes analistas respecto a la gravedad de la actual situaci\u00f3n econ\u00f3mica y de si se trata de una simple desaceleraci\u00f3n del crecimiento o de una severa crisis, lo cierto es que la incidencia en el mercado de trabajo ya se ha empezado a&nbsp;notar. Y ello afectar\u00e1 tambi\u00e9n, y quiz\u00e1s en una proporci\u00f3n mayor, a los inmigrantes. En esta nueva situaci\u00f3n, los inmigrantes requerir\u00e1n mayores prestaciones sociales, empezando l\u00f3gicamente por las de desempleo, pero no s\u00f3lo. La invitaci\u00f3n al retorno a sus pa\u00edses de origen, con el abono del paro al que tengan legalmente derecho (capitalizando, por ejemplo,&nbsp;el conjunto de la prestaci\u00f3n) es una salida, pero s\u00f3lo si se respeta escrupulosamente la voluntariedad de la decisi\u00f3n. Con todo, y teniendo en cuenta lo sucedido con otras experiencias similares (como las iniciativas que Francia y Alemania lanzaron tras la crisis de 1973 para estimular el regreso de sus inmigrantes),&nbsp;n<\/SPAN><SPAN style=\"COLOR: #333333; FONT-FAMILY: Georgia\">o cabe pensar que se produzca un retorno masivo.<\/SPAN><\/P><!--more--><P class=MsoNormal style=\"MARGIN: 0cm 0cm 9.75pt; TEXT-ALIGN: justify; mso-margin-top-alt: auto\"><SPAN style=\"FONT-FAMILY: Georgia; mso-bidi-font-family: Arial\">Si hay servicios sociales saturados por el aumento de poblaci\u00f3n, como sucede en la educaci\u00f3n y la sanidad con anterioridad a la presente situaci\u00f3n econ\u00f3mica, la respuesta m\u00e1s consecuente del Estado consistir\u00eda <SPAN style=\"mso-spacerun: yes\">&nbsp;<\/SPAN>en incrementar los medios y la correspondiente dotaci\u00f3n econ\u00f3mica, nunca en reducir los derechos de los ciudadanos extranjeros. Se trata, por tanto, de adecuar los servicios p\u00fablicos b\u00e1sicos al aumento de la poblaci\u00f3n y a la nueva coyuntura. En una sociedad de inmigraci\u00f3n como la espa\u00f1ola, es crucial para la convivencia la insistencia en la igualdad de derechos entre nacionales y extranjeros. <FONT color=#008000>La integraci\u00f3n es, entre otras cosas, un proceso de equiparaci\u00f3n de derechos.<\/FONT> No debe hablarse de <EM>preferencia nacional<\/EM> (enti\u00e9ndase, a favor de los nacionales), como defienden algunos partidos ultraderechistas europeos, sino de una preferencia por aquellos que est\u00e1n en una situaci\u00f3n de necesidad, con independencia de cu\u00e1l sea su origen. Es una cuesti\u00f3n de justicia y de solidaridad. <\/SPAN><\/P> <P class=MsoNormal style=\"MARGIN: 0cm 0cm 9.75pt; TEXT-ALIGN: justify; mso-margin-top-alt: auto\"><SPAN style=\"FONT-FAMILY: Georgia; mso-bidi-font-family: Arial\">Una pol\u00edtica de integraci\u00f3n de la inmigraci\u00f3n, que como tal no puede tener otro objetivo que construir una <A href=\"http:\/\/weblogs.madrimasd.org\/migraciones\/archive\/2006\/02\/09\/13198.aspx\">sociedad integrada<\/A>.&nbsp;<\/SPAN><SPAN style=\"FONT-FAMILY: Georgia; mso-bidi-font-family: Arial\"><SPAN style=\"FONT-FAMILY: Georgia; mso-bidi-font-family: Arial\">Dicho de otro modo: se tratar\u00eda de<\/SPAN><SPAN style=\"FONT-FAMILY: Georgia\"> evitar la conformaci\u00f3n de una sociedad fragmentada, compuesta por sociedades paralelas. Para ello se ha de <EM><SPAN style=\"FONT-STYLE: normal; FONT-FAMILY: Georgia; mso-bidi-font-style: italic\">propiciar que todos los individuos que habitan en el territorio del Estado disfruten de las mismas expectativas y las mismas posibilidades, pero tambi\u00e9n que est\u00e9n sometidos a las mismas exigencias y los mismos deberes. Fundamental para alcanzar esta meta es, sin duda, <\/SPAN><\/EM><\/SPAN><SPAN style=\"FONT-FAMILY: Georgia; mso-bidi-font-family: Arial\">evitar la competencia directa entre los inmigrantes y la poblaci\u00f3n aut\u00f3ctona por unos recursos sociales limitados. <\/SPAN><\/SPAN><\/P> <P class=MsoNormal style=\"MARGIN: 0cm 0cm 9.75pt; TEXT-ALIGN: justify; mso-margin-top-alt: auto\"><SPAN style=\"FONT-FAMILY: Georgia; mso-bidi-font-family: Arial\"><SPAN style=\"FONT-FAMILY: Georgia; mso-bidi-font-family: Arial\">Especialmente en&nbsp;una \u00e9poca de vacas flacas, adquiere a\u00fan mayor sentido el reforzamiento de los servicios p\u00fablicos m\u00e1s b\u00e1sicos, como son la sanidad y la educaci\u00f3n, e impedir as\u00ed que \u00e9stos pierdan calidad para todos. Una responsabilidad inexcusable de los gobernantes es la de crear las condiciones para que los m\u00e1s desfavorecidos no desarrollen actitudes de resentimiento o incluso de rechazo hacia los inmigrantes. En cualquier caso,&nbsp;las repercusiones sociales negativas de la coyuntura econ\u00f3mica deben ser absorbidas por todos y no por un \u00fanico grupo social. <\/SPAN><\/SPAN><\/P> <P class=MsoNormal style=\"MARGIN: 0cm 0cm 9.75pt; TEXT-ALIGN: justify; mso-margin-top-alt: auto\"><SPAN style=\"FONT-FAMILY: Georgia; mso-bidi-font-family: Arial\">Tampoco ahora en tiempos de desaceleraci\u00f3n deber\u00eda olvidarse que l<A href=\"http:\/\/weblogs.madrimasd.org\/migraciones\/archive\/2007\/01\/16\/57356.aspx\">os inmigrantes han contribuido, como los que m\u00e1s,&nbsp;al crecimiento econ\u00f3mico de la sociedad espa\u00f1ola en la \u00faltima d\u00e9cada.<\/A>&nbsp;Por eso esperemos que no surjan ahora voces que culpen de todos los males de la recensi\u00f3n econ\u00f3mica y de los reajustes capitalistas &#8211; el desempleo, la subidad de los precios, el aumento de la delincuencia, la precariedad de los servicios sociales, etc. &#8211; a la presencia de los inmigrantes.<\/SPAN><\/P> <P class=MsoNormal style=\"MARGIN: 0cm 0cm 9.75pt; TEXT-ALIGN: justify; mso-margin-top-alt: auto\"><SPAN style=\"FONT-FAMILY: Georgia; mso-bidi-font-family: Arial\"><\/SPAN>&nbsp;<\/P><SPAN style=\"FONT-FAMILY: Georgia; mso-bidi-font-family: Arial\"> <P class=MsoNormal style=\"BACKGROUND: white; MARGIN: 0cm 0cm 9.75pt; LINE-HEIGHT: 140%; TEXT-ALIGN: justify; mso-margin-top-alt: auto\"><SPAN style=\"FONT-SIZE: 8pt; COLOR: #525252; LINE-HEIGHT: 140%; FONT-FAMILY: Georgia; mso-bidi-font-style: italic; mso-bidi-font-family: Arial\">Publicado posteriormente, en una versi\u00f3n ampliada, en el <A href=\"http:\/\/www.elpais.com\/articulo\/opinion\/Ralentizacion\/economica\/inmigracion\/elpepuopi\/20080426elpepiopi_5\/Tes\"><FONT color=#800080>EL PAIS, 26-IV-2008<\/FONT><\/A><?xml:namespace prefix = o ns = \"urn:schemas-microsoft-com:office:office\" \/><o:p><\/o:p><\/SPAN><\/P><\/SPAN><\/p>\n","protected":false},"excerpt":{"rendered":"<p>Aunque no parece que haya acuerdo entre los diferentes analistas respecto a la gravedad de la actual situaci\u00f3n econ\u00f3mica y de si se trata de una simple desaceleraci\u00f3n del crecimiento o de una severa crisis, lo cierto es que la incidencia en el mercado de trabajo ya se ha empezado a&nbsp;notar. Y ello afectar\u00e1 tambi\u00e9n, y quiz\u00e1s en una proporci\u00f3n mayor, a los inmigrantes. En esta nueva situaci\u00f3n, los inmigrantes requerir\u00e1n mayores prestaciones sociales, empezando l\u00f3gicamente por las de desempleo, pero no s\u00f3lo. La invitaci\u00f3n al retorno a sus pa\u00edses de origen, con el abono del paro al que tengan\u2026<\/p>\n","protected":false},"author":37,"featured_media":0,"comment_status":"open","ping_status":"open","sticky":false,"template":"","format":"standard","meta":{"ngg_post_thumbnail":0},"categories":[1],"tags":[],"blocksy_meta":{"styles_descriptor":{"styles":{"desktop":"","tablet":"","mobile":""},"google_fonts":[],"version":4}},"aioseo_notices":[],"_links":{"self":[{"href":"https:\/\/www.madrimasd.org\/blogs\/migraciones\/wp-json\/wp\/v2\/posts\/88755"}],"collection":[{"href":"https:\/\/www.madrimasd.org\/blogs\/migraciones\/wp-json\/wp\/v2\/posts"}],"about":[{"href":"https:\/\/www.madrimasd.org\/blogs\/migraciones\/wp-json\/wp\/v2\/types\/post"}],"author":[{"embeddable":true,"href":"https:\/\/www.madrimasd.org\/blogs\/migraciones\/wp-json\/wp\/v2\/users\/37"}],"replies":[{"embeddable":true,"href":"https:\/\/www.madrimasd.org\/blogs\/migraciones\/wp-json\/wp\/v2\/comments?post=88755"}],"version-history":[{"count":0,"href":"https:\/\/www.madrimasd.org\/blogs\/migraciones\/wp-json\/wp\/v2\/posts\/88755\/revisions"}],"wp:attachment":[{"href":"https:\/\/www.madrimasd.org\/blogs\/migraciones\/wp-json\/wp\/v2\/media?parent=88755"}],"wp:term":[{"taxonomy":"category","embeddable":true,"href":"https:\/\/www.madrimasd.org\/blogs\/migraciones\/wp-json\/wp\/v2\/categories?post=88755"},{"taxonomy":"post_tag","embeddable":true,"href":"https:\/\/www.madrimasd.org\/blogs\/migraciones\/wp-json\/wp\/v2\/tags?post=88755"}],"curies":[{"name":"wp","href":"https:\/\/api.w.org\/{rel}","templated":true}]}}