{"id":93715,"date":"2008-06-03T16:00:00","date_gmt":"2008-06-03T16:00:00","guid":{"rendered":"http:\/\/weblogs.madrimasd.org\/\/migraciones\/archive\/2008\/06\/03\/93715.aspx"},"modified":"2010-03-16T12:56:09","modified_gmt":"2010-03-16T11:56:09","slug":"migracion-el-derecho-de-voto-y-la-redefinicion-de-la-ciudadania","status":"publish","type":"post","link":"https:\/\/www.madrimasd.org\/blogs\/migraciones\/2008\/06\/03\/93715","title":{"rendered":"Migraci\u00f3n, el derecho de voto y la redefinici\u00f3n de la ciudadan\u00eda"},"content":{"rendered":"<p class=\"MsoNormal\" style=\"BACKGROUND: white; MARGIN: 0cm 0cm 0pt; TEXT-ALIGN: justify\"><span style=\"FONT-SIZE: 9pt; COLOR: #222222\">Por <span style=\"color: #800080;\"><a href=\"http:\/\/dialnet.unirioja.es\/servlet\/extaut?codigo=189701\">Liliana Su\u00e1rez<br \/>\n<\/a><span style=\"color: #000000; font-size: 13px;\"><br \/>\nLa distorsi\u00f3n que plantean cientos de miles de residentes legales sin derecho al voto al<strong> <\/strong>modelo democr\u00e1tico no admite dudas. Segmentos muy amplios de la clase menos<strong> <\/strong>privilegiada no puede votar y por tanto sus intereses colectivos no son representados en<strong> <\/strong>el sistema democr\u00e1tico. Para que el sistema siga rigi\u00e9ndose por el<strong> <\/strong>ideario democr\u00e1tico es preciso incorporar a esta poblaci\u00f3n tambi\u00e9n en el \u00e1mbito<strong> <\/strong>pol\u00edtico. Actualmente, la adquisici\u00f3n de derechos pol\u00edticos en el caso de los extranjeros<strong> <\/strong>no comunitarios est\u00e1 condicionada a la adquisici\u00f3n de la nacionalidad y esta<strong> <\/strong><em style=\"mso-bidi-font-style: normal\">nacionalizaci\u00f3n<\/em> implica en algunos casos la p\u00e9rdida de la nacionalidad de origen.<strong> <\/strong>Aunque no hay datos concluyentes al respecto, no podemos asumir que de forma<strong> <\/strong>mayoritaria esta poblaci\u00f3n desee sacrificar la ciudadan\u00eda de origen a cambio de la de<strong> <\/strong>destino, por mucho que \u00e9sta \u00faltima sea mucho m\u00e1s generosa en los beneficios sociales y<strong> <\/strong>m\u00e1s democr\u00e1tica en los cauces de participaci\u00f3n. El aspecto simb\u00f3lico de la naci\u00f3n y la<strong> <\/strong>ciudadan\u00eda juegan un importante rol en este fen\u00f3meno.<\/span><\/span><\/span><\/p>\n<p><!--more--><\/p>\n<p class=\"MsoNormal\" style=\"MARGIN: 0cm 0cm 0pt; LINE-HEIGHT: 150%; TEXT-ALIGN: justify; mso-layout-grid-align: none\"><strong> <span style=\"font-weight: normal;\">Pero, por otra parte, es innegable que la inestabilidad legal y otros factores presentes en los procesos migratorios actuales (dificultad para la reagrupaci\u00f3n familiar,<strong> <\/strong>planteamientos de retorno temporal, etc.) llevan a algunos inmigrantes a optar por la<strong> <\/strong><em style=\"mso-bidi-font-style: normal\">nacionalizaci\u00f3n<\/em>. Ante la evidencia de este proceso, los pa\u00edses emisores han intentado<strong> <\/strong>retener los v\u00ednculos de pertenencia de las comunidades de expatriados, cuya importancia<strong> <\/strong>econ\u00f3mica y sociopol\u00edtica es cada vez m\u00e1s reconocida y potenciada. Lo que algunos te\u00f3ricos han denominado <em style=\"mso-bidi-font-style: normal\">nacionalismo desterritorializado<\/em> se traduce en la presencia<strong> <\/strong>de agentes representantes de los estados de origen en los lugares de asentamiento de las<strong> <\/strong>colonias de sus ciudadanos expatriados. Este fen\u00f3meno de desplazamiento de la<strong> <\/strong><em style=\"mso-bidi-font-style: normal\">construcci\u00f3n de la naci\u00f3n<\/em> no s\u00f3lo se manifiesta en pr\u00e1cticas econ\u00f3micas<strong> <\/strong>transnacionales potenciadas por los incentivos para la inversi\u00f3n y el turismo. De manera<strong> <\/strong>fundamental, la creciente importancia de las comunidades asentadas fuera del pa\u00eds ha<strong> <\/strong>producido adem\u00e1s cambios normativos en el derecho de nacionalidad que est\u00e1n<strong> <\/strong>normalizando cada vez m\u00e1s el mantenimiento de una <em style=\"mso-bidi-font-style: normal\"><a href=\"http:\/\/es.wikipedia.org\/wiki\/M%C3%BAltiple_nacionalidad\">doble ciudadan\u00eda<\/a><\/em>.<\/span><\/strong><\/p>\n<p class=\"MsoNormal\" style=\"MARGIN: 0cm 0cm 0pt; LINE-HEIGHT: 150%; TEXT-ALIGN: justify; mso-layout-grid-align: none\">\n<p class=\"MsoNormal\" style=\"MARGIN: 0cm 0cm 0pt; LINE-HEIGHT: 150%; TEXT-ALIGN: justify; mso-layout-grid-align: none\">Aunque los datos publicados al respecto no son concluyentes, es patente una<strong> <\/strong>transformaci\u00f3n en el modo en que tanto las administraciones p\u00fablicas, como la sociedad civil, como los propios migrantes gestionan el v\u00ednculo de los residentes y ciudadanos con la comunidad pol\u00edtica. El cambio en las grandes normativas de ciudadan\u00eda y nacionalidad son un s\u00edntoma decisivo e incontrovertible de la transformaci\u00f3n del modelo de ciudadan\u00eda nacional.<\/p>\n<p class=\"MsoNormal\" style=\"MARGIN: 0cm 0cm 0pt; LINE-HEIGHT: 150%; TEXT-ALIGN: justify; mso-layout-grid-align: none\">\n<p><span style=\"FONT-SIZE: 11pt\"><span style=\"COLOR: black; mso-bidi-font-weight: bold\"><a href=\"http:\/\/www.munimadrid.es\/UnidadesDescentralizadas\/ServALaCiudadania\/InmiCoopVolun\/Inmigracion\/EspInformativos\/ObserMigraciones\/Publicaciones\/PtosVista\/pvista_4.pdf\"><span style=\"color: #800080;\"><span style=\"mso-bidi-font-weight: normal\"> <\/span><\/span><\/a><span style=\"FONT-SIZE: 10pt\"><span style=\"COLOR: black; mso-bidi-font-weight: bold\"><a href=\"http:\/\/www.munimadrid.es\/UnidadesDescentralizadas\/ServALaCiudadania\/InmiCoopVolun\/Inmigracion\/EspInformativos\/ObserMigraciones\/Publicaciones\/PtosVista\/pvista_4.pdf\"><span style=\"COLOR: purple; mso-bidi-font-weight: normal\"> <\/span><\/a><\/p>\n<p class=\"MsoNormal\" style=\"MARGIN: 0cm 0cm 0pt; TEXT-ALIGN: justify; mso-layout-grid-align: none\"><span style=\"FONT-SIZE: 10pt; FONT-FAMILY: 'Gill Sans MT'\">Un desarrollo de estas ideas, as\u00ed como bibliograf\u00eda adicional, se encuentra en el art\u00edculo de la autora titulado <span style=\"COLOR: black; mso-bidi-font-weight: bold\"><a href=\"http:\/\/www.munimadrid.es\/UnidadesDescentralizadas\/ServALaCiudadania\/InmiCoopVolun\/Inmigracion\/EspInformativos\/ObserMigraciones\/Publicaciones\/PtosVista\/pvista_4.pdf\"><span style=\"COLOR: purple\">Ciudadan\u00eda e inmigraci\u00f3n<\/span><span style=\"COLOR: purple; mso-bidi-font-weight: normal\">: \u00bfun <\/span><span style=\"COLOR: purple\">ox\u00edmoron<\/span><span style=\"COLOR: purple; mso-bidi-font-weight: normal\">?<\/span><\/a><\/span><\/span><\/p>\n<p><\/span><\/span><\/span><\/span><\/p>\n","protected":false},"excerpt":{"rendered":"<p>Por Liliana Su\u00e1rez La distorsi\u00f3n que plantean cientos de miles de residentes legales sin derecho al voto al modelo democr\u00e1tico no admite dudas. Segmentos muy amplios de la clase menos privilegiada no puede votar y por tanto sus intereses colectivos no son representados en el sistema democr\u00e1tico. Para que el sistema siga rigi\u00e9ndose por el ideario democr\u00e1tico es preciso incorporar a esta poblaci\u00f3n tambi\u00e9n en el \u00e1mbito pol\u00edtico. Actualmente, la adquisici\u00f3n de derechos pol\u00edticos en el caso de los extranjeros no comunitarios est\u00e1 condicionada a la adquisici\u00f3n de la nacionalidad y esta nacionalizaci\u00f3n implica en algunos casos la p\u00e9rdida de\u2026<\/p>\n","protected":false},"author":37,"featured_media":0,"comment_status":"open","ping_status":"open","sticky":false,"template":"","format":"standard","meta":{"ngg_post_thumbnail":0},"categories":[1],"tags":[],"blocksy_meta":{"styles_descriptor":{"styles":{"desktop":"","tablet":"","mobile":""},"google_fonts":[],"version":4}},"aioseo_notices":[],"_links":{"self":[{"href":"https:\/\/www.madrimasd.org\/blogs\/migraciones\/wp-json\/wp\/v2\/posts\/93715"}],"collection":[{"href":"https:\/\/www.madrimasd.org\/blogs\/migraciones\/wp-json\/wp\/v2\/posts"}],"about":[{"href":"https:\/\/www.madrimasd.org\/blogs\/migraciones\/wp-json\/wp\/v2\/types\/post"}],"author":[{"embeddable":true,"href":"https:\/\/www.madrimasd.org\/blogs\/migraciones\/wp-json\/wp\/v2\/users\/37"}],"replies":[{"embeddable":true,"href":"https:\/\/www.madrimasd.org\/blogs\/migraciones\/wp-json\/wp\/v2\/comments?post=93715"}],"version-history":[{"count":1,"href":"https:\/\/www.madrimasd.org\/blogs\/migraciones\/wp-json\/wp\/v2\/posts\/93715\/revisions"}],"predecessor-version":[{"id":131562,"href":"https:\/\/www.madrimasd.org\/blogs\/migraciones\/wp-json\/wp\/v2\/posts\/93715\/revisions\/131562"}],"wp:attachment":[{"href":"https:\/\/www.madrimasd.org\/blogs\/migraciones\/wp-json\/wp\/v2\/media?parent=93715"}],"wp:term":[{"taxonomy":"category","embeddable":true,"href":"https:\/\/www.madrimasd.org\/blogs\/migraciones\/wp-json\/wp\/v2\/categories?post=93715"},{"taxonomy":"post_tag","embeddable":true,"href":"https:\/\/www.madrimasd.org\/blogs\/migraciones\/wp-json\/wp\/v2\/tags?post=93715"}],"curies":[{"name":"wp","href":"https:\/\/api.w.org\/{rel}","templated":true}]}}