{"id":266,"date":"2012-04-12T13:11:26","date_gmt":"2012-04-12T12:11:26","guid":{"rendered":"http:\/\/www.madrimasd.org\/blogs\/patentesymarcas\/?p=266"},"modified":"2012-04-12T13:11:26","modified_gmt":"2012-04-12T12:11:26","slug":"reunion-anual-de-centros-regionales-de-informacion-de-propiedad-industrial","status":"publish","type":"post","link":"https:\/\/www.madrimasd.org\/blogs\/patentesymarcas\/2012\/reunion-anual-de-centros-regionales-de-informacion-de-propiedad-industrial\/","title":{"rendered":"Reuni\u00f3n anual de Centros Regionales de Informaci\u00f3n de Propiedad Industrial"},"content":{"rendered":"<p>Durante los d\u00edas 26 y 27 de Marzo, tuvo lugar en San Sebasti\u00e1n, la reuni\u00f3n anual de <a title=\"CRPI\" href=\"http:\/\/www.oepm.es\/es\/propiedad_industrial\/enlaces_de_interes\/centros_regionales_informacion_propiedad_industrial\/index.html\">Centros Regionales de Informaci\u00f3n de Propiedad Industrial<\/a>.<\/p>\n<p>En esta ocasi\u00f3n, la reuni\u00f3n fue organizada por la Oficina territorial del\u00a0Departamento de Industria, Innovaci\u00f3n, Comercio y Turismo del Gobierno Vasco y a la misma acudieron 22 delegados de los Centros Regionales de: Andaluc\u00eda, Arag\u00f3n, Canarias, Castilla-Le\u00f3n, Extremadura, Galicia, La Rioja, Murcia, Navarra, \u00a0Pa\u00eds Vasco y 3 representantes de la <a title=\"oepm\" href=\"http:\/\/www.oepm.es\">Oficina Espa\u00f1ola de Patentes y Marcas (OEPM)<\/a>.<\/p>\n<p>La reuni\u00f3n ten\u00eda como objetivo el fortalecimiento e intercambio de experiencias de los diferentes CR y durante la misma cada Centro present\u00f3 un resumen de actividades y actuaciones anuales, seguida de una discusi\u00f3n sobre la situaci\u00f3n actual de los Centros y sus perspectivas de futuro.<\/p>\n<p>Durante estos dos d\u00edas se puso de manifiesto la necesidad de resaltar la labor de los Centros por la importancia que tiene en la promoci\u00f3n de la <a title=\"PI\" href=\"http:\/\/www.oepm.es\/es\/propiedad_industrial\/index.html\">Propiedad Industrial<\/a> \u00a0entre las empresas locales y la mejora de la competitividad de las mismas.<\/p>\n<p>En la actualidad la OEPM tiene firmados Convenios de colaboraci\u00f3n con\u00a014 \u00a0CCAA en materia \u00a0de cooperaci\u00f3n y prestaci\u00f3n de servicios en materia de Propiedad Industrial y como consecuencia de los mimos surge la creaci\u00f3n de los <a title=\"CRPI\" href=\"http:\/\/www.oepm.es\/es\/propiedad_industrial\/enlaces_de_interes\/centros_regionales_informacion_propiedad_industrial\/index.html\">Centros Regionales de Informaci\u00f3n de Propiedad Industrial<\/a>.<\/p>\n","protected":false},"excerpt":{"rendered":"<p>Durante los d\u00edas 26 y 27 de Marzo, tuvo lugar en San Sebasti\u00e1n, la reuni\u00f3n anual de Centros Regionales de Informaci\u00f3n de Propiedad Industrial. En esta ocasi\u00f3n, la reuni\u00f3n fue organizada por la Oficina territorial del\u00a0Departamento de Industria, Innovaci\u00f3n, Comercio y Turismo del Gobierno Vasco y a la misma acudieron 22 delegados de los Centros Regionales de: Andaluc\u00eda, Arag\u00f3n, Canarias, Castilla-Le\u00f3n, Extremadura, Galicia, La Rioja, Murcia, Navarra, \u00a0Pa\u00eds Vasco y 3 representantes de la Oficina Espa\u00f1ola de Patentes y Marcas (OEPM). La reuni\u00f3n ten\u00eda como objetivo el fortalecimiento e intercambio de experiencias de los diferentes CR y durante la misma\u2026<\/p>\n","protected":false},"author":183,"featured_media":0,"comment_status":"open","ping_status":"open","sticky":false,"template":"","format":"standard","meta":{"_mi_skip_tracking":false,"ngg_post_thumbnail":0},"categories":[12852],"tags":[8316],"blocksy_meta":{"styles_descriptor":{"styles":{"desktop":"","tablet":"","mobile":""},"google_fonts":[],"version":4}},"aioseo_notices":[],"_links":{"self":[{"href":"https:\/\/www.madrimasd.org\/blogs\/patentesymarcas\/wp-json\/wp\/v2\/posts\/266"}],"collection":[{"href":"https:\/\/www.madrimasd.org\/blogs\/patentesymarcas\/wp-json\/wp\/v2\/posts"}],"about":[{"href":"https:\/\/www.madrimasd.org\/blogs\/patentesymarcas\/wp-json\/wp\/v2\/types\/post"}],"author":[{"embeddable":true,"href":"https:\/\/www.madrimasd.org\/blogs\/patentesymarcas\/wp-json\/wp\/v2\/users\/183"}],"replies":[{"embeddable":true,"href":"https:\/\/www.madrimasd.org\/blogs\/patentesymarcas\/wp-json\/wp\/v2\/comments?post=266"}],"version-history":[{"count":6,"href":"https:\/\/www.madrimasd.org\/blogs\/patentesymarcas\/wp-json\/wp\/v2\/posts\/266\/revisions"}],"predecessor-version":[{"id":272,"href":"https:\/\/www.madrimasd.org\/blogs\/patentesymarcas\/wp-json\/wp\/v2\/posts\/266\/revisions\/272"}],"wp:attachment":[{"href":"https:\/\/www.madrimasd.org\/blogs\/patentesymarcas\/wp-json\/wp\/v2\/media?parent=266"}],"wp:term":[{"taxonomy":"category","embeddable":true,"href":"https:\/\/www.madrimasd.org\/blogs\/patentesymarcas\/wp-json\/wp\/v2\/categories?post=266"},{"taxonomy":"post_tag","embeddable":true,"href":"https:\/\/www.madrimasd.org\/blogs\/patentesymarcas\/wp-json\/wp\/v2\/tags?post=266"}],"curies":[{"name":"wp","href":"https:\/\/api.w.org\/{rel}","templated":true}]}}