{"id":339,"date":"2012-05-14T12:52:56","date_gmt":"2012-05-14T11:52:56","guid":{"rendered":"http:\/\/www.madrimasd.org\/blogs\/patentesymarcas\/?p=339"},"modified":"2012-05-14T12:52:56","modified_gmt":"2012-05-14T11:52:56","slug":"curso-uimp-reforzar-el-producto-empresarial-la-marca-y-el-diseno","status":"publish","type":"post","link":"https:\/\/www.madrimasd.org\/blogs\/patentesymarcas\/2012\/curso-uimp-reforzar-el-producto-empresarial-la-marca-y-el-diseno\/","title":{"rendered":"Curso UIMP- Reforzar el producto empresarial: la Marca y el Dise\u00f1o"},"content":{"rendered":"<p>Del 9 al 13 de julio se hablar\u00e1 en Santander de Propiedad Industrial. Esta parte del derecho, que se ha convertido en un instrumento indispensable para la competitividad de las empresas, ser\u00e1 el tema central de uno de los Cursos de la <a title=\"UIMP\" href=\"http:\/\/www.uimp.es\/\">Universidad Internacional Men\u00e9ndez Pelayo<\/a>.<\/p>\n<p>Ser\u00e1 el Subsecretario de Industria,\u00a0 Energ\u00eda y Turismo y Presidente de la OEPM quien inaugurar\u00e1 el curso, \u00a0junto con el Presidente de la Oficina Europea de Patentes, el Presidente de la Oficina de Armonizaci\u00f3n del Mercado Interior y el Director General de la OEPM.<\/p>\n<p>Para que las empresas espa\u00f1olas puedan mejorar su\u00a0 posici\u00f3n competitiva en los mercados globales deben hacer un\u00a0 uso estrat\u00e9gico de los instrumentos de protecci\u00f3n de la <a title=\"PI\" href=\"http:\/\/www.oepm.es\/es\/propiedad_industrial\/index.html\">Propiedad Industrial<\/a> como factor de diferenciaci\u00f3n y especializaci\u00f3n lo que a su vez redundar\u00e1 en un mayor rendimiento del sistema productivo espa\u00f1ol a largo plazo.<\/p>\n<p>Este a\u00f1o el curso se centrar\u00e1 en la <a title=\"Marca\" href=\"http:\/\/www.oepm.es\/es\/propiedad_industrial\/preguntas_frecuentes\/FaqSignos01.html\">marca<\/a> y el <a title=\"Dise\u00f1o\" href=\"http:\/\/www.oepm.es\/es\/propiedad_industrial\/preguntas_frecuentes\/FaqDisenos01.html\">dise\u00f1o<\/a>, haciendo hincapi\u00e9 en el valor diferenciador que otorga la marca y por otro lado, en la importancia est\u00e9tica del dise\u00f1o.<\/p>\n<p>Los ponentes ser\u00e1n representantes del mundo empresarial (<a title=\"Freixenet\" href=\"http:\/\/www.freixenet.es\/\">Freixenet<\/a>, <a title=\"dia\" href=\"http:\/\/www.dia.es\/gestorContenido.html;jsessionid=707B8532D1246E3515FBD60E883569B8?action=getCajas4Pagina&amp;idPagina=1\">Grupo Dia<\/a>, <a title=\"Novo\" href=\"http:\/\/www.estudionovo.es\/\">Estudio de dise\u00f1o Novo<\/a>, etc), asociaciones empresariales como <a title=\"andema\" href=\"http:\/\/www.andema.org\/\">ANDEMA<\/a>, consultoras como Interbrand\u00a0 o del \u201cecodise\u00f1o\u201d como <em>Joan Rieradevall i Pons (<a title=\"UAB\" href=\"http:\/\/www.uab.es\/\">UAB<\/a>).<\/em><\/p>\n<p>Las personas interesadas en participar podr\u00e1n solicitar una <a title=\"beca\" href=\"http:\/\/www.uimp.es\/uimp\/home\/homeUIMPdina.php?jcj=ACTIVIDADES_ACADEMICAS&amp;juj=3002&amp;lan=es&amp;jpj=plan=61AW&amp;any=2012-13&amp;verasi=N&amp;lan=es&amp;tipo=ACA&amp;parametros=actividad=$oficial=S$sede=Santander$tipoact=$fecini=$fecfin=$director=$conferenciante=$areas=$busqueda=1$mostrar=25$pagina=2$encurso=\">beca<\/a> a la propia UIMP, con el plazo l\u00edmite de presentaci\u00f3n del 25 de mayo.<\/p>\n<p>&nbsp;<\/p>\n<p>&nbsp;<\/p>\n","protected":false},"excerpt":{"rendered":"<p>Del 9 al 13 de julio se hablar\u00e1 en Santander de Propiedad Industrial. Esta parte del derecho, que se ha convertido en un instrumento indispensable para la competitividad de las empresas, ser\u00e1 el tema central de uno de los Cursos de la Universidad Internacional Men\u00e9ndez Pelayo. Ser\u00e1 el Subsecretario de Industria,\u00a0 Energ\u00eda y Turismo y Presidente de la OEPM quien inaugurar\u00e1 el curso, \u00a0junto con el Presidente de la Oficina Europea de Patentes, el Presidente de la Oficina de Armonizaci\u00f3n del Mercado Interior y el Director General de la OEPM. Para que las empresas espa\u00f1olas puedan mejorar su\u00a0 posici\u00f3n competitiva\u2026<\/p>\n","protected":false},"author":183,"featured_media":0,"comment_status":"open","ping_status":"open","sticky":false,"template":"","format":"standard","meta":{"_mi_skip_tracking":false,"ngg_post_thumbnail":0},"categories":[12915,26797,12852],"tags":[84],"blocksy_meta":{"styles_descriptor":{"styles":{"desktop":"","tablet":"","mobile":""},"google_fonts":[],"version":4}},"aioseo_notices":[],"_links":{"self":[{"href":"https:\/\/www.madrimasd.org\/blogs\/patentesymarcas\/wp-json\/wp\/v2\/posts\/339"}],"collection":[{"href":"https:\/\/www.madrimasd.org\/blogs\/patentesymarcas\/wp-json\/wp\/v2\/posts"}],"about":[{"href":"https:\/\/www.madrimasd.org\/blogs\/patentesymarcas\/wp-json\/wp\/v2\/types\/post"}],"author":[{"embeddable":true,"href":"https:\/\/www.madrimasd.org\/blogs\/patentesymarcas\/wp-json\/wp\/v2\/users\/183"}],"replies":[{"embeddable":true,"href":"https:\/\/www.madrimasd.org\/blogs\/patentesymarcas\/wp-json\/wp\/v2\/comments?post=339"}],"version-history":[{"count":13,"href":"https:\/\/www.madrimasd.org\/blogs\/patentesymarcas\/wp-json\/wp\/v2\/posts\/339\/revisions"}],"predecessor-version":[{"id":352,"href":"https:\/\/www.madrimasd.org\/blogs\/patentesymarcas\/wp-json\/wp\/v2\/posts\/339\/revisions\/352"}],"wp:attachment":[{"href":"https:\/\/www.madrimasd.org\/blogs\/patentesymarcas\/wp-json\/wp\/v2\/media?parent=339"}],"wp:term":[{"taxonomy":"category","embeddable":true,"href":"https:\/\/www.madrimasd.org\/blogs\/patentesymarcas\/wp-json\/wp\/v2\/categories?post=339"},{"taxonomy":"post_tag","embeddable":true,"href":"https:\/\/www.madrimasd.org\/blogs\/patentesymarcas\/wp-json\/wp\/v2\/tags?post=339"}],"curies":[{"name":"wp","href":"https:\/\/api.w.org\/{rel}","templated":true}]}}