{"id":354,"date":"2012-05-21T12:09:27","date_gmt":"2012-05-21T11:09:27","guid":{"rendered":"http:\/\/www.madrimasd.org\/blogs\/patentesymarcas\/?p=354"},"modified":"2012-05-21T12:13:35","modified_gmt":"2012-05-21T11:13:35","slug":"la-propiedad-industrial-en-la-universidad","status":"publish","type":"post","link":"https:\/\/www.madrimasd.org\/blogs\/patentesymarcas\/2012\/la-propiedad-industrial-en-la-universidad\/","title":{"rendered":"La Propiedad Industrial en la Universidad"},"content":{"rendered":"<p>Los d\u00edas 16 al 18 de mayo, tuvo lugar en Estambul una Conferencia internacional sobre\u00a0 la gesti\u00f3n de la Propiedad Intelectual e Industrial en la Universidad (<a title=\"IPconf\" href=\"http:\/\/www.ipconference.boun.edu.tr\/index.php\">International Conference on Managing Intellectual Property in Universities<\/a>) Dicha Conferencia fue organizada por la Organizaci\u00f3n Mundial de la Propiedad Intelectual (<a title=\"OMPI\" href=\"http:\/\/www.wipo.int\/portal\/index.html.en\">OMPI<\/a>), el <a title=\"O.Turca\" href=\"http:\/\/www.tpe.gov.tr\/portal\/default_en.jsp\">Instituto Turco de Patentes<\/a> y la <a title=\"B.Univ\" href=\"http:\/\/www.arastirma.boun.edu.tr\/arastirma.php?a_l=en&amp;p=193\">Universidad Bo\u011fazi\u00e7i<\/a> de Estambul.<\/p>\n<p>Este a\u00f1o, la\u00a0 Conferencia se centr\u00f3 en la ense\u00f1anza de la PI en la Universidad para enfrentarse a los cambios que deben afrontar tanto la propia Universidad como las empresas as\u00ed como a una efectiva \u00a0comercializaci\u00f3n de los activos intangibles.<\/p>\n<p>Una de las mesas redondas estuvo dedicada a la implantaci\u00f3n de la ense\u00f1anza de la PI en las universidades de algunos pa\u00edses europeos, entre ellos Espa\u00f1a y cont\u00f3 con la participaci\u00f3n de la OEPM. La integraci\u00f3n de la PI en los planes de estudio universitarios se enmarca dentro del <a title=\"PI Univ\" href=\"http:\/\/www.oepm.es\/es\/sobre_oepm\/educacion_formacion\/educacion_y_formacion_pi\/difusion_conocimiento_propiedad_industrial_universidades_espanolas\/index.html\">proyecto europeo<\/a> liderado por la <a title=\"Academia EPO\" href=\"http:\/\/www.epo.org\/about-us\/office\/academy.html\">Academia Europea de Patentes<\/a> para implantar la ense\u00f1anza de la PI en las universidades europeas. En dicho proyecto participa tambi\u00e9n la <a title=\"Academia OAMI\" href=\"http:\/\/oami.europa.eu\/annualReport_2011\/html\/es\/academy.html\">Academia de la Oficina de Armonizaci\u00f3n del Mercado Interior<\/a> (OAMI), y otras oficinas nacionales de PI, entre ellas la OEPM.<\/p>\n<p>&nbsp;<\/p>\n","protected":false},"excerpt":{"rendered":"<p>Los d\u00edas 16 al 18 de mayo, tuvo lugar en Estambul una Conferencia internacional sobre\u00a0 la gesti\u00f3n de la Propiedad Intelectual e Industrial en la Universidad (International Conference on Managing Intellectual Property in Universities) Dicha Conferencia fue organizada por la Organizaci\u00f3n Mundial de la Propiedad Intelectual (OMPI), el Instituto Turco de Patentes y la Universidad Bo\u011fazi\u00e7i de Estambul. Este a\u00f1o, la\u00a0 Conferencia se centr\u00f3 en la ense\u00f1anza de la PI en la Universidad para enfrentarse a los cambios que deben afrontar tanto la propia Universidad como las empresas as\u00ed como a una efectiva \u00a0comercializaci\u00f3n de los activos intangibles. Una de\u2026<\/p>\n","protected":false},"author":183,"featured_media":0,"comment_status":"open","ping_status":"open","sticky":false,"template":"","format":"standard","meta":{"_mi_skip_tracking":false,"ngg_post_thumbnail":0},"categories":[12852],"tags":[84],"blocksy_meta":{"styles_descriptor":{"styles":{"desktop":"","tablet":"","mobile":""},"google_fonts":[],"version":4}},"aioseo_notices":[],"_links":{"self":[{"href":"https:\/\/www.madrimasd.org\/blogs\/patentesymarcas\/wp-json\/wp\/v2\/posts\/354"}],"collection":[{"href":"https:\/\/www.madrimasd.org\/blogs\/patentesymarcas\/wp-json\/wp\/v2\/posts"}],"about":[{"href":"https:\/\/www.madrimasd.org\/blogs\/patentesymarcas\/wp-json\/wp\/v2\/types\/post"}],"author":[{"embeddable":true,"href":"https:\/\/www.madrimasd.org\/blogs\/patentesymarcas\/wp-json\/wp\/v2\/users\/183"}],"replies":[{"embeddable":true,"href":"https:\/\/www.madrimasd.org\/blogs\/patentesymarcas\/wp-json\/wp\/v2\/comments?post=354"}],"version-history":[{"count":11,"href":"https:\/\/www.madrimasd.org\/blogs\/patentesymarcas\/wp-json\/wp\/v2\/posts\/354\/revisions"}],"predecessor-version":[{"id":365,"href":"https:\/\/www.madrimasd.org\/blogs\/patentesymarcas\/wp-json\/wp\/v2\/posts\/354\/revisions\/365"}],"wp:attachment":[{"href":"https:\/\/www.madrimasd.org\/blogs\/patentesymarcas\/wp-json\/wp\/v2\/media?parent=354"}],"wp:term":[{"taxonomy":"category","embeddable":true,"href":"https:\/\/www.madrimasd.org\/blogs\/patentesymarcas\/wp-json\/wp\/v2\/categories?post=354"},{"taxonomy":"post_tag","embeddable":true,"href":"https:\/\/www.madrimasd.org\/blogs\/patentesymarcas\/wp-json\/wp\/v2\/tags?post=354"}],"curies":[{"name":"wp","href":"https:\/\/api.w.org\/{rel}","templated":true}]}}