{"id":4267,"date":"2017-11-15T08:30:14","date_gmt":"2017-11-15T07:30:14","guid":{"rendered":"http:\/\/www.madrimasd.org\/blogs\/patentesymarcas\/?p=4267"},"modified":"2017-11-14T18:41:58","modified_gmt":"2017-11-14T17:41:58","slug":"campana-diferentemente-iguales-a-que-suena","status":"publish","type":"post","link":"https:\/\/www.madrimasd.org\/blogs\/patentesymarcas\/2017\/campana-diferentemente-iguales-a-que-suena\/","title":{"rendered":"Campa\u00f1a \u201cDIFERENTEMENTE IGUALES\u201d;  \u00bfA qu\u00e9 suena\u2026?"},"content":{"rendered":"<p>Con motivo de la Semana de la Cooperaci\u00f3n Iberoamericana que se celebr\u00f3 del 30 de octubre al 5 de noviembre, la <a href=\"http:\/\/segib.org\/\" target=\"_blank\">Secretar\u00eda General Iberoamericana<\/a>\u00a0(SEGIB) lanz\u00f3 la campa\u00f1a <strong>DIFERENTEMENTE IGUALES. <\/strong>Un proyecto en espa\u00f1ol y portugu\u00e9s que pretende dar visibilidad a la Cooperaci\u00f3n Iberoamericana mostrando la labor que realizan en este \u00e1mbito los\u00a0<a href=\"http:\/\/segib.org\/paises\" target=\"_blank\">22 pa\u00edses miembros<\/a>, su historia, sus <a href=\"http:\/\/segib.org\/cooperacion-iberoamericana\/\" target=\"_blank\">proyectos<\/a>\u00a0y, sobre todo, lo que son.<\/p>\n<p style=\"text-align: center;\"><a href=\"https:\/\/www.madrimasd.org\/blogs\/patentesymarcas\/files\/2017\/11\/Car\u00e1tula-web.jpg\"><img decoding=\"async\" class=\"aligncenter  wp-image-4268\" title=\"Car\u00e1tula web\" src=\"https:\/\/www.madrimasd.org\/blogs\/patentesymarcas\/files\/2017\/11\/Car\u00e1tula-web-1024x201.jpg\" alt=\"\" width=\"717\" height=\"141\" srcset=\"https:\/\/www.madrimasd.org\/blogs\/patentesymarcas\/files\/2017\/11\/Car\u00e1tula-web-1024x201.jpg 1024w, https:\/\/www.madrimasd.org\/blogs\/patentesymarcas\/files\/2017\/11\/Car\u00e1tula-web-300x59.jpg 300w, https:\/\/www.madrimasd.org\/blogs\/patentesymarcas\/files\/2017\/11\/Car\u00e1tula-web.jpg 1142w\" sizes=\"(max-width: 717px) 100vw, 717px\" \/><\/a><\/p>\n<p>En palabras de Rebeca Grynspan, Secretaria General de la SEGIB, \u00a0en el acto de presentaci\u00f3n de la campa\u00f1a celebrado el pasado 23 de octubre en Madrid, \u201cSomos diferentes y eso nos enriquece y a la vez somos iguales y eso nos une, por eso somos diferentemente iguales\u201d. \u201cLa cooperaci\u00f3n iberoamericana abarca una treintena de \u00e1reas que van desde el cine, la m\u00fasica, o las artesan\u00edas, hasta becas de estudio y de investigaci\u00f3n, adem\u00e1s del intercambio de conocimiento y capacidades; todo aquello que mejore a nuestras sociedades y genere m\u00e1s oportunidades\u201d, a\u00f1adi\u00f3 (<a href=\"http:\/\/segib.org\/wp-content\/uploads\/Nota-de-prensa-Diferentemente-Iguales-_-231017_ESP.pdf\">Nota de Prensa<\/a>).<\/p>\n<p>La campa\u00f1a incluye una p\u00e1gina web <a href=\"http:\/\/www.diferentementeiguales.org\/\">www.diferentementeiguales.org<\/a> , a trav\u00e9s de la cual se puede hacer un recorrido por todos los proyectos de la cooperaci\u00f3n iberoamericana, para acercar al usuario a los proyectos de cooperaci\u00f3n y cohesi\u00f3n social (ej. Bancos de Leche Humana), cultura (ej. Ibermedia), conocimiento (ej. CYTED), etc. \u00a0Todas las acciones de la campa\u00f1a, \u00a0videos, infograf\u00edas animadas, actividades digitales, acciones en redes sociales, actividades con prensa, eventos, etc., han estado enfocadas a informar a los ciudadanos sobre los resultados que se han generado en Iberoam\u00e9rica a trav\u00e9s de los programas y proyectos de la cooperaci\u00f3n iberoamericana, proyectos que pueden consultarse en un mapa interactivo disponible en la web de la campa\u00f1a.<\/p>\n<p>&nbsp;<\/p>\n<p style=\"text-align: center;\"><a href=\"https:\/\/www.madrimasd.org\/blogs\/patentesymarcas\/files\/2017\/11\/Mapa.jpg\"><img decoding=\"async\" class=\"aligncenter  wp-image-4270\" title=\"Mapa\" src=\"https:\/\/www.madrimasd.org\/blogs\/patentesymarcas\/files\/2017\/11\/Mapa-1024x596.jpg\" alt=\"\" width=\"645\" height=\"375\" srcset=\"https:\/\/www.madrimasd.org\/blogs\/patentesymarcas\/files\/2017\/11\/Mapa-1024x596.jpg 1024w, https:\/\/www.madrimasd.org\/blogs\/patentesymarcas\/files\/2017\/11\/Mapa-300x174.jpg 300w, https:\/\/www.madrimasd.org\/blogs\/patentesymarcas\/files\/2017\/11\/Mapa.jpg 1492w\" sizes=\"(max-width: 645px) 100vw, 645px\" \/><\/a><em>Mapa interactivo para \u201cviajar\u201d por los proyectos de la cooperaci\u00f3n iberoamericana<\/em><\/p>\n<p>Con el objetivo de que el mensaje llegue mejor a los j\u00f3venes,\u00a0<strong>LA M\u00daSICA\u00a0\u00a0<\/strong>se convierte en el hilo conductor de la campa\u00f1a,\u00a0 concret\u00e1ndose en un\u00a0<a href=\"https:\/\/youtu.be\/ecGQujhiUaI\">videoclip<\/a>\u00a0 con espectaculares im\u00e1genes y la participaci\u00f3n de la\u00a0cantante <a href=\"https:\/\/es.wikipedia.org\/wiki\/Bebe\">Bebe<\/a>, que ha\u00a0sido la encargada de poner voz a la canci\u00f3n de la cooperaci\u00f3n iberoamericana \u201cDiferentemente iguales\u201d, resultado de la combinaci\u00f3n de los sonidos caracter\u00edsticos de cada uno de los 22 pa\u00edses participantes.<\/p>\n<p style=\"text-align: center;\"><a href=\"https:\/\/www.madrimasd.org\/blogs\/patentesymarcas\/files\/2017\/11\/Rebeca-y-Bebe.jpg\"><img decoding=\"async\" class=\"aligncenter  wp-image-4272\" title=\"Rebeca y Bebe\" src=\"https:\/\/www.madrimasd.org\/blogs\/patentesymarcas\/files\/2017\/11\/Rebeca-y-Bebe.jpg\" alt=\"\" width=\"651\" height=\"268\" srcset=\"https:\/\/www.madrimasd.org\/blogs\/patentesymarcas\/files\/2017\/11\/Rebeca-y-Bebe.jpg 930w, https:\/\/www.madrimasd.org\/blogs\/patentesymarcas\/files\/2017\/11\/Rebeca-y-Bebe-300x123.jpg 300w\" sizes=\"(max-width: 651px) 100vw, 651px\" \/><\/a><em>Rebeca Grynspan, Secretaria General de la SEGIB, junto a la cantante Bebe en el acto de presentaci\u00f3n de la campa\u00f1a \u201cDIFERENTEMENTE IGUALES\u201d<\/em><\/p>\n<p align=\"center\"><strong>\u00bfC\u00d3MO SUENA TU VIAJE?<\/strong><\/p>\n<p>Es la pregunta que lanza SEGIB desde sus canales de comunicaci\u00f3n animando a participar en la campa\u00f1a, compartiendo las tareas de cooperaci\u00f3n de unos y otros y poniendo de manifiesto lo que nos une y nos hace \u201cDiferentemente Iguales\u201d a todos los que conformamos la comunidad iberoamericana. As\u00ed los organizadores invitaron a adaptar los mensajes de la campa\u00f1a \u00a0a las actividades de cada cual, contribuyendo a su difusi\u00f3n y amplificaci\u00f3n entre todos los pa\u00edses que constituyen la comunidad iberoamericana, fundamentalmente a trav\u00e9s de las redes sociales: \u00bfC\u00f3mo suena la cooperaci\u00f3n? \u00bfC\u00f3mo suena la solidaridad? \u00bfA qu\u00e9 suena el cine iberoamericano? \u00bfQu\u00e9 sonido tienen las oportunidades? \u00bfA qu\u00e9 suena la cohesi\u00f3n social? \u00bfA qu\u00e9 suena la cultura? \u00bfA qu\u00e9 suena el conocimiento?&#8230;<\/p>\n<p style=\"text-align: center;\"><a href=\"https:\/\/www.madrimasd.org\/blogs\/patentesymarcas\/files\/2017\/11\/tuits4.jpg\"><img decoding=\"async\" class=\"aligncenter  wp-image-4275\" title=\"tuits4\" src=\"https:\/\/www.madrimasd.org\/blogs\/patentesymarcas\/files\/2017\/11\/tuits4-1024x585.jpg\" alt=\"\" width=\"717\" height=\"410\" srcset=\"https:\/\/www.madrimasd.org\/blogs\/patentesymarcas\/files\/2017\/11\/tuits4-1024x585.jpg 1024w, https:\/\/www.madrimasd.org\/blogs\/patentesymarcas\/files\/2017\/11\/tuits4-300x171.jpg 300w, https:\/\/www.madrimasd.org\/blogs\/patentesymarcas\/files\/2017\/11\/tuits4.jpg 1157w\" sizes=\"(max-width: 717px) 100vw, 717px\" \/><\/a><em>Oficinas de Patentes y Organismos relacionados con la Propiedad<\/em> <em>\u00a0Industrial se unieron a la campa\u00f1a adaptando su mensaje en redes sociales<\/em><\/p>\n<p>La OEPM tambi\u00e9n puso su granito de arena lanzando en sus redes sociales mensajes como\u2026 \u00bfA qu\u00e9 suena la cooperaci\u00f3n en Propiedad Industrial? \u00bfA qu\u00e9 suena compartir el conocimiento?, \u00a0con el objetivo de difundir sus actividades de cooperaci\u00f3n con Iberoam\u00e9rica, haciendo especial hincapi\u00e9 en el <a href=\"http:\/\/www.ibepi.org\/\">Programa IBEPI<\/a>.<\/p>\n<p style=\"text-align: center;\"><a href=\"https:\/\/www.madrimasd.org\/blogs\/patentesymarcas\/files\/2017\/11\/tuits51.jpg\"><img decoding=\"async\" class=\"aligncenter  wp-image-4277\" title=\"tuits5\" src=\"https:\/\/www.madrimasd.org\/blogs\/patentesymarcas\/files\/2017\/11\/tuits51-1024x554.jpg\" alt=\"\" width=\"717\" height=\"388\" srcset=\"https:\/\/www.madrimasd.org\/blogs\/patentesymarcas\/files\/2017\/11\/tuits51-1024x554.jpg 1024w, https:\/\/www.madrimasd.org\/blogs\/patentesymarcas\/files\/2017\/11\/tuits51-300x162.jpg 300w, https:\/\/www.madrimasd.org\/blogs\/patentesymarcas\/files\/2017\/11\/tuits51.jpg 1228w\" sizes=\"(max-width: 717px) 100vw, 717px\" \/><\/a><\/p>\n<p style=\"text-align: center;\"><a href=\"https:\/\/www.madrimasd.org\/blogs\/patentesymarcas\/files\/2017\/11\/tuits31.jpg\"><img decoding=\"async\" class=\"aligncenter  wp-image-4279\" title=\"tuits3\" src=\"https:\/\/www.madrimasd.org\/blogs\/patentesymarcas\/files\/2017\/11\/tuits31.jpg\" alt=\"\" width=\"453\" height=\"143\" srcset=\"https:\/\/www.madrimasd.org\/blogs\/patentesymarcas\/files\/2017\/11\/tuits31.jpg 566w, https:\/\/www.madrimasd.org\/blogs\/patentesymarcas\/files\/2017\/11\/tuits31-300x94.jpg 300w\" sizes=\"(max-width: 453px) 100vw, 453px\" \/><\/a><em>Algunos tweets de la OEPM sum\u00e1ndose a la campa\u00f1a<\/em><\/p>\n<p style=\"text-align: center;\" align=\"center\"><a href=\"https:\/\/www.madrimasd.org\/blogs\/patentesymarcas\/files\/2017\/11\/facebook.jpg\"><img decoding=\"async\" class=\"aligncenter  wp-image-4280\" title=\"facebook\" src=\"https:\/\/www.madrimasd.org\/blogs\/patentesymarcas\/files\/2017\/11\/facebook.jpg\" alt=\"\" width=\"433\" height=\"439\" srcset=\"https:\/\/www.madrimasd.org\/blogs\/patentesymarcas\/files\/2017\/11\/facebook.jpg 619w, https:\/\/www.madrimasd.org\/blogs\/patentesymarcas\/files\/2017\/11\/facebook-296x300.jpg 296w\" sizes=\"(max-width: 433px) 100vw, 433px\" \/><\/a><em>Entrada de la OEPM en su p\u00e1gina de <a href=\"https:\/\/www.facebook.com\/oepm.es\/posts\/1193450504132870\">Facebook<\/a>\u00a0animando a participar en la campa\u00f1a<\/em><\/p>\n<p>Numerosos medios de comunicaci\u00f3n se hicieron eco igualmente de la campa\u00f1a. A modo de ejemplo podemos citar:<\/p>\n<p>&#8211; Ayuntamiento de Madrid (nota de prensa)\u00a0 <a href=\"https:\/\/diario.madrid.es\/blog\/notas-de-prensa\/diferentemente-iguales\/\">https:\/\/diario.madrid.es\/blog\/notas-de-prensa\/diferentemente-iguales\/<\/a><\/p>\n<p>&#8211; Diarios digitales y agencias de noticias:<\/p>\n<p><a href=\"http:\/\/www.abc.es\/cultura\/musica\/abci-diferentemente-iguales-bebe-y-carlos-jean-cantan-iberoamerica-201710231149_noticia.html\">http:\/\/www.abc.es\/cultura\/musica\/abci-diferentemente-iguales-bebe-y-carlos-jean-cantan-iberoamerica-201710231149_noticia.html<\/a><\/p>\n<p><a href=\"https:\/\/www.efe.com\/efe\/espana\/cultura\/bebe-para-escribir-diferentemente-iguales-me-he-inspirado-en-iberoamerica\/10005-3416645\">https:\/\/www.efe.com\/efe\/espana\/cultura\/bebe-para-escribir-diferentemente-iguales-me-he-inspirado-en-iberoamerica\/10005-3416645<\/a><\/p>\n<p><a href=\"http:\/\/www.eldiario.es\/cultura\/Bebe-escribir-Diferentemente-inspirado-Iberoamerica_0_700280582.html\">http:\/\/www.eldiario.es\/cultura\/Bebe-escribir-Diferentemente-inspirado-Iberoamerica_0_700280582.html<\/a><\/p>\n<p><a href=\"http:\/\/www.lasprovincias.es\/culturas\/videoclip-diferentemente-iguales-bebe-5635509246001-20171105011127-vi.html\">http:\/\/www.lasprovincias.es\/culturas\/videoclip-diferentemente-iguales-bebe-5635509246001-20171105011127-vi.html<\/a><\/p>\n<p>&#8211; Radio y televisi\u00f3n<\/p>\n<p><a href=\"http:\/\/www.cadenadial.com\/2017\/bebe-y-carlos-jean-diferentemente-iguales-114722.html\">http:\/\/www.cadenadial.com\/2017\/bebe-y-carlos-jean-diferentemente-iguales-114722.html<\/a><\/p>\n<p><a href=\"http:\/\/www.canalextremadura.es\/portada\/actualidad\/diferentemente-iguales-lo-nuevo-de-bebe\">http:\/\/www.canalextremadura.es\/portada\/actualidad\/diferentemente-iguales-lo-nuevo-de-bebe<\/a><\/p>\n<p>Puedes encontrar m\u00e1s informaci\u00f3n y actividades realizadas durante la campa\u00f1a en la p\u00e1gina de <a href=\"https:\/\/www.facebook.com\/SEGIB\/?fref=ts\">Facebook<\/a> \u00a0de la SEGIB y en Twitter con la etiqueta #DiferentementeIguales.<\/p>\n<p>&nbsp;<\/p>\n<p>&nbsp;<\/p>\n<p>&nbsp;<\/p>\n","protected":false},"excerpt":{"rendered":"<p>Con motivo de la Semana de la Cooperaci\u00f3n Iberoamericana que se celebr\u00f3 del 30 de octubre al 5 de noviembre, la Secretar\u00eda General Iberoamericana\u00a0(SEGIB) lanz\u00f3 la campa\u00f1a DIFERENTEMENTE IGUALES. Un proyecto en espa\u00f1ol y portugu\u00e9s que pretende dar visibilidad a la Cooperaci\u00f3n Iberoamericana mostrando la labor que realizan en este \u00e1mbito los\u00a022 pa\u00edses miembros, su historia, sus proyectos\u00a0y, sobre todo, lo que son. En palabras de Rebeca Grynspan, Secretaria General de la SEGIB, \u00a0en el acto de presentaci\u00f3n de la campa\u00f1a celebrado el pasado 23 de octubre en Madrid, \u201cSomos diferentes y eso nos enriquece y a la vez somos\u2026<\/p>\n","protected":false},"author":183,"featured_media":0,"comment_status":"open","ping_status":"open","sticky":false,"template":"","format":"standard","meta":{"_mi_skip_tracking":false,"ngg_post_thumbnail":0},"categories":[27391],"tags":[],"blocksy_meta":{"styles_descriptor":{"styles":{"desktop":"","tablet":"","mobile":""},"google_fonts":[],"version":4}},"aioseo_notices":[],"_links":{"self":[{"href":"https:\/\/www.madrimasd.org\/blogs\/patentesymarcas\/wp-json\/wp\/v2\/posts\/4267"}],"collection":[{"href":"https:\/\/www.madrimasd.org\/blogs\/patentesymarcas\/wp-json\/wp\/v2\/posts"}],"about":[{"href":"https:\/\/www.madrimasd.org\/blogs\/patentesymarcas\/wp-json\/wp\/v2\/types\/post"}],"author":[{"embeddable":true,"href":"https:\/\/www.madrimasd.org\/blogs\/patentesymarcas\/wp-json\/wp\/v2\/users\/183"}],"replies":[{"embeddable":true,"href":"https:\/\/www.madrimasd.org\/blogs\/patentesymarcas\/wp-json\/wp\/v2\/comments?post=4267"}],"version-history":[{"count":10,"href":"https:\/\/www.madrimasd.org\/blogs\/patentesymarcas\/wp-json\/wp\/v2\/posts\/4267\/revisions"}],"predecessor-version":[{"id":4284,"href":"https:\/\/www.madrimasd.org\/blogs\/patentesymarcas\/wp-json\/wp\/v2\/posts\/4267\/revisions\/4284"}],"wp:attachment":[{"href":"https:\/\/www.madrimasd.org\/blogs\/patentesymarcas\/wp-json\/wp\/v2\/media?parent=4267"}],"wp:term":[{"taxonomy":"category","embeddable":true,"href":"https:\/\/www.madrimasd.org\/blogs\/patentesymarcas\/wp-json\/wp\/v2\/categories?post=4267"},{"taxonomy":"post_tag","embeddable":true,"href":"https:\/\/www.madrimasd.org\/blogs\/patentesymarcas\/wp-json\/wp\/v2\/tags?post=4267"}],"curies":[{"name":"wp","href":"https:\/\/api.w.org\/{rel}","templated":true}]}}