{"id":5331,"date":"2019-05-08T08:30:10","date_gmt":"2019-05-08T07:30:10","guid":{"rendered":"http:\/\/www.madrimasd.org\/blogs\/patentesymarcas\/?p=5331"},"modified":"2019-05-07T15:06:33","modified_gmt":"2019-05-07T14:06:33","slug":"grupo-premo-lideres-de-la-cuarta-revolucion-industrial","status":"publish","type":"post","link":"https:\/\/www.madrimasd.org\/blogs\/patentesymarcas\/2019\/grupo-premo-lideres-de-la-cuarta-revolucion-industrial\/","title":{"rendered":"GRUPO PREMO: L\u00cdDERES DE LA CUARTA REVOLUCI\u00d3N INDUSTRIAL"},"content":{"rendered":"<p style=\"text-align: justify;\"><span style=\"color: #000000;\">La entrada de esta semana est\u00e1 dedicada a <\/span><strong><a href=\"https:\/\/www.grupopremo.com\/\"><span style=\"color: #0000ff;\">GRUPO PREMO<\/span><\/a><\/strong><span style=\"color: #000000;\"> una empresa espa\u00f1ola, <strong>innovadora <\/strong><\/span><span style=\"color: #000000;\">por definici\u00f3n, que ha basado su \u00e9xito empresarial, en una adecuada gesti\u00f3n de la Propiedad Industrial, como as\u00ed queda recogido en el libro <\/span><strong><a href=\"http:\/\/www.oepm.es\/es\/propiedad_industrial\/publicaciones\/monografias\/LaPropIndusInfluExitoEmpre_Volu2.html\"><span style=\"color: #0000ff;\">\u201cLa Propiedad Industrial y su influencia en el \u00e9xito empresarial-Volumen 2\u201d<\/span><\/a><\/strong><span style=\"color: #000000;\">. <\/span><\/p>\n<p style=\"text-align: justify;\"><span style=\"color: #000000;\"><strong>PREMO<\/strong> es una empresa innovadora, con m\u00e1s de 54 a\u00f1os de andadura y base en M\u00e1laga, cuya m\u00e1xima es visualizar y afrontar lo que va a llegar al mundo de la tecnolog\u00eda del ma\u00f1ana: la rob\u00f3tica, las comunicaciones entre m\u00e1quinas, el coche el\u00e9ctrico, h\u00edbrido o aut\u00f3nomo, el internet de las cosas, la realidad virtual, la inteligencia artificial, el Big Data etc. Todo este tipo de tecnolog\u00edas, que est\u00e1n transformando la econom\u00eda y la sociedad, necesitan una enorme cantidad de sensores y de informaci\u00f3n conectada a Internet de manera inal\u00e1mbrica.<\/span><\/p>\n<p style=\"text-align: justify;\"><span style=\"color: #000000;\"><span style=\"color: #000000;\">Es all\u00ed donde, <strong>PREMO<\/strong><\/span><span style=\"color: #000000;\">, se adelanta a su competencia, ofreciendo <\/span><span style=\"color: #000000;\">soluciones tecnol\u00f3gicas basadas en el magnetismo <\/span><span style=\"color: #000000;\">que puedan ser usadas en ese tipo de tecnolog\u00edas. Una vez dise\u00f1adas estas soluciones tecnol\u00f3gicas, las venden a las mayores compa\u00f1\u00edas del mundo en cada campo o aquellas que son pioneras. Las principales marcas internacionales de autom\u00f3viles como Mercedes, Audi, BMW, Toyota, Tesla, Ford, Renault y un largo etc\u00e9tera conf\u00edan en las piezas elaboradas por esta empresa andaluza para muchos de sus modelos m\u00e1s innovadores. En el caso concreto de Tesla, <strong>PREMO <\/strong><\/span><span style=\"color: #000000;\">es uno de los escasos proveedores de Europa con los que trabaja la compa\u00f1\u00eda.<span style=\"color: #000000;\">\u00a0<\/span><\/span><\/span><\/p>\n<p>&nbsp;<\/p>\n<p><a href=\"https:\/\/www.madrimasd.org\/blogs\/patentesymarcas\/files\/2019\/05\/Captura1.png\"><img decoding=\"async\" class=\"aligncenter size-full wp-image-5333\" title=\"Captura\" src=\"https:\/\/www.madrimasd.org\/blogs\/patentesymarcas\/files\/2019\/05\/Captura1.png\" alt=\"\" width=\"749\" height=\"420\" srcset=\"https:\/\/www.madrimasd.org\/blogs\/patentesymarcas\/files\/2019\/05\/Captura1.png 749w, https:\/\/www.madrimasd.org\/blogs\/patentesymarcas\/files\/2019\/05\/Captura1-300x168.png 300w\" sizes=\"(max-width: 749px) 100vw, 749px\" \/><\/a><\/p>\n<p style=\"text-align: justify;\"><span style=\"color: #000000;\">A d\u00eda de hoy, el <strong>GRUPO PREMO<\/strong><\/span><span style=\"color: #000000;\"> cuenta con una <\/span><span style=\"color: #000000;\">cuota de exportaci\u00f3n que alcanza el 98%, estando presente en 57 pa\u00edses y siendo China su principal mercado de venta; Alemania y Estados Unidos el 2\u00ba y 3\u00ba respectivamente.<\/span><\/p>\n<p style=\"text-align: justify;\"><span style=\"color: #000000;\"><span style=\"color: #000000;\">Cuenta con m\u00e1s de 1.100 empleados trabajando por crear un \u201cmundo sensorizado\u201d, conectado de manera inal\u00e1mbrica a la red, mediante una tecnolog\u00eda barata, para facilitar la accesibilidad a todo el mundo, con la m\u00e1xima de utilizar una energ\u00eda muy eficiente que no necesite bater\u00edas.<\/span><\/span><\/p>\n<p style=\"text-align: justify;\"><span style=\"color: #000000;\"><span style=\"color: #000000;\">M\u00e1s del 10% de la facturaci\u00f3n del <strong>GRUPO PREMO<\/strong><\/span><span style=\"color: #000000;\"> se invierte en <\/span><strong><span style=\"color: #000000;\">I+D+i<\/span><\/strong><span style=\"color: #000000;\"> lo que se traduce en un equipo de unas 90-100 personas que se dedican a la <\/span><strong><span style=\"color: #000000;\">I+D+i<\/span><\/strong><span style=\"color: #000000;\">, desde el proceso hasta el producto, gestionado junto con el ecosistema de Centros Tecnol\u00f3gicos Espa\u00f1oles, CSIC, Universidades Espa\u00f1olas etc.<\/span><\/span><\/p>\n<p style=\"text-align: justify;\"><span style=\"color: #000000;\"><span style=\"color: #000000;\">Para que este sistema de negocio, basado en la <strong>I+D+i<\/strong><\/span><span style=\"color: #000000;\">, sea rentable y revierta en valor para la empresa, <\/span><strong><span style=\"color: #000000;\">PREMO<\/span><\/strong><span style=\"color: #000000;\"> ha adoptado una <\/span><strong><span style=\"color: #000000;\">pol\u00edtica de <\/span><\/strong><span style=\"color: #000000;\"><strong>protecci\u00f3n basada en la Propiedad Industrial<\/strong> <\/span><span style=\"color: #000000;\">donde los resultados tecnol\u00f3gicos de la estrat\u00e9gica de innovaci\u00f3n se protegen por medio de <strong>patentes<\/strong><\/span><span style=\"color: #000000;\">, apostando tambi\u00e9n por una unificada estrategia de marca y donde la expansi\u00f3n comercial es la clave del \u00e9xito. La innovaci\u00f3n tecnol\u00f3gica de la empresa queda avalada por las m\u00e1s de <\/span><span style=\"color: #000000;\">40 patentes, tanto <strong>patentes europeas<\/strong> como <strong>patentes tramitadas v\u00eda PCT<\/strong> (Tratado de Cooperaci\u00f3n de Patentes), como por la <strong>vigilancia tecnol\u00f3gica<\/strong> que realizan de sus activos intangibles.<\/span><\/span><\/p>\n<p><a href=\"https:\/\/www.madrimasd.org\/blogs\/patentesymarcas\/files\/2019\/05\/CapturaComponentes.png\"><img decoding=\"async\" class=\"aligncenter size-full wp-image-5334\" title=\"CapturaComponentes\" src=\"https:\/\/www.madrimasd.org\/blogs\/patentesymarcas\/files\/2019\/05\/CapturaComponentes.png\" alt=\"\" width=\"745\" height=\"132\" srcset=\"https:\/\/www.madrimasd.org\/blogs\/patentesymarcas\/files\/2019\/05\/CapturaComponentes.png 745w, https:\/\/www.madrimasd.org\/blogs\/patentesymarcas\/files\/2019\/05\/CapturaComponentes-300x53.png 300w\" sizes=\"(max-width: 745px) 100vw, 745px\" \/><\/a><\/p>\n<p style=\"text-align: justify;\"><span style=\"color: #000000;\">Como puede comprobarse, <strong>PREMO<\/strong><\/span><span style=\"color: #000000;\"> est\u00e1 invirtiendo gran cantidad de recursos y esfuerzo en innovaci\u00f3n, ya no s\u00f3lo en tecnolog\u00eda de nuevos materiales y de nuevos procesos de fabricaci\u00f3n sino en crear un verdadero <\/span><span style=\"color: #000000;\">\u201csistema de gesti\u00f3n basado en la innovaci\u00f3n\u201d <\/span><span style=\"color: #000000;\">donde todo el personal es part\u00edcipe de los desarrollos tecnol\u00f3gicos que la empresa genera; esto ha hecho que <strong>PREMO<\/strong><\/span><span style=\"color: #000000;\"> pase de ser una empresa originalmente industrial a ser una empresa cuyo centro es la innovaci\u00f3n y la industria es una consecuencia.<span style=\"color: #000000;\">\u00a0<\/span><\/span><\/p>\n<p style=\"text-align: justify;\"><span style=\"color: #000000;\">Para poder desarrollar este sistema de gesti\u00f3n tan caracter\u00edstico y fundamental para la empresa se ha creado un <strong>centro tecnol\u00f3gico de innovaci\u00f3n<\/strong><\/span><span style=\"color: #000000;\"> en el Parque Tecnol\u00f3gico de Andaluc\u00eda (PTA), en M\u00e1laga, que est\u00e1 conectado en red con el resto de centros de I+D que <\/span><strong><span style=\"color: #000000;\">PREMO<\/span><\/strong><span style=\"color: #000000;\"> tiene en Barcelona, Corea, Francia y Am\u00e9rica. En M\u00e1laga, est\u00e1 el equipo t\u00e9cnico que dise\u00f1a, no s\u00f3lo productos o componentes, como hace la competencia, sino tambi\u00e9n las m\u00e1quinas y los procesos que conforman dichos productos. Es por ello que desde M\u00e1laga, salen m\u00e1quinas que viajan a las 3 f\u00e1bricas ubicadas en Marruecos, China y Vietnam.<\/span><\/p>\n<p style=\"text-align: justify;\">Este modelo de negocio les permite que, de una idea, generada en cualquier equipo de ingenier\u00eda de la empresa, pueda salir un prototipo, tan s\u00f3lo en 24h, por lo que cualquier cambio sugerido por el cliente se puede integrar en el proceso de creaci\u00f3n y, en pocas semanas, se tiene un producto final para producci\u00f3n masiva.<\/p>\n<p><a href=\"https:\/\/www.madrimasd.org\/blogs\/patentesymarcas\/files\/2019\/05\/CapturaFAbrica2.png\"><img decoding=\"async\" class=\"aligncenter size-medium wp-image-5339\" title=\"CapturaFAbrica\" src=\"https:\/\/www.madrimasd.org\/blogs\/patentesymarcas\/files\/2019\/05\/CapturaFAbrica2-300x170.png\" alt=\"\" width=\"300\" height=\"170\" srcset=\"https:\/\/www.madrimasd.org\/blogs\/patentesymarcas\/files\/2019\/05\/CapturaFAbrica2-300x170.png 300w, https:\/\/www.madrimasd.org\/blogs\/patentesymarcas\/files\/2019\/05\/CapturaFAbrica2.png 923w\" sizes=\"(max-width: 300px) 100vw, 300px\" \/><\/a><\/p>\n<p style=\"text-align: justify;\"><span style=\"color: #000000;\"><span style=\"color: #000000;\"><span style=\"color: #000000;\">Uno de los productos estrella del <strong>GRUPO PREMO<\/strong><\/span><span style=\"color: #000000;\"> son las aplicaciones RFID (Radio Frequency IDentification), es decir, tecnolog\u00eda de identificaci\u00f3n por radio frecuencia que tiene usos tan diversos como el acceso inal\u00e1mbrico a un aparcamiento, el forfait de las estaciones de esqu\u00ed o las tarjetas del autob\u00fas, y que en el sector de la automoci\u00f3n se utiliza para acceder al veh\u00edculo sin llave (KES, Keyless Entry System) y en la transmisi\u00f3n de la presi\u00f3n de los neum\u00e1ticos al ordenador de a bordo (TPMS, Transmisi\u00f3n de Presi\u00f3n de Neum\u00e1tico). Estas dos \u00faltimas herramientas, fabricadas por <\/span><strong><span style=\"color: #000000;\">PREMO<\/span><\/strong><span style=\"color: #000000;\">, tienen importantes cuotas de mercado lleg\u00e1ndose a fabricar alrededor de 150 millones de dispositivos, lo que hace que <\/span><span style=\"color: #000000;\">uno de cada tres coches que se fabrican en el mundo lleve un <strong>componente PREMO<\/strong><\/span><span style=\"color: #000000;\">.<\/span><\/span><\/span><\/p>\n<p style=\"text-align: justify;\"><a href=\"https:\/\/www.madrimasd.org\/blogs\/patentesymarcas\/files\/2019\/05\/CapturaSensores1.png\"><img decoding=\"async\" class=\"aligncenter size-medium wp-image-5337\" title=\"CapturaSensores\" src=\"https:\/\/www.madrimasd.org\/blogs\/patentesymarcas\/files\/2019\/05\/CapturaSensores1-300x107.png\" alt=\"\" width=\"300\" height=\"107\" srcset=\"https:\/\/www.madrimasd.org\/blogs\/patentesymarcas\/files\/2019\/05\/CapturaSensores1-300x107.png 300w, https:\/\/www.madrimasd.org\/blogs\/patentesymarcas\/files\/2019\/05\/CapturaSensores1.png 939w\" sizes=\"(max-width: 300px) 100vw, 300px\" \/><\/a><\/p>\n<p style=\"text-align: justify;\"><span style=\"color: #000000;\">Una adecuada gesti\u00f3n de los intangibles ha sido un factor clave para <strong>GRUPO PREMO<\/strong><\/span><span style=\"color: #000000;\">.<\/span><span style=\"color: #000000;\">\u00a0 <\/span><span style=\"color: #000000;\">En este <\/span><a href=\"https:\/\/youtu.be\/hGK4zsP7m7o\"><span style=\"color: #0000ff;\">v\u00eddeo<\/span><\/a><span style=\"color: #000000;\">, realizado por CEVIPYME, Antonio Rojas, Director Tecnol\u00f3gico del <strong>GRUPO PREMO<\/strong><\/span><span style=\"color: #000000;\">, nos habla de la importancia de las<\/span><span style=\"color: #000000;\">\u00a0 <strong>patentes<\/strong><\/span><span style=\"color: #000000;\"> a la hora de incrementar el valor de su empresa. En <\/span><strong><span style=\"color: #000000;\">GRUPO PREMO<\/span><\/strong><span style=\"color: #000000;\"> apuestan por proteger la <\/span><strong><span style=\"color: #000000;\">innovaci\u00f3n con patentes<\/span><\/strong><span style=\"color: #000000;\"> as\u00ed como por su <\/span><strong><span style=\"color: #000000;\">internacionalizaci\u00f3n<\/span><\/strong><span style=\"color: #000000;\"> a trav\u00e9s de solicitudes de patente seg\u00fan el Tratado de Cooperaci\u00f3n Internacional en Materia de Patentes, PCT.<\/span><\/p>\n<p style=\"text-align: justify;\"><a href=\"https:\/\/www.madrimasd.org\/blogs\/patentesymarcas\/files\/2019\/05\/CapturaBlogrupoPremo.png\"><img decoding=\"async\" class=\"aligncenter size-medium wp-image-5346\" title=\"CapturaBlogrupoPremo\" src=\"https:\/\/www.madrimasd.org\/blogs\/patentesymarcas\/files\/2019\/05\/CapturaBlogrupoPremo-300x168.png\" alt=\"\" width=\"300\" height=\"168\" srcset=\"https:\/\/www.madrimasd.org\/blogs\/patentesymarcas\/files\/2019\/05\/CapturaBlogrupoPremo-300x168.png 300w, https:\/\/www.madrimasd.org\/blogs\/patentesymarcas\/files\/2019\/05\/CapturaBlogrupoPremo-1024x575.png 1024w, https:\/\/www.madrimasd.org\/blogs\/patentesymarcas\/files\/2019\/05\/CapturaBlogrupoPremo.png 1053w\" sizes=\"(max-width: 300px) 100vw, 300px\" \/><\/a><\/p>\n<p><span style=\"color: #000000;\">\u00a0<\/span><\/p>\n","protected":false},"excerpt":{"rendered":"<p>La entrada de esta semana est\u00e1 dedicada a GRUPO PREMO una empresa espa\u00f1ola, innovadora por definici\u00f3n, que ha basado su \u00e9xito empresarial, en una adecuada gesti\u00f3n de la Propiedad Industrial, como as\u00ed queda recogido en el libro \u201cLa Propiedad Industrial y su influencia en el \u00e9xito empresarial-Volumen 2\u201d. PREMO es una empresa innovadora, con m\u00e1s de 54 a\u00f1os de andadura y base en M\u00e1laga, cuya m\u00e1xima es visualizar y afrontar lo que va a llegar al mundo de la tecnolog\u00eda del ma\u00f1ana: la rob\u00f3tica, las comunicaciones entre m\u00e1quinas, el coche el\u00e9ctrico, h\u00edbrido o aut\u00f3nomo, el internet de las cosas, la\u2026<\/p>\n","protected":false},"author":183,"featured_media":0,"comment_status":"open","ping_status":"open","sticky":false,"template":"","format":"standard","meta":{"_mi_skip_tracking":false,"ngg_post_thumbnail":0},"categories":[27391],"tags":[2598,1749],"blocksy_meta":{"styles_descriptor":{"styles":{"desktop":"","tablet":"","mobile":""},"google_fonts":[],"version":4}},"aioseo_notices":[],"_links":{"self":[{"href":"https:\/\/www.madrimasd.org\/blogs\/patentesymarcas\/wp-json\/wp\/v2\/posts\/5331"}],"collection":[{"href":"https:\/\/www.madrimasd.org\/blogs\/patentesymarcas\/wp-json\/wp\/v2\/posts"}],"about":[{"href":"https:\/\/www.madrimasd.org\/blogs\/patentesymarcas\/wp-json\/wp\/v2\/types\/post"}],"author":[{"embeddable":true,"href":"https:\/\/www.madrimasd.org\/blogs\/patentesymarcas\/wp-json\/wp\/v2\/users\/183"}],"replies":[{"embeddable":true,"href":"https:\/\/www.madrimasd.org\/blogs\/patentesymarcas\/wp-json\/wp\/v2\/comments?post=5331"}],"version-history":[{"count":6,"href":"https:\/\/www.madrimasd.org\/blogs\/patentesymarcas\/wp-json\/wp\/v2\/posts\/5331\/revisions"}],"predecessor-version":[{"id":5345,"href":"https:\/\/www.madrimasd.org\/blogs\/patentesymarcas\/wp-json\/wp\/v2\/posts\/5331\/revisions\/5345"}],"wp:attachment":[{"href":"https:\/\/www.madrimasd.org\/blogs\/patentesymarcas\/wp-json\/wp\/v2\/media?parent=5331"}],"wp:term":[{"taxonomy":"category","embeddable":true,"href":"https:\/\/www.madrimasd.org\/blogs\/patentesymarcas\/wp-json\/wp\/v2\/categories?post=5331"},{"taxonomy":"post_tag","embeddable":true,"href":"https:\/\/www.madrimasd.org\/blogs\/patentesymarcas\/wp-json\/wp\/v2\/tags?post=5331"}],"curies":[{"name":"wp","href":"https:\/\/api.w.org\/{rel}","templated":true}]}}