{"id":5543,"date":"2019-09-25T08:30:33","date_gmt":"2019-09-25T07:30:33","guid":{"rendered":"http:\/\/www.madrimasd.org\/blogs\/patentesymarcas\/?p=5543"},"modified":"2019-09-24T11:04:41","modified_gmt":"2019-09-24T10:04:41","slug":"retazos-de-historia-el-boletin-de-la-propiedad-intelectual-e-industrial","status":"publish","type":"post","link":"https:\/\/www.madrimasd.org\/blogs\/patentesymarcas\/2019\/retazos-de-historia-el-boletin-de-la-propiedad-intelectual-e-industrial\/","title":{"rendered":"Retazos de Historia: El Bolet\u00edn de la Propiedad Intelectual e Industrial"},"content":{"rendered":"<p><a href=\"https:\/\/www.madrimasd.org\/blogs\/patentesymarcas\/files\/2019\/09\/Ministerio_Fomento.png\"><img decoding=\"async\" class=\"aligncenter size-full wp-image-5544\" title=\"Ministerio_Fomento\" src=\"https:\/\/www.madrimasd.org\/blogs\/patentesymarcas\/files\/2019\/09\/Ministerio_Fomento.png\" alt=\"\" width=\"337\" height=\"253\" srcset=\"https:\/\/www.madrimasd.org\/blogs\/patentesymarcas\/files\/2019\/09\/Ministerio_Fomento.png 337w, https:\/\/www.madrimasd.org\/blogs\/patentesymarcas\/files\/2019\/09\/Ministerio_Fomento-300x225.png 300w\" sizes=\"(max-width: 337px) 100vw, 337px\" \/><\/a><\/p>\n<p>La idea de crear un Bolet\u00edn Oficial de la Propiedad Industrial aparece reflejada por primera vez el 1 de mayo de 1871, cuando el Director del Conservatorio de Artes contestaba una comunicaci\u00f3n del Director de Agricultura, Industria y Comercio de 26 de enero de 1869, por el cual le remit\u00eda un ejemplar del Bolet\u00edn Industrial del Reino de Italia que conten\u00eda la descripci\u00f3n y dibujos de los privilegios concedidos por el Gobierno de aquella naci\u00f3n. La intenci\u00f3n del Director de Agricultura era que el Director del Conservatorio examinase la publicaci\u00f3n para determinar el coste y medios necesarios para realizar la misma publicaci\u00f3n en Espa\u00f1a.<\/p>\n<figure id=\"attachment_5545\" aria-describedby=\"caption-attachment-5545\" style=\"width: 380px\" class=\"wp-caption aligncenter\"><a href=\"https:\/\/www.madrimasd.org\/blogs\/patentesymarcas\/files\/2019\/09\/Boletin_Ilaliano.png\"><img decoding=\"async\" class=\" wp-image-5545 \" title=\"Boletin_Ilaliano\" src=\"https:\/\/www.madrimasd.org\/blogs\/patentesymarcas\/files\/2019\/09\/Boletin_Ilaliano.png\" alt=\"\" width=\"380\" height=\"525\" srcset=\"https:\/\/www.madrimasd.org\/blogs\/patentesymarcas\/files\/2019\/09\/Boletin_Ilaliano.png 633w, https:\/\/www.madrimasd.org\/blogs\/patentesymarcas\/files\/2019\/09\/Boletin_Ilaliano-217x300.png 217w\" sizes=\"(max-width: 380px) 100vw, 380px\" \/><\/a><figcaption id=\"caption-attachment-5545\" class=\"wp-caption-text\">Bolet\u00edn de la Propiedad Industrial del Reino de Italia. Volumen 1. Ministerio de Agricultura, Industria y Comercio. 1864.<\/figcaption><\/figure>\n<p>El Director del Conservatorio deb\u00eda informar, asimismo, al Director de Agricultura de si la legislaci\u00f3n vigente en ese momento permitir\u00eda al Gobierno hacer la publicaci\u00f3n de las memorias y la descripci\u00f3n de los privilegios solicitados.<\/p>\n<p>La respuesta del Director del Conservatorio al Director de Agricultura fue negativa en relaci\u00f3n a la posibilidad de poder realizar dicha publicaci\u00f3n en Espa\u00f1a, entre sus argumentaciones:<\/p>\n<p>1\u00ba El Conservatorio de Artes <strong>no dispon\u00eda de<\/strong> <strong>personal<\/strong> para realizar esta tipolog\u00eda de publicaci\u00f3n, ni las m\u00e1quinas ni aparatos para su reproducci\u00f3n que eran indispensables. En este punto se mostraba contradictorio, pues reconoc\u00eda, sin embargo, que podr\u00eda haber profesores y personas en el Conservatorio con conocimientos y pr\u00e1ctica para poder dirigir y llevar a cabo dicho proyecto con \u00e9xito, en tal caso ser\u00edan necesarios medios materiales.<\/p>\n<p>2\u00ba En cuanto al <strong>coste<\/strong>, consideraba que podr\u00eda ser bastante considerable pues ser\u00eda necesario establecer tres talleres: uno de dibujo para el aumento, reducci\u00f3n y copia de los planos; otro de grabado y galvanoplastia para grabar y reproducir las planchas que comprend\u00edan los dibujos que se acompa\u00f1an a las memorias y otro de estampaci\u00f3n y satinado de l\u00e1minas. Indicaba la posibilidad de contratar la impresi\u00f3n de las memorias, encuadernaci\u00f3n del Atlas y textos para abaratar costes.<\/p>\n<p>3\u00ba Se\u00f1alaba la dificultad de poder calcular el coste de dicha publicaci\u00f3n, porque hab\u00eda meses que el n\u00famero de privilegios que se solicitaban era escaso y otros meses pod\u00eda ser el doble, el triple e incluso, el cu\u00e1druple. Por otro lado, hab\u00eda privilegios que no conten\u00edan ning\u00fan plano y otros que, en cambio, pod\u00edan contener un gran n\u00famero de planos. Por ello, da otra opci\u00f3n para reducir el coste introduciendo un extracto con los principales fundamentos de la invenci\u00f3n con la extensi\u00f3n necesaria para su comprensi\u00f3n, reduciendo adem\u00e1s el n\u00famero de planos a lo estrictamente necesario, de manera que el coste se reducir\u00eda a la cantidad de treinta o cuarenta mil reales.<\/p>\n<p>4\u00ba Planteaba la posibilidad de que se hiciese una tirada de <strong>mil ejemplares<\/strong> y que se vendieran al mismo precio de coste para no producir gastos al Estado.<\/p>\n<p>5\u00ba Por otro lado, se\u00f1alaba la necesidad de reformar la legislaci\u00f3n vigente para poder publicar los privilegios, ya que estos eran <strong>secretos por Ley<\/strong>. El Director del Conservatorio indicaba que as\u00ed se adecuar\u00eda a la legislaci\u00f3n de otros pa\u00edses donde s\u00ed se publicaban los privilegios de invenci\u00f3n.<\/p>\n<figure id=\"attachment_5546\" aria-describedby=\"caption-attachment-5546\" style=\"width: 364px\" class=\"wp-caption aligncenter\"><a href=\"https:\/\/www.madrimasd.org\/blogs\/patentesymarcas\/files\/2019\/09\/Oficio_contestaci\u00f3n.png\"><img decoding=\"async\" class=\"size-full wp-image-5546\" title=\"Oficio_contestaci\u00f3n\" src=\"https:\/\/www.madrimasd.org\/blogs\/patentesymarcas\/files\/2019\/09\/Oficio_contestaci\u00f3n.png\" alt=\"\" width=\"364\" height=\"483\" srcset=\"https:\/\/www.madrimasd.org\/blogs\/patentesymarcas\/files\/2019\/09\/Oficio_contestaci\u00f3n.png 364w, https:\/\/www.madrimasd.org\/blogs\/patentesymarcas\/files\/2019\/09\/Oficio_contestaci\u00f3n-226x300.png 226w\" sizes=\"(max-width: 364px) 100vw, 364px\" \/><\/a><figcaption id=\"caption-attachment-5546\" class=\"wp-caption-text\">Oficio de contestaci\u00f3n del Director del Conservatorio de Artes al Director de Agricultura, Industria y Comercio sobre la publicaci\u00f3n de un Bolet\u00edn semejante al Bolet\u00edn Industrial del Reino de Italia que conten\u00eda la descripci\u00f3n y dibujos de los privilegios concedidos. Fondo Hist\u00f3rico Administrativo de la Oficina Espa\u00f1ola de Patentes y Marcas. Archivo Hist\u00f3rico de la Oficina Espa\u00f1ola de Patentes y Marcas. Fecha: 1871\/05\/01. Caja 8\/Expediente 66<\/figcaption><\/figure>\n<p>&nbsp;<\/p>\n<p>A pesar de que las intenciones del Director de Agricultura eran buenas, no ser\u00eda hasta quince a\u00f1os despu\u00e9s cuando viese la luz el primer Bolet\u00edn de Propiedad Industrial de Espa\u00f1a. Nace en el contexto de una nueva legislaci\u00f3n sobre patentes que rompe definitivamente con el sistema de privilegios de invenci\u00f3n del Antiguo R\u00e9gimen, haci\u00e9ndose p\u00fablicas las patentes presentadas en Espa\u00f1a y conciliando las bases de la legislaci\u00f3n nacional con las legislaciones de otros pa\u00edses a partir del <strong>Convenio de Par\u00eds para la Protecci\u00f3n de la Propiedad Industrial de 20 de marzo de 1883<\/strong>.<\/p>\n<p>El Bolet\u00edn de la Propiedad Industrial e Intelectual nace por <strong>Real Decreto de 2 de agosto de 1886<\/strong>. En la legislaci\u00f3n que regul\u00f3 la creaci\u00f3n del organismo se establec\u00eda que el Bolet\u00edn del Propiedad Intelectual del Ministerio de Fomento se publicar\u00eda los d\u00edas primero y diecis\u00e9is de cada mes y que empezar\u00eda su publicaci\u00f3n el d\u00eda primero de septiembre de ese mismo a\u00f1o. Corriendo a cargo de la Imprenta del Colegio Nacional de Sordomudos y de Ciegos la impresi\u00f3n del Bolet\u00edn, as\u00ed como la de todos los libros talonarios, recibos, cuentas y dem\u00e1s impresiones que fuesen necesarios por su Administraci\u00f3n. Su domicilio oficial se ubicar\u00eda inicialmente en el <strong>Conservatorio de Artes y Oficios<\/strong>.<\/p>\n<p>El r\u00e9gimen interior de la oficina encargada de este servicio, era de la exclusiva competencia de un director nombrado por el Ministerio de Fomento. El Director deb\u00eda tener una de las siguientes condiciones: ser o haber sido Director o Redactor de la Gaceta de Madrid, tener la categor\u00eda de Jefe de Administraci\u00f3n Civil, haber representado con car\u00e1cter t\u00e9cnico al Gobierno Espa\u00f1ol en uno o m\u00e1s de los Congresos Internacionales celebrados para la protecci\u00f3n de la propiedad intelectual o industrial, tener el t\u00edtulo de doctor en Filosof\u00eda y Letras o el de Ingeniero Industrial, contar con al menos quince a\u00f1os de servicios efectivos en la administraci\u00f3n p\u00fablica. Su primer salario se estableci\u00f3 en seis mil pesetas.<\/p>\n<p>Entre los primeros directores del Bolet\u00edn Oficial destac\u00f3 la figura del escritor y autor teatral <strong>Luis Mariano de Larra Wetoret<\/strong>(1830-1901), hijo tambi\u00e9n del escritor rom\u00e1ntico Mariano Jos\u00e9 de Larra y S\u00e1nchez de Castro. Luis Mariano fue tambi\u00e9n oficial y primer redactor jefe de la Gaceta de Madrid.<\/p>\n<figure id=\"attachment_5547\" aria-describedby=\"caption-attachment-5547\" style=\"width: 214px\" class=\"wp-caption aligncenter\"><a href=\"https:\/\/www.madrimasd.org\/blogs\/patentesymarcas\/files\/2019\/09\/Luis_Mariano_de_Larra.png\"><img decoding=\"async\" class=\" wp-image-5547 \" title=\"Luis_Mariano_de_Larra\" src=\"https:\/\/www.madrimasd.org\/blogs\/patentesymarcas\/files\/2019\/09\/Luis_Mariano_de_Larra.png\" alt=\"\" width=\"214\" height=\"496\" srcset=\"https:\/\/www.madrimasd.org\/blogs\/patentesymarcas\/files\/2019\/09\/Luis_Mariano_de_Larra.png 357w, https:\/\/www.madrimasd.org\/blogs\/patentesymarcas\/files\/2019\/09\/Luis_Mariano_de_Larra-129x300.png 129w\" sizes=\"(max-width: 214px) 100vw, 214px\" \/><\/a><figcaption id=\"caption-attachment-5547\" class=\"wp-caption-text\">Retrato de Luis Mariano de Larra Wetoret.<br \/>Primer Director del Bolet\u00edn Oficial de Propiedad Intelectual e Industrial<\/figcaption><\/figure>\n<p>El Director tendr\u00eda a sus inmediatas \u00f3rdenes un auxiliar de la clase de cuartos con el t\u00edtulo de Doctor o Licenciado en Filosof\u00eda y Letras, Derecho o Ciencias o el de Ingeniero Industrial y un escribiente.<\/p>\n<p>Corresponder\u00eda al Director del Bolet\u00edn: la direcci\u00f3n y redacci\u00f3n del mismo, la organizaci\u00f3n y administraci\u00f3n econ\u00f3mica, la formaci\u00f3n del presupuesto anual para su publicaci\u00f3n. Estaba a las inmediatas \u00f3rdenes del Ministerio de Fomento, en todo lo que se refiriera a la direcci\u00f3n y redacci\u00f3n del Bolet\u00edn y a las del Director General de Agricultura, Industria y Comercio, en todo cuanto tuviera relaci\u00f3n con la parte econ\u00f3mica y administrativa del mismo.<\/p>\n<p>El \u00a0Director deb\u00eda de presentar trimestralmente para su examen y aprobaci\u00f3n una cuenta justificada de ingresos y gastos y, separadamente, otra de los ejemplares de la publicaci\u00f3n distribuidos, vendidos y sobrantes.<\/p>\n<p>Todos los libros que deb\u00edan de usarse en la administraci\u00f3n del Bolet\u00edn, deb\u00edan ir foliados y sellados por la Direcci\u00f3n de Agricultura del Ministerio de Fomento.<\/p>\n<p>El precio de suscripci\u00f3n del Bolet\u00edn Oficial de la Propiedad Intelectual e Industrial era de <strong>quince pesetas<\/strong> <strong>anuales en Espa\u00f1a<\/strong> y sus provincias de Ultramar y de <strong>treinta en el extranjero<\/strong>.<\/p>\n<p>El plazo menor de suscripci\u00f3n era de tres meses, se vend\u00edan los ejemplares sueltos al precio de <strong>setenta y cinco c\u00e9ntimos de peseta<\/strong> cada uno.<\/p>\n<p>El bolet\u00edn se repartir\u00eda gratuitamente a las Secretarias de todos los Gobiernos civiles de Espa\u00f1a y sus provincias de Ultramar, a las C\u00e1maras de Comercio, a la Biblioteca Nacional y Provinciales, secciones de Fomento de los Gobiernos de provincia, Consulados espa\u00f1oles en el extranjero, Oficina Internacional de Berna, Consejo de Estado, Tribunal Supremo, Audiencias Territoriales y de lo criminal y Juzgados de Primera Instancia de la Naci\u00f3n. Se remitir\u00edan tambi\u00e9n a los Centros Oficiales de Instrucci\u00f3n P\u00fablica e Industria de los pa\u00edses de la Uni\u00f3n Internacional para la protecci\u00f3n de la propiedad industrial. Se enviar\u00edan asimismo gratis, solicitando el cambio, a todos los peri\u00f3dicos oficiales del mismo y g\u00e9nero que se publicasen en el extranjero y a aquellos que, sin ser \u00f3rganos oficiales de ning\u00fan gobierno, fuesen por su importancia en estas materias, dignos de ser estudiados o conocidos.<\/p>\n<p>Los gastos de este servicio se pagaban con arreglo al presupuesto pagado por el Director, con cargo a los cap\u00edtulos 12 y 2\u00ba, art\u00edculo 2\u00ba y 1\u00ba del presupuesto general del Ministerio de Fomento.<\/p>\n<p>Con la creaci\u00f3n del Bolet\u00edn, desaparec\u00eda el Bolet\u00edn de la Propiedad Intelectual publicado por el Ministerio de Fomento al refundirse en el nuevo Bolet\u00edn, que quedaba configurado en dos secciones. <strong>La secci\u00f3n primera<\/strong>, correspondiente a la <strong>propiedad intelectual<\/strong>, en la que se insertaban la relaci\u00f3n de todas las <strong>obras<\/strong> presentadas en el registro general, en esta misma se publicar\u00edan una relaci\u00f3n de obras extranjeras. <strong>Y la secci\u00f3n segunda<\/strong>, correspondiente a la publicaci\u00f3n de la <strong>propiedad industrial<\/strong>, insert\u00e1ndose todas las <strong>solicitudes de patentes de invenci\u00f3n<\/strong> (presentadas, en tramitaci\u00f3n, concedidas, caducadas y pr\u00f3ximas a caducar por falta de pago), los <strong>certificados de marcas de f\u00e1brica y comercio<\/strong> (solicitados, concedidos y denegados), un resumen de la jurisprudencia nacional y extranjera en materia de propiedad intelectual e industrial, las leyes y disposiciones de car\u00e1cter general nacionales y extranjeras en ambas propiedades y los Convenios Internacionales vigentes con las dem\u00e1s potencias.<\/p>\n<p>El Registro de la Propiedad Intelectual siempre tuvo una entidad propia a pesar de ser publicado junto a la propiedad industrial, siendo elaborado por el Cuerpo Facultativo de Archiveros, Bibliotecarios y Anticuarios. Cuando aparece el Ministerio de Instrucci\u00f3n P\u00fablica y Bellas Artes, a principios del siglo XX, se separar\u00e1n nuevamente del Ministerio de Fomento. La propiedad intelectual se pasar\u00eda a publicar en exclusiva en la Gaceta de Madrid, donde tambi\u00e9n se publicaba antes de su separaci\u00f3n de la propiedad industrial.<\/p>\n<figure id=\"attachment_5548\" aria-describedby=\"caption-attachment-5548\" style=\"width: 371px\" class=\"wp-caption aligncenter\"><a href=\"https:\/\/www.madrimasd.org\/blogs\/patentesymarcas\/files\/2019\/09\/Ocicio_Publicaci\u00f3n_BOPI.png\"><img decoding=\"async\" class=\"size-full wp-image-5548\" title=\"Ocicio_Publicaci\u00f3n_BOPI\" src=\"https:\/\/www.madrimasd.org\/blogs\/patentesymarcas\/files\/2019\/09\/Ocicio_Publicaci\u00f3n_BOPI.png\" alt=\"\" width=\"371\" height=\"486\" srcset=\"https:\/\/www.madrimasd.org\/blogs\/patentesymarcas\/files\/2019\/09\/Ocicio_Publicaci\u00f3n_BOPI.png 371w, https:\/\/www.madrimasd.org\/blogs\/patentesymarcas\/files\/2019\/09\/Ocicio_Publicaci\u00f3n_BOPI-229x300.png 229w\" sizes=\"(max-width: 371px) 100vw, 371px\" \/><\/a><figcaption id=\"caption-attachment-5548\" class=\"wp-caption-text\">Oficio sobre la organizaci\u00f3n y regulaci\u00f3n de la publicaci\u00f3n del Bolet\u00edn Oficial de Propiedad Intelectual. Fondo Hist\u00f3rico Administrativo de la Oficina Espa\u00f1ola de Patentes y Marcas. Archivo Hist\u00f3rico de la Oficina Espa\u00f1ola de Patentes y Marcas, O.A. Fecha: 1886\/08\/04. Caja 11. Expediente 20.<\/figcaption><\/figure>\n<p>&nbsp;<\/p>\n<p>&nbsp;<\/p>\n","protected":false},"excerpt":{"rendered":"<p>La idea de crear un Bolet\u00edn Oficial de la Propiedad Industrial aparece reflejada por primera vez el 1 de mayo de 1871, cuando el Director del Conservatorio de Artes contestaba una comunicaci\u00f3n del Director de Agricultura, Industria y Comercio de 26 de enero de 1869, por el cual le remit\u00eda un ejemplar del Bolet\u00edn Industrial del Reino de Italia que conten\u00eda la descripci\u00f3n y dibujos de los privilegios concedidos por el Gobierno de aquella naci\u00f3n. La intenci\u00f3n del Director de Agricultura era que el Director del Conservatorio examinase la publicaci\u00f3n para determinar el coste y medios necesarios para realizar la\u2026<\/p>\n","protected":false},"author":183,"featured_media":0,"comment_status":"open","ping_status":"open","sticky":false,"template":"","format":"standard","meta":{"_mi_skip_tracking":false,"ngg_post_thumbnail":0},"categories":[27391],"tags":[],"blocksy_meta":{"styles_descriptor":{"styles":{"desktop":"","tablet":"","mobile":""},"google_fonts":[],"version":4}},"aioseo_notices":[],"_links":{"self":[{"href":"https:\/\/www.madrimasd.org\/blogs\/patentesymarcas\/wp-json\/wp\/v2\/posts\/5543"}],"collection":[{"href":"https:\/\/www.madrimasd.org\/blogs\/patentesymarcas\/wp-json\/wp\/v2\/posts"}],"about":[{"href":"https:\/\/www.madrimasd.org\/blogs\/patentesymarcas\/wp-json\/wp\/v2\/types\/post"}],"author":[{"embeddable":true,"href":"https:\/\/www.madrimasd.org\/blogs\/patentesymarcas\/wp-json\/wp\/v2\/users\/183"}],"replies":[{"embeddable":true,"href":"https:\/\/www.madrimasd.org\/blogs\/patentesymarcas\/wp-json\/wp\/v2\/comments?post=5543"}],"version-history":[{"count":7,"href":"https:\/\/www.madrimasd.org\/blogs\/patentesymarcas\/wp-json\/wp\/v2\/posts\/5543\/revisions"}],"predecessor-version":[{"id":5555,"href":"https:\/\/www.madrimasd.org\/blogs\/patentesymarcas\/wp-json\/wp\/v2\/posts\/5543\/revisions\/5555"}],"wp:attachment":[{"href":"https:\/\/www.madrimasd.org\/blogs\/patentesymarcas\/wp-json\/wp\/v2\/media?parent=5543"}],"wp:term":[{"taxonomy":"category","embeddable":true,"href":"https:\/\/www.madrimasd.org\/blogs\/patentesymarcas\/wp-json\/wp\/v2\/categories?post=5543"},{"taxonomy":"post_tag","embeddable":true,"href":"https:\/\/www.madrimasd.org\/blogs\/patentesymarcas\/wp-json\/wp\/v2\/tags?post=5543"}],"curies":[{"name":"wp","href":"https:\/\/api.w.org\/{rel}","templated":true}]}}