{"id":5840,"date":"2020-02-12T08:30:46","date_gmt":"2020-02-12T07:30:46","guid":{"rendered":"http:\/\/www.madrimasd.org\/blogs\/patentesymarcas\/?p=5840"},"modified":"2020-02-04T16:36:25","modified_gmt":"2020-02-04T15:36:25","slug":"la-propiedad-industrial-y-la-primera-guerra-mundial-100-anos-del-arreglo-de-berna","status":"publish","type":"post","link":"https:\/\/www.madrimasd.org\/blogs\/patentesymarcas\/2020\/la-propiedad-industrial-y-la-primera-guerra-mundial-100-anos-del-arreglo-de-berna\/","title":{"rendered":"La Propiedad Industrial y la Primera Guerra Mundial: 100 a\u00f1os del Arreglo de Berna"},"content":{"rendered":"<p>Este a\u00f1o la propiedad industrial europea est\u00e1 de efem\u00e9rides. Se cumplen 100 a\u00f1os de la firma del <em>Arreglo referente a la conservaci\u00f3n o restablecimiento de los derechos de propiedad industrial afectados por la guerra mundial, <\/em>firmado el 30 de junio del a\u00f1o 1920 por los plenipotenciarios de los miembros que formaban la Uni\u00f3n Internacional para la Protecci\u00f3n de la Propiedad Industrial, entre los que se encontraba Espa\u00f1a<em>. <\/em>El Ministro de Estado relataba la ratificaci\u00f3n del Convenio, en comunicaci\u00f3n del 21 de octubre de 1920, de la siguiente manera: \u201cEn primer lugar, el canje de las ratificaciones se hizo el d\u00eda 30 del pasado septiembre, habiendo revestido el acto, que fue presidido por Monsieur de Motta, la mayor solemnidad, como podr\u00e1 V.E. apreciar por el adjunto recorte, del peri\u00f3dico <em>Le Journal de G\u00e9neve<\/em>\u201d. Espa\u00f1a no se adherir\u00e1 en ese preciso momento, tardar\u00e1 un poco m\u00e1s. Ser\u00eda precisamente la comunicaci\u00f3n del Ministro de Estado la que motivar\u00eda dicha adhesi\u00f3n al indicar en la misma lo siguiente: \u201cEl se\u00f1or Rothlisberger me manifest\u00f3 igualmente el agrado con que ser\u00eda vista la adhesi\u00f3n de Espa\u00f1a, que vendr\u00eda a aumentar el n\u00famero de pa\u00edses neutrales adheridos, en favor de los cuales se orient\u00f3 en gran parte este Convenio\u00bb.<\/p>\n<figure id=\"attachment_5841\" aria-describedby=\"caption-attachment-5841\" style=\"width: 308px\" class=\"wp-caption aligncenter\"><a href=\"https:\/\/www.madrimasd.org\/blogs\/patentesymarcas\/files\/2020\/02\/Foto-1-e1580828436727.png\"><img decoding=\"async\" class=\" wp-image-5841  \" title=\"Foto 1\" src=\"https:\/\/www.madrimasd.org\/blogs\/patentesymarcas\/files\/2020\/02\/Foto-1-e1580828436727.png\" alt=\"\" width=\"308\" height=\"423\" srcset=\"https:\/\/www.madrimasd.org\/blogs\/patentesymarcas\/files\/2020\/02\/Foto-1-e1580828436727.png 733w, https:\/\/www.madrimasd.org\/blogs\/patentesymarcas\/files\/2020\/02\/Foto-1-e1580828436727-218x300.png 218w\" sizes=\"(max-width: 308px) 100vw, 308px\" \/><\/a><figcaption id=\"caption-attachment-5841\" class=\"wp-caption-text\">Arreglo referente a la conservaci\u00f3n o restablecimiento de los derechos de propiedad industrial afectados por la guerra mundial, firmado el 30 de junio del a\u00f1o 1920. Archivo Hist\u00f3rico Oficina Espa\u00f1ola de Patentes y Marcas O.A. (OEPM)<\/figcaption><\/figure>\n<p>El arreglo afectaba, sobre todo, a los plazos del registro de la propiedad industrial. Estipulaba que el plazo de prioridad ser\u00eda prorrogado seis meses, los plazos de cumplimiento de formalidades y de pago de impuestos, un a\u00f1o, y los plazos de puesta en explotaci\u00f3n de las patentes, dos a\u00f1os.<\/p>\n<p>Este acuerdo surge como consecuencia de un conflicto a escala europea, concretamente, a ra\u00edz de la Primera Guerra Mundial o Gran Guerra, que se prolong\u00f3 desde el 28 de julio de 1914 al 11 de noviembre de 1918, enfrentando a la Europa de las grandes potencias que se agruparon en dos bandos. Por un lado, la Triple Alianza, formada por el Imperio alem\u00e1n, Austria-Hungr\u00eda e Italia y, por otro lado, la Triple Entente, formada por Reino Unido, Francia e Imperio Ruso.<\/p>\n<p>Espa\u00f1a no particip\u00f3 en el conflicto, se mantuvo neutral, pero se vio afectada por la guerra de igual modo que el resto de los pa\u00edses europeos. Es bien sabido que las guerras activan la denominada econom\u00eda de guerra, que tiene como objetivo orientar los recursos econ\u00f3micos y humanos de un pa\u00eds con la finalidad de ganar la contienda.<\/p>\n<p>Esta econom\u00eda de guerra, no supone un par\u00f3n de la industria y la innovaci\u00f3n, sino que la favorece ya que se potencian \u00e1mbitos productivos relacionados con la fabricaci\u00f3n de armamento y de productos de primera necesidad para suministrar a los ej\u00e9rcitos. Espa\u00f1a no fue ajena al negocio de la guerra, y supuso una fuente de riqueza para algunos empresarios, como fue el caso de Juan March quien obtuvo grandes ganancias derivadas del conflicto al convertirse en proveedor de productos, como combustibles y lubricantes para los submarinos alemanes y austr\u00edacos, o controlando el comercio de alimentos. La otra cara de la moneda fue la paralizaci\u00f3n de las industrias de los pa\u00edses que estaban en conflicto y que ten\u00edan buenas relaciones con Espa\u00f1a, lo que supuso la necesidad de protecci\u00f3n de la propiedad industrial mediante leyes emanadas de los diferentes gobiernos europeos.<\/p>\n<p>Espa\u00f1a ya formaba parte, en cuanto a la protecci\u00f3n de la propiedad industrial, de acuerdos internacionales como el Convenio de Par\u00eds de 20 de marzo de 1883, as\u00ed como de acuerdos comerciales que hab\u00eda firmado con diversos pa\u00edses, entre los que se encontraban algunos que participaban en el conflicto. Adem\u00e1s de Espa\u00f1a, otros pa\u00edses europeos publicaron disposiciones relativas al retraso en los plazos de las tramitaciones de los t\u00edtulos de propiedad industrial, como fue el caso de Alemania, Austria o Italia.<\/p>\n<figure id=\"attachment_5842\" aria-describedby=\"caption-attachment-5842\" style=\"width: 582px\" class=\"wp-caption aligncenter\"><a href=\"https:\/\/www.madrimasd.org\/blogs\/patentesymarcas\/files\/2020\/02\/Foto-2.png\"><img decoding=\"async\" class=\"size-full wp-image-5842\" title=\"Foto 2\" src=\"https:\/\/www.madrimasd.org\/blogs\/patentesymarcas\/files\/2020\/02\/Foto-2.png\" alt=\"\" width=\"582\" height=\"454\" srcset=\"https:\/\/www.madrimasd.org\/blogs\/patentesymarcas\/files\/2020\/02\/Foto-2.png 582w, https:\/\/www.madrimasd.org\/blogs\/patentesymarcas\/files\/2020\/02\/Foto-2-300x234.png 300w\" sizes=\"(max-width: 582px) 100vw, 582px\" \/><\/a><figcaption id=\"caption-attachment-5842\" class=\"wp-caption-text\">Circular 167\/525 de la Oficina Internacional de la Propiedad Industrial. Disposiciones adoptadas en raz\u00f3n del estado de guerra. Prolongaci\u00f3n de los retrasos de prioridades nacionales. Archivo Hist\u00f3rico OEPM.<\/figcaption><\/figure>\n<p>Para proteger la propiedad industrial Espa\u00f1a particip\u00f3 con siete moratorias. La primera fue publicada el 23 de septiembre de 1914 bajo una Real Orden del Ministerio de Fomento que permit\u00eda un retraso en la tramitaci\u00f3n de expedientes como consecuencia del estado de guerra en Europa: \u201c1\u00ba Mientras duren las presentes circunstancias de guerra y a contar del 26 de julio pr\u00f3ximo pasado, quedar\u00e1 en suspenso toda declaraci\u00f3n de expedientes sin curso y caducidad de registros de la propiedad industrial, que pertenezcan a personas o entidades que tengan su domicilio en el extranjero, 2\u00ba Tan pronto como cesen las hostilidades, se otorgar\u00e1 un plazo prudencial a las personas y entidades comprendidas en el p\u00e1rrafo anterior, para que justifiquen las causas de fuerza mayor que les hubiera impedido cumplir los requisitos legales en los plazos establecidos por las disposiciones vigentes, y aportada justificaci\u00f3n de que la Administraci\u00f3n considere bastante no se les ocasionar\u00e1 ning\u00fan perjuicio.\u201d<\/p>\n<figure id=\"attachment_5844\" aria-describedby=\"caption-attachment-5844\" style=\"width: 304px\" class=\"wp-caption aligncenter\"><a href=\"https:\/\/www.madrimasd.org\/blogs\/patentesymarcas\/files\/2020\/02\/Foto-3-e1580828783418.png\"><img decoding=\"async\" class=\" wp-image-5844 \" title=\"Foto 3\" src=\"https:\/\/www.madrimasd.org\/blogs\/patentesymarcas\/files\/2020\/02\/Foto-3-e1580828783418.png\" alt=\"\" width=\"304\" height=\"428\" srcset=\"https:\/\/www.madrimasd.org\/blogs\/patentesymarcas\/files\/2020\/02\/Foto-3-e1580828783418.png 434w, https:\/\/www.madrimasd.org\/blogs\/patentesymarcas\/files\/2020\/02\/Foto-3-e1580828783418-213x300.png 213w\" sizes=\"(max-width: 304px) 100vw, 304px\" \/><\/a><figcaption id=\"caption-attachment-5844\" class=\"wp-caption-text\">Real Orden del Ministerio de Fomento de 23 de septiembre de 1914. Archivo Hist\u00f3rico OEPM.<\/figcaption><\/figure>\n<p>Otra de las moratorias se public\u00f3 el 25 de febrero de 1916, como Decreto, tambi\u00e9n del Ministerio de Fomento, a propuesta del Ministro Am\u00f3s Salvador, prorrogando el plazo de prioridad establecido para las patentes. En la exposici\u00f3n de motivos se indicaba: \u201cLos trastornos producidos por el actual conflicto europeo alcanzan en parte muy importante a los asuntos de propiedad industrial, principalmente en lo que a patentes se refiere. Con arreglo al art\u00edculo 4\u00ba del Convenio de Par\u00eds de 20 de marzo de 1883, revisado en Bruselas el 14 de junio de 1911, las patentes solicitadas en cualquier de los pa\u00edses contratantes, gozar\u00e1n, para efectuar el dep\u00f3sito en los dem\u00e1s Estados de la Uni\u00f3n, de un derecho de prioridad, durante el plazo de un a\u00f1o, a contar de la fecha del dep\u00f3sito en el pa\u00eds de origen\u201d.<\/p>\n<figure id=\"attachment_5845\" aria-describedby=\"caption-attachment-5845\" style=\"width: 294px\" class=\"wp-caption aligncenter\"><a href=\"https:\/\/www.madrimasd.org\/blogs\/patentesymarcas\/files\/2020\/02\/Foto-4.png\"><img decoding=\"async\" class=\" wp-image-5845 \" title=\"Foto 4\" src=\"https:\/\/www.madrimasd.org\/blogs\/patentesymarcas\/files\/2020\/02\/Foto-4.png\" alt=\"\" width=\"294\" height=\"412\" \/><\/a><figcaption id=\"caption-attachment-5845\" class=\"wp-caption-text\">Decreto del Ministerio de Fomento prorrogando el plazo de prioridad establecido paras las patentes de 25 de febrero de 1916. Archivo Hist\u00f3rico OEPM.<\/figcaption><\/figure>\n<p>El 20 de diciembre de 1919 se public\u00f3 otra disposici\u00f3n moratoria en forma de Real Decreto, a propuesta de Amalio Gimeno, Ministro de Fomento. Si bien hab\u00eda acabado la guerra, todav\u00eda no se hab\u00edan restablecido de manera normal y definitiva las relaciones econ\u00f3micas y comerciales entre los pa\u00edses, por lo que la nueva disposici\u00f3n prorrogaba el plazo para el pago de las anualidades y quinquenios.<\/p>\n<p style=\"text-align: center;\"><a href=\"https:\/\/www.madrimasd.org\/blogs\/patentesymarcas\/files\/2020\/02\/Foto-5.png\"><img decoding=\"async\" class=\"aligncenter  wp-image-5846\" title=\"Foto 5\" src=\"https:\/\/www.madrimasd.org\/blogs\/patentesymarcas\/files\/2020\/02\/Foto-5.png\" alt=\"\" width=\"300\" height=\"412\" srcset=\"https:\/\/www.madrimasd.org\/blogs\/patentesymarcas\/files\/2020\/02\/Foto-5.png 429w, https:\/\/www.madrimasd.org\/blogs\/patentesymarcas\/files\/2020\/02\/Foto-5-218x300.png 218w\" sizes=\"(max-width: 300px) 100vw, 300px\" \/><\/a><\/p>\n<p>\u00a0El Real Decreto de 29 de marzo de 1920, a propuesta de Emilio Ortu\u00f1o, Ministro de Fomento, prorrogaba las medidas de excepci\u00f3n anteriores hasta el 15 de julio de 1920.<\/p>\n<figure id=\"attachment_5847\" aria-describedby=\"caption-attachment-5847\" style=\"width: 284px\" class=\"wp-caption aligncenter\"><a href=\"https:\/\/www.madrimasd.org\/blogs\/patentesymarcas\/files\/2020\/02\/Foto-6.png\"><img decoding=\"async\" class=\" wp-image-5847 \" title=\"Foto 6\" src=\"https:\/\/www.madrimasd.org\/blogs\/patentesymarcas\/files\/2020\/02\/Foto-6.png\" alt=\"\" width=\"284\" height=\"398\" srcset=\"https:\/\/www.madrimasd.org\/blogs\/patentesymarcas\/files\/2020\/02\/Foto-6.png 405w, https:\/\/www.madrimasd.org\/blogs\/patentesymarcas\/files\/2020\/02\/Foto-6-213x300.png 213w\" sizes=\"(max-width: 284px) 100vw, 284px\" \/><\/a><figcaption id=\"caption-attachment-5847\" class=\"wp-caption-text\">Real Decreto del Ministerio de Fomento de 29 de marzo de 1920. Archivo Hist\u00f3rico OEPM.<\/figcaption><\/figure>\n<p>Y la Real Orden de 14 de julio de 1920 firmada tambi\u00e9n por Emilio Ortu\u00f1o, prorrogaba las medidas de excepci\u00f3n en materia de propiedad industrial, adoptada por la Real Orden de 23 de septiembre de 1914, hasta el 31 de enero de 1921. Y el derecho de prioridad concedido a las patentes extranjeras por anteriores disposiciones gubernativas hasta el 30 de septiembre de 1920.<\/p>\n<figure id=\"attachment_5848\" aria-describedby=\"caption-attachment-5848\" style=\"width: 286px\" class=\"wp-caption aligncenter\"><a href=\"https:\/\/www.madrimasd.org\/blogs\/patentesymarcas\/files\/2020\/02\/foto-7.png\"><img decoding=\"async\" class=\" wp-image-5848 \" title=\"foto 7\" src=\"https:\/\/www.madrimasd.org\/blogs\/patentesymarcas\/files\/2020\/02\/foto-7.png\" alt=\"\" width=\"286\" height=\"401\" srcset=\"https:\/\/www.madrimasd.org\/blogs\/patentesymarcas\/files\/2020\/02\/foto-7.png 408w, https:\/\/www.madrimasd.org\/blogs\/patentesymarcas\/files\/2020\/02\/foto-7-213x300.png 213w\" sizes=\"(max-width: 286px) 100vw, 286px\" \/><\/a><figcaption id=\"caption-attachment-5848\" class=\"wp-caption-text\">Real Orden del Ministerio de Fomento de 14 de julio de 1920. Archivo Hist\u00f3rico OEPM.<\/figcaption><\/figure>\n<p>Todas las disposiciones espa\u00f1olas y del resto de los pa\u00edses culminaron con el Acuerdo de Berna de 1920, que reun\u00edan en un mismo texto a todos los pa\u00edses interesados en la protecci\u00f3n de la propiedad industrial a nivel internacional. Su objetivo era restablecer la industria y el comercio lo m\u00e1s r\u00e1pidamente posible tras la Primera Guerra Mundial. Una nueva disposici\u00f3n, publicada como Real Orden de 4 de junio de 1923, ampliaba hasta el 30 de septiembre del mismo a\u00f1o el plazo para acreditar la puesta en pr\u00e1ctica de las patentes depositadas en Espa\u00f1a, bas\u00e1ndose en el art\u00edculo 3\u00ba del Acuerdo de Berna de 1920. Fue la \u00faltima disposici\u00f3n espa\u00f1ola que prorrog\u00f3 los plazos de tramitaci\u00f3n como consecuencia del conflicto europeo.<\/p>\n<p>Ana Naseiro Ramudo<\/p>\n<p>&nbsp;<\/p>\n","protected":false},"excerpt":{"rendered":"<p>Este a\u00f1o la propiedad industrial europea est\u00e1 de efem\u00e9rides. Se cumplen 100 a\u00f1os de la firma del Arreglo referente a la conservaci\u00f3n o restablecimiento de los derechos de propiedad industrial afectados por la guerra mundial, firmado el 30 de junio del a\u00f1o 1920 por los plenipotenciarios de los miembros que formaban la Uni\u00f3n Internacional para la Protecci\u00f3n de la Propiedad Industrial, entre los que se encontraba Espa\u00f1a. El Ministro de Estado relataba la ratificaci\u00f3n del Convenio, en comunicaci\u00f3n del 21 de octubre de 1920, de la siguiente manera: \u201cEn primer lugar, el canje de las ratificaciones se hizo el d\u00eda\u2026<\/p>\n","protected":false},"author":183,"featured_media":0,"comment_status":"open","ping_status":"open","sticky":false,"template":"","format":"standard","meta":{"_mi_skip_tracking":false,"ngg_post_thumbnail":0},"categories":[27391],"tags":[],"blocksy_meta":{"styles_descriptor":{"styles":{"desktop":"","tablet":"","mobile":""},"google_fonts":[],"version":4}},"aioseo_notices":[],"_links":{"self":[{"href":"https:\/\/www.madrimasd.org\/blogs\/patentesymarcas\/wp-json\/wp\/v2\/posts\/5840"}],"collection":[{"href":"https:\/\/www.madrimasd.org\/blogs\/patentesymarcas\/wp-json\/wp\/v2\/posts"}],"about":[{"href":"https:\/\/www.madrimasd.org\/blogs\/patentesymarcas\/wp-json\/wp\/v2\/types\/post"}],"author":[{"embeddable":true,"href":"https:\/\/www.madrimasd.org\/blogs\/patentesymarcas\/wp-json\/wp\/v2\/users\/183"}],"replies":[{"embeddable":true,"href":"https:\/\/www.madrimasd.org\/blogs\/patentesymarcas\/wp-json\/wp\/v2\/comments?post=5840"}],"version-history":[{"count":10,"href":"https:\/\/www.madrimasd.org\/blogs\/patentesymarcas\/wp-json\/wp\/v2\/posts\/5840\/revisions"}],"predecessor-version":[{"id":5858,"href":"https:\/\/www.madrimasd.org\/blogs\/patentesymarcas\/wp-json\/wp\/v2\/posts\/5840\/revisions\/5858"}],"wp:attachment":[{"href":"https:\/\/www.madrimasd.org\/blogs\/patentesymarcas\/wp-json\/wp\/v2\/media?parent=5840"}],"wp:term":[{"taxonomy":"category","embeddable":true,"href":"https:\/\/www.madrimasd.org\/blogs\/patentesymarcas\/wp-json\/wp\/v2\/categories?post=5840"},{"taxonomy":"post_tag","embeddable":true,"href":"https:\/\/www.madrimasd.org\/blogs\/patentesymarcas\/wp-json\/wp\/v2\/tags?post=5840"}],"curies":[{"name":"wp","href":"https:\/\/api.w.org\/{rel}","templated":true}]}}