{"id":6133,"date":"2021-02-10T14:00:46","date_gmt":"2021-02-10T13:00:46","guid":{"rendered":"http:\/\/www.madrimasd.org\/blogs\/patentesymarcas\/?p=6133"},"modified":"2021-02-10T20:10:52","modified_gmt":"2021-02-10T19:10:52","slug":"isabel-diaz-carretero-investigadora-que-hace-ciencia-con-y-para-la-sociedad","status":"publish","type":"post","link":"https:\/\/www.madrimasd.org\/blogs\/patentesymarcas\/2021\/isabel-diaz-carretero-investigadora-que-hace-ciencia-con-y-para-la-sociedad\/","title":{"rendered":"Isabel D\u00edaz Carretero, investigadora que hace ciencia con y para la sociedad"},"content":{"rendered":"<figure id=\"attachment_6146\" aria-describedby=\"caption-attachment-6146\" style=\"width: 516px\" class=\"wp-caption aligncenter\"><a href=\"https:\/\/www.madrimasd.org\/blogs\/patentesymarcas\/files\/2021\/02\/Isabel-D\u00edaz-Carretero3.jpg\"><img decoding=\"async\" class=\" wp-image-6146 \" title=\"Isabel D\u00edaz Carretero\" src=\"https:\/\/www.madrimasd.org\/blogs\/patentesymarcas\/files\/2021\/02\/Isabel-D\u00edaz-Carretero3-1024x682.jpg\" alt=\"\" width=\"516\" height=\"343\" srcset=\"https:\/\/www.madrimasd.org\/blogs\/patentesymarcas\/files\/2021\/02\/Isabel-D\u00edaz-Carretero3-1024x682.jpg 1024w, https:\/\/www.madrimasd.org\/blogs\/patentesymarcas\/files\/2021\/02\/Isabel-D\u00edaz-Carretero3-300x200.jpg 300w\" sizes=\"(max-width: 516px) 100vw, 516px\" \/><\/a><figcaption id=\"caption-attachment-6146\" class=\"wp-caption-text\">Fuente: Isabel D\u00edaz Carretero<\/figcaption><\/figure>\n<p style=\"text-align: justify;\">Coincidiendo con la celebraci\u00f3n del <em><a href=\"https:\/\/www.un.org\/es\/observances\/women-and-girls-in-science-day\">D\u00eda Internacional de la Mujer y la Ni\u00f1a en la Ciencia<\/a>\u00a0el 11 de febrero,<\/em><em> hemos <\/em>querido dedicar la entrada del blog de esta semana a la investigadora <strong>Isabel D\u00edaz Carretero<\/strong>, y a uno de sus \u00e9xitos profesionales m\u00e1s relevantes y que m\u00e1s nos llegan al coraz\u00f3n por salvar a muchos ni\u00f1os de padecer afecciones \u00f3seas consecuencia de una enfermedad llamada \u201cfluorosis\u201d.<\/p>\n<p style=\"text-align: justify;\">Despu\u00e9s de mantener una entrevista con Isabel, hemos comprobado su entusiasmo y energ\u00eda y nos atrevemos a definirla como una mujer <strong><em>Cient\u00edfica, Usuaria del sistema de Propiedad Industrial y de la Transferencia de Tecnolog\u00eda y, sobre todo, repleta de Humanidad. <\/em><\/strong><\/p>\n<p style=\"text-align: justify;\"><strong><em>\u00bfOs apetece conocer su historia?<\/em><\/strong><\/p>\n<p style=\"text-align: justify;\">Comenzamos por una breve rese\u00f1a de su curr\u00edculo. Desde que estudiaba en el Instituto le gustaba la qu\u00edmica por lo que ya en la Universidad decidi\u00f3 que quer\u00eda dedicarse a la investigaci\u00f3n. En 2001 fue premio extraordinario de doctorado en Qu\u00edmica por la Universidad Aut\u00f3noma de Madrid. Tambi\u00e9n fue galardonada con el Premio de la Real Sociedad Espa\u00f1ola de Qu\u00edmica a J\u00f3venes Investigadores en 2007. Definitivamente, la qu\u00edmica era lo suyo.<\/p>\n<p style=\"text-align: justify;\">Actualmente, es Investigadora del <a href=\"https:\/\/icp.csic.es\/es\/\">Instituto de Cat\u00e1lisis y Petroleoqu\u00edmica del Consejo Superior de Investigaciones Cient\u00edficas<\/a> (CSIC) y Profesora Adjunta del\u00a0Departamento de Qu\u00edmica de la Universidad de Ad\u00eds Abeba en Etiop\u00eda. Tambi\u00e9n es miembro del Comit\u00e9 Internacional de Materiales Mesoporosos, Secretaria del Grupo Espa\u00f1ol de Zeolitas y desde este a\u00f1o 2021 es Coordinadora de la Comisi\u00f3n de Igualdad Intercentros del Campus de Excelencia CSIC+UAM.<\/p>\n<p style=\"text-align: justify;\">Sus principales \u00e1reas de investigaci\u00f3n son la s\u00edntesis y caracterizaci\u00f3n de <strong>zeolitas, materiales mesoporosos y sistemas h\u00edbridos<\/strong> para aplicaci\u00f3n en cat\u00e1lisis con especial inter\u00e9s en los estudios de <strong>Microscop\u00eda Electr\u00f3nica de Transmisi\u00f3n<\/strong>, t\u00e9cnica de la que es una apasionada experta y que le permite <strong>conocer a nivel at\u00f3mico<\/strong> la estructura de los materiales que analiza.<\/p>\n<figure id=\"attachment_6155\" aria-describedby=\"caption-attachment-6155\" style=\"width: 385px\" class=\"wp-caption aligncenter\"><a href=\"https:\/\/www.madrimasd.org\/blogs\/patentesymarcas\/files\/2021\/02\/zeolita-natural-recortada.png\"><img decoding=\"async\" class=\" wp-image-6155  \" title=\"zeolita natural recortada\" src=\"https:\/\/www.madrimasd.org\/blogs\/patentesymarcas\/files\/2021\/02\/zeolita-natural-recortada.png\" alt=\"\" width=\"385\" height=\"297\" srcset=\"https:\/\/www.madrimasd.org\/blogs\/patentesymarcas\/files\/2021\/02\/zeolita-natural-recortada.png 475w, https:\/\/www.madrimasd.org\/blogs\/patentesymarcas\/files\/2021\/02\/zeolita-natural-recortada-300x231.png 300w\" sizes=\"(max-width: 385px) 100vw, 385px\" \/><\/a><figcaption id=\"caption-attachment-6155\" class=\"wp-caption-text\">Fuente: Isabel D\u00edaz Carretero<\/figcaption><\/figure>\n<p>&nbsp;<\/p>\n<p>Su inter\u00e9s por usar zeolitas naturales en la eliminaci\u00f3n de fl\u00faor y ars\u00e9nico de las aguas potables le ha llevado a publicar numerosos art\u00edculos cient\u00edficos y patentes. Y es una de esas <strong>patentes<\/strong> \u00a0<a href=\"file:\/\/\/C:\/Users\/mbautist\/AppData\/Local\/Microsoft\/Windows\/Temporary%20Internet%20Files\/Content.Outlook\/FUZJSKVV\/ES2500042B1_Original_document_20210208073723.pdf\">ES2500042B<\/a>, la que ha hecho posible llevar su investigaci\u00f3n al mundo real. Pero antes de llegar a lo que protege esta patente, ella hab\u00eda conocido un grave problema en las aguas procedentes del subsuelo de Etiop\u00eda, y era la presencia de un contaminante natural, el ion fluoruro, en una cantidad elevada y superior al l\u00edmite establecido por la Organizaci\u00f3n Mundial de la Salud, <strong>1,5 mg\/L,<\/strong> lo que provocaba una enfermedad \u00f3sea: <strong>la fluorosis<\/strong>.<\/p>\n<p>Isabel detect\u00f3 este problema en Etiop\u00eda porque es un pa\u00eds al que le unen lazos personales. De hecho, ella misma manifiesta \u201cSoy medio et\u00edope\u201d. \u00a0No obstante, este contaminante de origen geol\u00f3gico est\u00e1 presente en las aguas subterr\u00e1neas de muchos pa\u00edses, incluido Espa\u00f1a (Islas Canarias), habi\u00e9ndose calculado que m\u00e1s de 300 millones de personas pueden llegar a padecer esta enfermedad como consecuencia de consumir agua contaminada. En <strong>Etiop\u00eda, por ejemplo, los estudios muestran que hay m\u00e1s de 14 millones de personas en <\/strong>riesgo de padecer esta enfermedad en los dientes y el esqueleto. Y lo m\u00e1s grave es que la fluorosis afecta especialmente a los ni\u00f1os puesto que sus huesos y dientes definitivos est\u00e1n en formaci\u00f3n.<\/p>\n<p><a href=\"https:\/\/www.madrimasd.org\/blogs\/patentesymarcas\/files\/2021\/02\/bebiendo-fuente-Isabel-y-ni\u00f1a3.png\"><img decoding=\"async\" class=\"aligncenter size-full wp-image-6177\" title=\"bebiendo fuente Isabel y ni\u00f1a\" src=\"https:\/\/www.madrimasd.org\/blogs\/patentesymarcas\/files\/2021\/02\/bebiendo-fuente-Isabel-y-ni\u00f1a3.png\" alt=\"\" width=\"702\" height=\"279\" srcset=\"https:\/\/www.madrimasd.org\/blogs\/patentesymarcas\/files\/2021\/02\/bebiendo-fuente-Isabel-y-ni\u00f1a3.png 702w, https:\/\/www.madrimasd.org\/blogs\/patentesymarcas\/files\/2021\/02\/bebiendo-fuente-Isabel-y-ni\u00f1a3-300x119.png 300w\" sizes=\"(max-width: 702px) 100vw, 702px\" \/><\/a><\/p>\n<p style=\"text-align: justify;\"><strong><em>\u00bfOs imagin\u00e1is ser capaces de evitar que millones de personas consuman agua contaminada con fluoruro y no padezcan fluorosis gracias a vuestro trabajo?<\/em><\/strong><\/p>\n<p style=\"text-align: justify;\">Isabel detect\u00f3 el problema, y sum\u00f3 conocimientos, medios, esfuerzo y entusiasmo en conseguir solucionarlo. Y, adem\u00e1s, result\u00f3 que las zeolitas, el material protagonista de sus investigaciones, de su tesis doctoral, de sus art\u00edculos cient\u00edficos y material del que ella conoce hasta su \u00faltimo \u00e1tomo, era muy abundante en Etiop\u00eda. \u00bfCasualidad o m\u00e1s bien causa de su esfuerzo, aprendizaje y b\u00fasqueda?<\/p>\n<p style=\"text-align: justify;\">Las zeolitas naturales tienen un origen volc\u00e1nico y poseen una estructura microporosa que puede atrapar una amplia variedad de elementos, como el sodio, potasio o magnesio. \u00bfY por qu\u00e9 no el fl\u00faor?<\/p>\n<figure id=\"attachment_6162\" aria-describedby=\"caption-attachment-6162\" style=\"width: 300px\" class=\"wp-caption aligncenter\"><a href=\"https:\/\/www.madrimasd.org\/blogs\/patentesymarcas\/files\/2021\/02\/modelo-molecular-zeolita.png\"><img decoding=\"async\" class=\" wp-image-6162\" title=\"modelo molecular zeolita\" src=\"https:\/\/www.madrimasd.org\/blogs\/patentesymarcas\/files\/2021\/02\/modelo-molecular-zeolita-300x292.png\" alt=\"\" width=\"300\" height=\"292\" srcset=\"https:\/\/www.madrimasd.org\/blogs\/patentesymarcas\/files\/2021\/02\/modelo-molecular-zeolita-300x292.png 300w, https:\/\/www.madrimasd.org\/blogs\/patentesymarcas\/files\/2021\/02\/modelo-molecular-zeolita.png 590w\" sizes=\"(max-width: 300px) 100vw, 300px\" \/><\/a><figcaption id=\"caption-attachment-6162\" class=\"wp-caption-text\">Fuente: G\u00f3mez-Hortig\u00fcela, L. et al. Microporous and Mesoporous Materials, 2014, 93-102.<\/figcaption><\/figure>\n<p style=\"text-align: justify;\">\u00a1Las zeolitas hab\u00edan llegado un d\u00eda a su vida para quedarse! Y esta vez, hab\u00eda una aplicaci\u00f3n real, <strong>el sue\u00f1o de muchos investigadores<\/strong>, que su ciencia sirva a la sociedad, que se aplique y si encima es en temas de salud, la satisfacci\u00f3n es m\u00e1xima. A partir de ah\u00ed Isabel puso en marcha la maquinaria de la que ella dispon\u00eda, esto es, su ciencia, su equipo de investigaci\u00f3n, su microscopio electr\u00f3nico de transmisi\u00f3n y sus contactos. Y manos a la obra, \u201cesto fue un trabajo en equipo\u201d.<\/p>\n<p style=\"text-align: justify;\">Y as\u00ed empez\u00f3 la historia de esta patente\u00a0<a href=\"file:\/\/\/C:\/Users\/mbautist\/AppData\/Local\/Microsoft\/Windows\/Temporary%20Internet%20Files\/Content.Outlook\/FUZJSKVV\/ES2500042B1_Original_document_20210208073723.pdf\">ES2500042B<\/a>, que adem\u00e1s, marca tambi\u00e9n otro hito y es que fue la <strong>primera patente presentada por la Universidad de Ad\u00eds Abeba.<\/strong><\/p>\n<p style=\"text-align: justify;\"><a href=\"https:\/\/www.madrimasd.org\/blogs\/patentesymarcas\/files\/2021\/02\/patente-zeolita1.png\"><img decoding=\"async\" class=\"aligncenter size-full wp-image-6164\" title=\"patente zeolita\" src=\"https:\/\/www.madrimasd.org\/blogs\/patentesymarcas\/files\/2021\/02\/patente-zeolita1.png\" alt=\"\" width=\"412\" height=\"608\" srcset=\"https:\/\/www.madrimasd.org\/blogs\/patentesymarcas\/files\/2021\/02\/patente-zeolita1.png 412w, https:\/\/www.madrimasd.org\/blogs\/patentesymarcas\/files\/2021\/02\/patente-zeolita1-203x300.png 203w\" sizes=\"(max-width: 412px) 100vw, 412px\" \/><\/a><\/p>\n<p style=\"text-align: justify;\">Los <strong>inventores<\/strong> de este t\u00edtulo de Propiedad Industrial: <strong>Luis G\u00f3mez-Hortig\u00fcela Sainz, Joaqu\u00edn P\u00e9rez Pariente e Isabel D\u00edaz Carretero del Consejo Superior de Investigaciones Cient\u00edficas (CSIC) y Yonas Chebude de la Universidad de Ad\u00eds Abeba<\/strong>, fueron capaces de hacer equipo, aunar conocimientos y ciencia para modificar las zeolitas y que atraparan iones <strong>fl\u00faor<\/strong>. Lo consiguieron y lo quisieron proteger con la patente \u00a0<a href=\"file:\/\/\/C:\/Users\/mbautist\/AppData\/Local\/Microsoft\/Windows\/Temporary%20Internet%20Files\/Content.Outlook\/FUZJSKVV\/ES2500042B1_Original_document_20210208073723.pdf\">ES2500042B<\/a>. En ella se recoge el procedimiento de modificaci\u00f3n de una zeolita natural procedente de Etiop\u00eda con un compuesto de f\u00f3sforo en condiciones tales que se forma el composite estilbita-nanohidroxiapatita responsable de atrapar iones fl\u00faor. \u00a0\u00a0Este m\u00e9todo supon\u00eda un sistema m\u00e1s eficiente que el resto de soluciones conocidas para extraer fluoruros de las aguas, adem\u00e1s de ser m\u00e1s econ\u00f3mico y <strong>no generar residuos contaminantes.<\/strong><\/p>\n<p style=\"text-align: justify;\"><strong><em>La transferencia de Tecnolog\u00eda: licencia de patente<\/em><\/strong><\/p>\n<p style=\"text-align: justify;\">En esta ocasi\u00f3n, se volvieron a juntar muchos factores pero fue la <a href=\"https:\/\/digital.csic.es\/handle\/10261\/5370\">Vicepresidencia Adjunta de Transferencia del Conocimiento (VATC) del CSIC<\/a>\u00a0 qui\u00e9n dio la difusi\u00f3n y el apoyo necesario para posibilitar la transferencia de la investigaci\u00f3n al mercado. Se cre\u00f3 un folleto informativo y se public\u00f3 una <a href=\"https:\/\/www.csic.es\/es\/actualidad-del-csic\/el-csic-elimina-el-fluor-del-agua-gracias-materiales-etiopes\">nota de prensa<\/a>. A partir de aqu\u00ed llegaron las ofertas y numerosas empresas se interesaron por el proyecto. Finalmente, la patente se licenci\u00f3 en exclusiva a <a href=\"https:\/\/tagua.es\/\">Tagua<\/a>, una empresa canaria experta en el ciclo integral del agua, que puso en marcha la <strong>fabricaci\u00f3n a escala comercial del filtro basado en las zeolitas modificadas para atrapar fl\u00faor<\/strong> bajo el nombre <strong>HINDROP. <\/strong>Esto le ha hecho merecedora, entre otros reconocimientos, de la distinci\u00f3n de PYME innovadora. La tecnolog\u00eda del filtro desarrollada no precisa de personal adiestrado para su colocaci\u00f3n ni de infraestructuras complejas, adapt\u00e1ndose tanto a usos dom\u00e9sticos como colectivos.<\/p>\n<p style=\"text-align: justify;\">Pero aqu\u00ed no acaba la historia: Isabel quer\u00eda llegar a Etiop\u00eda, quer\u00eda que los ni\u00f1os et\u00edopes crecieran con dientes y estructura \u00f3sea sanos y fuertes por lo que, de la mano de la <strong>ONG Amigos de Silva<\/strong>, con la <strong>financiaci\u00f3n de la Fundaci\u00f3n Espa\u00f1ola Juan Entrecanales de Azc\u00e1rate y la Stiftung Freie Gemeinschaftsbank (Suiza), <\/strong>se consigui\u00f3 crear <strong>dos plantas potabilizadoras para Etiop\u00eda. <\/strong>Fueron<strong> <\/strong>inauguradas el 23 de noviembre de 2019 en las localidades de Dida y Obe, situadas a unos 25 km de Ziway, en el valle del Rift central, a 160 km al sur de Ad\u00eds Abeba.<\/p>\n<figure id=\"attachment_6166\" aria-describedby=\"caption-attachment-6166\" style=\"width: 516px\" class=\"wp-caption aligncenter\"><a href=\"https:\/\/www.madrimasd.org\/blogs\/patentesymarcas\/files\/2021\/02\/GRUPO-DEL-CSIC-EN-ETIOPIA-1.jpg\"><img decoding=\"async\" class=\" wp-image-6166  \" title=\"GRUPO DEL CSIC EN ETIOPIA\" src=\"https:\/\/www.madrimasd.org\/blogs\/patentesymarcas\/files\/2021\/02\/GRUPO-DEL-CSIC-EN-ETIOPIA-1-1024x681.jpg\" alt=\"\" width=\"516\" height=\"343\" srcset=\"https:\/\/www.madrimasd.org\/blogs\/patentesymarcas\/files\/2021\/02\/GRUPO-DEL-CSIC-EN-ETIOPIA-1-1024x681.jpg 1024w, https:\/\/www.madrimasd.org\/blogs\/patentesymarcas\/files\/2021\/02\/GRUPO-DEL-CSIC-EN-ETIOPIA-1-300x199.jpg 300w\" sizes=\"(max-width: 516px) 100vw, 516px\" \/><\/a><figcaption id=\"caption-attachment-6166\" class=\"wp-caption-text\">Fuente: CSIC<\/figcaption><\/figure>\n<p style=\"text-align: justify;\">Los <strong>dos filtros <\/strong>desarrollados, fabricados y ubicados<strong> en dos pozos<\/strong> contaminados suministran agua a la comunidad local que cuenta con una escuela de primaria para 400 ni\u00f1os, un centro recreacional y un centro de salud materno-infantil con asistencia de enfermeras. El agua de los pozos, que tiene una concentraci\u00f3n de fluoruro de 2-3 mg\/L, es filtrada gracias a esta nueva tecnolog\u00eda con zeolitas y abastece a la comunidad con agua potable.<\/p>\n<figure id=\"attachment_6169\" aria-describedby=\"caption-attachment-6169\" style=\"width: 516px\" class=\"wp-caption aligncenter\"><a href=\"https:\/\/www.madrimasd.org\/blogs\/patentesymarcas\/files\/2021\/02\/NI\u00d1OS-ET\u00cdOPES-CON-EL-AGUA-PURIFICADA-1.jpg\"><img decoding=\"async\" class=\" wp-image-6169  \" title=\"NI\u00d1OS ET\u00cdOPES CON EL AGUA PURIFICADA (1)\" src=\"https:\/\/www.madrimasd.org\/blogs\/patentesymarcas\/files\/2021\/02\/NI\u00d1OS-ET\u00cdOPES-CON-EL-AGUA-PURIFICADA-1-1024x661.jpg\" alt=\"\" width=\"516\" height=\"334\" srcset=\"https:\/\/www.madrimasd.org\/blogs\/patentesymarcas\/files\/2021\/02\/NI\u00d1OS-ET\u00cdOPES-CON-EL-AGUA-PURIFICADA-1-1024x661.jpg 1024w, https:\/\/www.madrimasd.org\/blogs\/patentesymarcas\/files\/2021\/02\/NI\u00d1OS-ET\u00cdOPES-CON-EL-AGUA-PURIFICADA-1-300x193.jpg 300w\" sizes=\"(max-width: 516px) 100vw, 516px\" \/><\/a><figcaption id=\"caption-attachment-6169\" class=\"wp-caption-text\">Fuente: CSIC<\/figcaption><\/figure>\n<p style=\"text-align: justify;\"><strong><em>Internacionalizaci\u00f3n<\/em><\/strong><\/p>\n<p style=\"text-align: justify;\">La patente espa\u00f1ola ha sido extendida a trav\u00e9s del tratado de cooperaci\u00f3n en materia de patentes (PCT) con la solicitud <a href=\"https:\/\/worldwide.espacenet.com\/patent\/search\/family\/051427557\/publication\/WO2014131926A1?q=WO2014131926A1\">WO2014131926A1<\/a> a otros pa\u00edses como M\u00e9xico, <a href=\"https:\/\/worldwide.espacenet.com\/patent\/search\/family\/051427557\/publication\/MX2015011040A?q=MX2015011040A\">MX2015011040A<\/a> y Estados Unidos, <a href=\"https:\/\/worldwide.espacenet.com\/patent\/search\/family\/051427557\/publication\/US2016016823A1?q=US2016016823A1\">US2016016823A1<\/a> donde tambi\u00e9n se ha detectado el problema de la fluorosis.<\/p>\n<p style=\"text-align: justify;\">Por lo que la historia contin\u00faa\u2026\u2026<\/p>\n<p style=\"text-align: justify;\"><strong><em>Econom\u00eda Circular<\/em><\/strong><\/p>\n<p style=\"text-align: justify;\">Adem\u00e1s, y para cerrar el ciclo del uso de los recursos, actualmente, se est\u00e1 investigando la utilidad de los residuos de zeolitas de las plantas potabilizadoras como acondicionadores del suelo.<\/p>\n<p style=\"text-align: justify;\">Aqu\u00ed os dejamos la \u00faltima publicaci\u00f3n del CSIC en relaci\u00f3n a este nuevo proyecto:<\/p>\n<p><a href=\"https:\/\/www.csic.es\/es\/actualidad-del-csic\/cientificos-del-csic-estudian-reutilizar-zeolitas-usadas-en-la-potabilizacion\">https:\/\/www.csic.es\/es\/actualidad-del-csic\/cientificos-del-csic-estudian-reutilizar-zeolitas-usadas-en-la-potabilizacion<\/a><\/p>\n<p style=\"text-align: justify;\"><em>Desde la Oficina Espa\u00f1ola de Patentes y Marcas, queremos sumarnos al reconocimiento de la labor de estos investigadores e instituciones p\u00fablicas y privadas, as\u00ed como mostrarles nuestro apoyo para facilitar el proceso de transferencia de tecnolog\u00eda como esta que aqu\u00ed os hemos expuesto y que adem\u00e1s supone una gran contribuci\u00f3n a conseguir <strong>Objetivos de Desarrollo Sostenible<\/strong> de la Organizaci\u00f3n de las Naciones Unidas.<\/em><\/p>\n<p style=\"text-align: center;\" align=\"center\"><em>\u00a1Enhorabuena a Isabel, al CSIC, a los colaboradores y a todo aquel que haya participado en esta iniciativa!<\/em><\/p>\n<p>&nbsp;<\/p>\n<p><em>\u00a0<a href=\"https:\/\/www.madrimasd.org\/blogs\/patentesymarcas\/files\/2021\/02\/ODS-1.png\"><img decoding=\"async\" class=\"aligncenter size-medium wp-image-6203\" title=\"ODS-1\" src=\"https:\/\/www.madrimasd.org\/blogs\/patentesymarcas\/files\/2021\/02\/ODS-1-300x189.png\" alt=\"\" width=\"300\" height=\"189\" srcset=\"https:\/\/www.madrimasd.org\/blogs\/patentesymarcas\/files\/2021\/02\/ODS-1-300x189.png 300w, https:\/\/www.madrimasd.org\/blogs\/patentesymarcas\/files\/2021\/02\/ODS-1.png 765w\" sizes=\"(max-width: 300px) 100vw, 300px\" \/><\/a><\/em><\/p>\n<p align=\"center\"><em><br \/>\n<\/em><\/p>\n","protected":false},"excerpt":{"rendered":"<p>Coincidiendo con la celebraci\u00f3n del D\u00eda Internacional de la Mujer y la Ni\u00f1a en la Ciencia\u00a0el 11 de febrero, hemos querido dedicar la entrada del blog de esta semana a la investigadora Isabel D\u00edaz Carretero, y a uno de sus \u00e9xitos profesionales m\u00e1s relevantes y que m\u00e1s nos llegan al coraz\u00f3n por salvar a muchos ni\u00f1os de padecer afecciones \u00f3seas consecuencia de una enfermedad llamada \u201cfluorosis\u201d. Despu\u00e9s de mantener una entrevista con Isabel, hemos comprobado su entusiasmo y energ\u00eda y nos atrevemos a definirla como una mujer Cient\u00edfica, Usuaria del sistema de Propiedad Industrial y de la Transferencia de Tecnolog\u00eda\u2026<\/p>\n","protected":false},"author":183,"featured_media":0,"comment_status":"open","ping_status":"open","sticky":false,"template":"","format":"standard","meta":{"_mi_skip_tracking":false,"ngg_post_thumbnail":0},"categories":[27391],"tags":[],"blocksy_meta":{"styles_descriptor":{"styles":{"desktop":"","tablet":"","mobile":""},"google_fonts":[],"version":4}},"aioseo_notices":[],"_links":{"self":[{"href":"https:\/\/www.madrimasd.org\/blogs\/patentesymarcas\/wp-json\/wp\/v2\/posts\/6133"}],"collection":[{"href":"https:\/\/www.madrimasd.org\/blogs\/patentesymarcas\/wp-json\/wp\/v2\/posts"}],"about":[{"href":"https:\/\/www.madrimasd.org\/blogs\/patentesymarcas\/wp-json\/wp\/v2\/types\/post"}],"author":[{"embeddable":true,"href":"https:\/\/www.madrimasd.org\/blogs\/patentesymarcas\/wp-json\/wp\/v2\/users\/183"}],"replies":[{"embeddable":true,"href":"https:\/\/www.madrimasd.org\/blogs\/patentesymarcas\/wp-json\/wp\/v2\/comments?post=6133"}],"version-history":[{"count":51,"href":"https:\/\/www.madrimasd.org\/blogs\/patentesymarcas\/wp-json\/wp\/v2\/posts\/6133\/revisions"}],"predecessor-version":[{"id":6194,"href":"https:\/\/www.madrimasd.org\/blogs\/patentesymarcas\/wp-json\/wp\/v2\/posts\/6133\/revisions\/6194"}],"wp:attachment":[{"href":"https:\/\/www.madrimasd.org\/blogs\/patentesymarcas\/wp-json\/wp\/v2\/media?parent=6133"}],"wp:term":[{"taxonomy":"category","embeddable":true,"href":"https:\/\/www.madrimasd.org\/blogs\/patentesymarcas\/wp-json\/wp\/v2\/categories?post=6133"},{"taxonomy":"post_tag","embeddable":true,"href":"https:\/\/www.madrimasd.org\/blogs\/patentesymarcas\/wp-json\/wp\/v2\/tags?post=6133"}],"curies":[{"name":"wp","href":"https:\/\/api.w.org\/{rel}","templated":true}]}}