{"id":6467,"date":"2021-04-21T06:00:39","date_gmt":"2021-04-21T05:00:39","guid":{"rendered":"http:\/\/www.madrimasd.org\/blogs\/patentesymarcas\/?p=6467"},"modified":"2021-04-21T19:08:21","modified_gmt":"2021-04-21T18:08:21","slug":"ayudas-financieras-y-subvenciones-para-pymes-que-apuestan-por-la-proteccion-de-sus-innovaciones-en-forma-de-patentes-o-modelos-de-utilidad","status":"publish","type":"post","link":"https:\/\/www.madrimasd.org\/blogs\/patentesymarcas\/2021\/ayudas-financieras-y-subvenciones-para-pymes-que-apuestan-por-la-proteccion-de-sus-innovaciones-en-forma-de-patentes-o-modelos-de-utilidad\/","title":{"rendered":"Ayudas financieras y subvenciones para pymes y emprendedores que apuestan por la protecci\u00f3n de sus innovaciones en forma de patentes o modelos de utilidad"},"content":{"rendered":"<p><a href=\"https:\/\/www.madrimasd.org\/blogs\/patentesymarcas\/files\/2021\/04\/Fig-11.jpg\"><img decoding=\"async\" class=\"aligncenter size-full wp-image-6470\" title=\"Fig 1\" src=\"https:\/\/www.madrimasd.org\/blogs\/patentesymarcas\/files\/2021\/04\/Fig-11.jpg\" alt=\"\" width=\"320\" height=\"223\" srcset=\"https:\/\/www.madrimasd.org\/blogs\/patentesymarcas\/files\/2021\/04\/Fig-11.jpg 320w, https:\/\/www.madrimasd.org\/blogs\/patentesymarcas\/files\/2021\/04\/Fig-11-300x209.jpg 300w\" sizes=\"(max-width: 320px) 100vw, 320px\" \/><\/a><\/p>\n<p style=\"text-align: justify;\">El a\u00f1o 2020 supuso para emprendedores y peque\u00f1as y medianas empresas, motor de nuestra econom\u00eda, un a\u00f1o dif\u00edcil de afrontar ante la par\u00e1lisis y\/o ralentizaci\u00f3n del sector econ\u00f3mico, consecuencia de la pandemia por COVID19. En este escenario en que la recuperaci\u00f3n econ\u00f3mica de muchas pymes es una necesidad, el <a href=\"http:\/\/www.oepm.es\/es\/Dia_Mundial_de_la_Propiedad_Intelectual_2021.html\">D\u00eda Mundial de la Propiedad Intelectual-Industrial 2021<\/a> (DMPI-2021) quiere apoyar a este sector y visibilizar c\u00f3mo el uso de los derechos de PI puede ayudar a impulsar su crecimiento y un desarrollo econ\u00f3mico sostenible.\u00a0El lema elegido este a\u00f1o para tal conmemoraci\u00f3n, el 26 de abril del 2021, ha sido \u201c<strong><em>PI y pymes: para que las ideas lleguen al mercado\u201d.<\/em><\/strong><\/p>\n<p style=\"text-align: justify;\">Y para conseguir el prop\u00f3sito de este lema, desde la Oficina Espa\u00f1ola de Patentes y Marcas, O.A. (OEPM), queremos dar apoyo a nuestras pymes innovadoras que apuestan por la protecci\u00f3n de sus activos intangibles, <strong>visibilizando las ayudas que la administraci\u00f3n espa\u00f1ola<\/strong> les ofrece para patentes y modelos de utilidad.<\/p>\n<p style=\"text-align: center;\"><a href=\"https:\/\/www.madrimasd.org\/blogs\/patentesymarcas\/files\/2021\/04\/Fig-2.jpg\"><img decoding=\"async\" class=\"aligncenter  wp-image-6469\" title=\"Fig 2\" src=\"https:\/\/www.madrimasd.org\/blogs\/patentesymarcas\/files\/2021\/04\/Fig-2.jpg\" alt=\"\" width=\"421\" height=\"202\" srcset=\"https:\/\/www.madrimasd.org\/blogs\/patentesymarcas\/files\/2021\/04\/Fig-2.jpg 702w, https:\/\/www.madrimasd.org\/blogs\/patentesymarcas\/files\/2021\/04\/Fig-2-300x143.jpg 300w\" sizes=\"(max-width: 421px) 100vw, 421px\" \/><\/a><\/p>\n<p style=\"text-align: justify;\">A continuaci\u00f3n, se muestran las ayudas de las que se dispone clasificadas seg\u00fan el momento de actuaci\u00f3n, es decir, si te trata del periodo previo a la solicitud (apartado 1) o una vez solicitada la protecci\u00f3n y hecho el abono correspondiente (apartado 2), o en el momento de extender la protecci\u00f3n al extranjero para los casos basados en una solicitud prioritaria nacional (apartado 3). Por \u00faltimo, en el apartado 4 se resume la desgravaci\u00f3n fiscal a la que se puede acoger la pyme si pretende realizar o lo ha hecho ya, una cesi\u00f3n o transmisi\u00f3n de la patente o modelo de utilidad (\u201c<em>Patent box<\/em>\u201d o \u201c<em>IP box<\/em>\u201d).<\/p>\n<p style=\"text-align: justify;\">Al final de cada apartado, se facilitan direcciones a las que dirigirse en caso de necesitar ayuda o m\u00e1s informaci\u00f3n.<\/p>\n<p><strong>1. <\/strong><strong>Ayudas para la SOLICITUD de patentes y modelos de utilidad:<\/strong><\/p>\n<p>La administraci\u00f3n ofrece la oportunidad de reducir un 15% el importe de las tasas correspondientes si las solicitudes se realizan por v\u00eda telem\u00e1tica a trav\u00e9s de la <a href=\"https:\/\/sede.oepm.gob.es\/eSede\/es\/index.html\">sede electr\u00f3nica de la OEPM<\/a>.<\/p>\n<p>Adem\u00e1s, se pueden solicitar las siguientes reducciones:<\/p>\n<p>1.1.\u00a0\u00a0\u00a0\u00a0\u00a0\u00a0\u00a0 La <a href=\"https:\/\/www.boe.es\/buscar\/act.php?id=BOE-A-2015-8328\">Ley 24\/2015, de 24 de julio, de Patentes<\/a>, <strong>en su art\u00edculo 186<\/strong>, impulsa a que <strong>personas f\u00edsicas emprendedoras<\/strong> <strong>y pymes<\/strong> presenten solicitudes de patentes y\/o modelos de utilidad con una reducci\u00f3n del 50% de tasas en los siguientes conceptos:<\/p>\n<ul>\n<li>tasas de solicitud;<\/li>\n<li>anualidades tercera, cuarta y quinta;<\/li>\n<li>tasas de petici\u00f3n de informe sobre el estado de la t\u00e9cnica en el caso de patentes;<\/li>\n<li>tasas de petici\u00f3n de examen sustantivo en el caso de patentes.<\/li>\n<\/ul>\n<p>Para beneficiarse de estas ayudas, el\u00a0<strong>emprendedor<\/strong>, <strong>pyme o persona f\u00edsica emprendedora<\/strong>, deber\u00e1 realizar las siguientes acciones:<\/p>\n<p>1.1.1.\u00a0\u00a0\u00a0 Presentar la <a href=\"https:\/\/sede.oepm.gob.es\/eSede\/comun\/Formularios_web\/5101.pdf\">instancia de solicitud de patente o modelo de utilidad (formulario 5101)<\/a>, y marcar \u00a0el apartado (24):<\/p>\n<p style=\"text-align: center;\"><a href=\"https:\/\/www.madrimasd.org\/blogs\/patentesymarcas\/files\/2021\/04\/Fig-3_2.png\"><img decoding=\"async\" class=\"aligncenter  wp-image-6488\" title=\"Fig 3_2\" src=\"https:\/\/www.madrimasd.org\/blogs\/patentesymarcas\/files\/2021\/04\/Fig-3_2.png\" alt=\"\" width=\"393\" height=\"56\" srcset=\"https:\/\/www.madrimasd.org\/blogs\/patentesymarcas\/files\/2021\/04\/Fig-3_2.png 655w, https:\/\/www.madrimasd.org\/blogs\/patentesymarcas\/files\/2021\/04\/Fig-3_2-300x42.png 300w\" sizes=\"(max-width: 393px) 100vw, 393px\" \/><\/a><\/p>\n<p style=\"text-align: justify;\">1.1.2. Hacer, junto con la anterior solicitud, la <strong>petici\u00f3n expresa de reducci\u00f3n de tasas<\/strong> con el <a href=\"https:\/\/sede.oepm.gob.es\/eSede\/comun\/Formularios_web\/REDEMP.pdf\"><strong>formulario REDEIMP<\/strong><\/a> habilitado para ello :<\/p>\n<p style=\"text-align: center;\"><a href=\"https:\/\/www.madrimasd.org\/blogs\/patentesymarcas\/files\/2021\/04\/Fig-5.png\"><img decoding=\"async\" class=\"aligncenter  wp-image-6472\" title=\"Fig 5\" src=\"https:\/\/www.madrimasd.org\/blogs\/patentesymarcas\/files\/2021\/04\/Fig-5.png\" alt=\"\" width=\"355\" height=\"518\" srcset=\"https:\/\/www.madrimasd.org\/blogs\/patentesymarcas\/files\/2021\/04\/Fig-5.png 592w, https:\/\/www.madrimasd.org\/blogs\/patentesymarcas\/files\/2021\/04\/Fig-5-205x300.png 205w\" sizes=\"(max-width: 355px) 100vw, 355px\" \/><\/a><\/p>\n<p>&nbsp;<\/p>\n<p style=\"text-align: justify;\">1.1.3.\u00a0\u00a0\u00a0 <strong>Acreditar<\/strong> la condici\u00f3n de emprendedor con la siguiente documentaci\u00f3n:<\/p>\n<ul style=\"text-align: justify;\">\n<li>Las personas f\u00edsicas deber\u00e1n aportar el documento de alta en el Censo de Empresarios, Profesionales y Retenedores o acudir a cualquier otro medio reconocido en Derecho.<\/li>\n<li>Los emprendedores con la condici\u00f3n de \u201cPYME\u201d podr\u00e1n demostrar por cualquier medio reconocido en Derecho que desarrollan actividad econ\u00f3mica empresarial o profesional y tienen menos de 250 trabajadores, un volumen de negocio de menos de 50 M\u20ac\/a\u00f1o, y un balance inferior a 43 M\u20ac (Recomendaci\u00f3n 2003\/361\/CE de la Comisi\u00f3n Europea de 6 de mayo de 2003).<\/li>\n<\/ul>\n<p style=\"text-align: justify;\">En el caso de haber m\u00e1s de un solicitante, todos deben reunir la condici\u00f3n de emprendedores y, por tanto, se deben presentar las hojas de declaraci\u00f3n, junto a la documentaci\u00f3n justificativa, de ser emprendedor de cada uno de ellos.<\/p>\n<p style=\"text-align: justify;\">La Ley 24\/2015 de patentes se ha basado en la definici\u00f3n de emprendedor de la <a href=\"https:\/\/www.boe.es\/diario_boe\/txt.php?id=BOE-A-2013-10074\">Ley 14\/2013, de 27 de septiembre, de apoyo a los emprendedores y su internacionalizaci\u00f3n<\/a> y en la definici\u00f3n de peque\u00f1a y mediana empresa (PYME) adoptada por la <a href=\"https:\/\/eur-lex.europa.eu\/legal-content\/ES\/LSU\/?uri=celex:32003H0361\">Recomendaci\u00f3n 2003\/361\/CE, de la Comisi\u00f3n Europea, de 6 de mayo<\/a>, sobre la definici\u00f3n de microempresas, peque\u00f1as y medianas empresas o a la que, en caso de modificaci\u00f3n o sustituci\u00f3n de la misma, sea aplicable en el momento de presentarse la solicitud.<\/p>\n<p style=\"text-align: justify;\">1.2.\u00a0\u00a0\u00a0\u00a0\u00a0\u00a0\u00a0 Para solicitudes de patentes nacionales <strong>procedentes<\/strong> de una solicitud realizada en virtud del <a href=\"https:\/\/www.oepm.es\/es\/Invenciones_Menu\/Solicitud_Internacional_PCT\/\">Tratado de Cooperaci\u00f3n en materia de Patentes, PCT<\/a>, que ya hubiesen sido objeto de un informe de b\u00fasqueda internacional (IBI) realizado por la OEPM como Administraci\u00f3n de B\u00fasqueda PCT, la Ley 24\/2015 de Patentes regula en el art\u00edculo 36.5 <strong>la dispensa del informe sobre el estado de la t\u00e9cnica<\/strong> (IET) y de la opini\u00f3n escrita.<\/p>\n<p style=\"text-align: justify;\">Asimismo, el <strong>art\u00edculo 183<\/strong> de la citada ley regula, por un lado<strong>, las condiciones de reembolso de la tasa de IET<\/strong> cuando \u00e9ste pudiera basarse total o parcialmente en un IBI anterior y, por otro <strong>las condiciones de reembolso de la tasa de examen sustantivo<\/strong> cuando \u00e9ste pudiera basarse total o parcialmente en un examen preliminar internacional (EPI) anterior. Se recuerda en este punto que las tasas habr\u00e1n sido abonadas previamente a la OEPM y es el interesado quien deber\u00e1 solicitar el reembolso. A este respecto, la <a href=\"https:\/\/www.boe.es\/buscar\/act.php?id=BOE-A-2003-23186\">Ley 58\/2003, de 17 de diciembre, General Tributaria<\/a> indica que el plazo de solicitud prescribe a los\u00a0 cuatro a\u00f1os. El porcentaje de reembolso ha de determinarse en funci\u00f3n del alcance del informe, esto es, de la mayor o menor utilizaci\u00f3n que se hubiera hecho de la informaci\u00f3n obrante en el IBI o el EPI previos.<\/p>\n<p style=\"text-align: justify;\">Para aplicar esta normativa, el Director de la OEPM, firm\u00f3 una Instrucci\u00f3n que adem\u00e1s de seguir las disposiciones de la Ley 24\/2015 de Patentes, tambi\u00e9n sigue las del acuerdo entre la Organizaci\u00f3n Mundial de la Propiedad Intelectual (OMPI) y la OEPM sobre las condiciones de la actuaci\u00f3n de la misma como Administraci\u00f3n Internacional del PCT (<a href=\"http:\/\/www.oepm.es\/export\/sites\/oepm\/comun\/documentos_relacionados\/Invenciones_Ley_24_2015\/2019_03_06_Reembolso_Tasas_IET_Resolucion.pdf\">Instrucci\u00f3n del Director de la OEPM del 4 de marzo de 2019<\/a>).<\/p>\n<p style=\"text-align: justify;\">La OEPM, como oficina de servicio al ciudadano, ofrece <strong>informaci\u00f3n y soporte<\/strong> a trav\u00e9s del correo electr\u00f3nico a <strong>informacion@oepm<\/strong> y del tel\u00e9fono <em>910 780 780<\/em>, as\u00ed como a trav\u00e9s del <strong>punto de atenci\u00f3n a la pyme<\/strong> y al emprendedor en <a href=\"mailto:pyme@oepm.es\"><strong>pyme@oepm.es<\/strong><\/a> y en los tel\u00e9fonos <strong>91 349 54 49\/ 91 349 55 50.<\/strong><\/p>\n<p style=\"text-align: justify;\"><strong>2. <\/strong><strong>Ayudas para la INTERNACIONALIZACI\u00d3N de patentes y modelos de utilidad espa\u00f1oles:<\/strong><\/p>\n<p style=\"text-align: justify;\">La extensi\u00f3n al extranjero de una patente o modelo de utilidad espa\u00f1ol utilizando a la OEPM como Administraci\u00f3n de B\u00fasqueda Internacional del <a href=\"https:\/\/www.oepm.es\/es\/Invenciones_Menu\/Solicitud_Internacional_PCT\/\">Tratado de Cooperaci\u00f3n en materia de patentes, PCT<\/a>, permite el reembolso de hasta el 100% de la tasa de b\u00fasqueda internacional (<a href=\"http:\/\/www.oepm.es\/export\/sites\/oepm\/comun\/documentos_relacionados\/Invenciones_Ley_24_2015\/2019_03_06_Reembolso_Tasas_IET_Resolucion.pdf\">Instrucci\u00f3n del Director de la OEPM del 4 de marzo de 2019<\/a>).<\/p>\n<p style=\"text-align: center;\"><a href=\"https:\/\/www.madrimasd.org\/blogs\/patentesymarcas\/files\/2021\/04\/Fig6.png\"><img decoding=\"async\" class=\"aligncenter  wp-image-6473\" title=\"Fig6\" src=\"https:\/\/www.madrimasd.org\/blogs\/patentesymarcas\/files\/2021\/04\/Fig6.png\" alt=\"\" width=\"439\" height=\"174\" srcset=\"https:\/\/www.madrimasd.org\/blogs\/patentesymarcas\/files\/2021\/04\/Fig6.png 627w, https:\/\/www.madrimasd.org\/blogs\/patentesymarcas\/files\/2021\/04\/Fig6-300x118.png 300w\" sizes=\"(max-width: 439px) 100vw, 439px\" \/><\/a><\/p>\n<p style=\"text-align: justify;\">De esta forma, si una patente espa\u00f1ola es prioritaria de una solicitud internacional PCT se puede obtener un reembolso de hasta 1 775 \u20ac en la tasa PCT siempre que su Informe de B\u00fasqueda Internacional (IBI) puede basarse en el informe del Estado de la T\u00e9cnica (IET) de la prioritaria.<\/p>\n<p style=\"text-align: center;\"><a href=\"https:\/\/www.madrimasd.org\/blogs\/patentesymarcas\/files\/2021\/04\/Fig7.png\"><img decoding=\"async\" class=\"aligncenter  wp-image-6474\" title=\"Fig7\" src=\"https:\/\/www.madrimasd.org\/blogs\/patentesymarcas\/files\/2021\/04\/Fig7.png\" alt=\"\" width=\"402\" height=\"135\" srcset=\"https:\/\/www.madrimasd.org\/blogs\/patentesymarcas\/files\/2021\/04\/Fig7.png 574w, https:\/\/www.madrimasd.org\/blogs\/patentesymarcas\/files\/2021\/04\/Fig7-300x100.png 300w\" sizes=\"(max-width: 402px) 100vw, 402px\" \/><\/a><\/p>\n<p style=\"text-align: justify;\">Por otro lado, destacar que, si la OEPM ha sido designada por el solicitante como Administraci\u00f3n de B\u00fasqueda Internacional, en caso de optar posteriormente por la v\u00eda regional europea (Euro PCT), la Oficina Europea de Patentes (OEP) realizar\u00e1 un descuento de 1150\u20ac en la tasa de b\u00fasqueda europea.<\/p>\n<p style=\"text-align: center;\"><a href=\"https:\/\/www.madrimasd.org\/blogs\/patentesymarcas\/files\/2021\/04\/Fig8.png\"><img decoding=\"async\" class=\"aligncenter  wp-image-6475\" title=\"Fig8\" src=\"https:\/\/www.madrimasd.org\/blogs\/patentesymarcas\/files\/2021\/04\/Fig8.png\" alt=\"\" width=\"400\" height=\"132\" srcset=\"https:\/\/www.madrimasd.org\/blogs\/patentesymarcas\/files\/2021\/04\/Fig8.png 572w, https:\/\/www.madrimasd.org\/blogs\/patentesymarcas\/files\/2021\/04\/Fig8-300x99.png 300w\" sizes=\"(max-width: 400px) 100vw, 400px\" \/><\/a><\/p>\n<p style=\"text-align: justify;\">Adem\u00e1s, la OEPM tambi\u00e9n es Administraci\u00f3n Internacional de B\u00fasqueda y Examen Preliminar Internacional competente para los solicitantes de algunos pa\u00edses Iberoamericanos. Seg\u00fan la clasificaci\u00f3n de los mismos por el Banco Mundial como pa\u00edses con econom\u00eda de renta baja, media-baja o media-alta (listado en <a href=\"http:\/\/www.wipo.int\/pct\/en\/fees\/oepm_fee_reduction.html\">http:\/\/www.wipo.int\/pct\/en\/fees\/oepm_fee_reduction.html<\/a>), podr\u00e1n beneficiarse de un 75% de reducci\u00f3n de la tasa de b\u00fasqueda internacional, adem\u00e1s del descuento comentado con anterioridad, siempre que el solicitante iberoamericano hubiere designado a la OEPM como Administraci\u00f3n Internacional de B\u00fasqueda y opte posteriormente por la v\u00eda regional europea (Euro PCT).<\/p>\n<p style=\"text-align: justify;\">Los descuentos en las tasas relativas al PCT para Latinoam\u00e9rica en la OEPM se pueden consultar en este <a href=\"https:\/\/www.oepm.es\/export\/sites\/oepm\/comun\/documentos_relacionados\/Invenciones\/Solicitud_Internacional_PCT\/Descuentos_PCT_para_Latinoamerica.pdf\">enlace<\/a>.<\/p>\n<p style=\"text-align: justify;\">Para informaci\u00f3n y ayuda relacionadas con las solicitudes internacionales que se realizan por la v\u00eda PCT o patente europea se puede enviar la petici\u00f3n al correo electr\u00f3nico <strong><a href=\"mailto:PCT-OEPM@oepm.es\">PCT-OEPM@oepm.es<\/a><\/strong><\/p>\n<p style=\"text-align: justify;\"><strong>3. Subvenciones para patentes y modelos de utilidad DESPU\u00c9S DE LA SOLICITUD:<\/strong><\/p>\n<p style=\"text-align: justify;\">Anualmente, la OEPM convoca subvenciones con el fin de fomentar la protecci\u00f3n de las invenciones nacionales tanto de las pymes como de las personas f\u00edsicas con domicilio en Espa\u00f1a y estimular la extensi\u00f3n de las mismas al extranjero.<\/p>\n<p style=\"text-align: justify;\">La fecha de la convocatoria var\u00eda de un a\u00f1o a otro, pero suele suceder en el segundo trimestre del a\u00f1o y se divide en dos programas: nacional y exterior.<\/p>\n<p style=\"text-align: justify;\">Tomando como referencia la\u00a0<a href=\"http:\/\/www.oepm.es\/es\/propiedad_industrial\/ayudas\/ayudas_de_la_oepm_para_fomento_de_patentes_y_modelos_de_utilidad_2020\/convocatoria_2020.html\"><strong>convocatoria de 2020<\/strong>\u00a0<\/a>las ayudas que se convocan subvencionan los siguientes tr\u00e1mites:<\/p>\n<ul style=\"text-align: justify;\">\n<li>En el <strong>\u00e1mbito nacional<\/strong> se subvencionan los tr\u00e1mites de solicitud y\/o informe del estado de la t\u00e9cnica (IET) de patentes y modelos de utilidad; y examen sustantivo para solicitudes de patentes.<\/li>\n<\/ul>\n<ul style=\"text-align: justify;\">\n<li><strong>En el \u00e1mbito internacional, <\/strong>al extender los t\u00edtulos nacionales al \u00e1mbito internacional en el marco de procedimientos de concesi\u00f3n de patentes o de modelos de utilidad en otras oficinas nacionales o regionales de propiedad intelectual e industrial los tr\u00e1mites subvencionables son: la solicitud, el informe de b\u00fasqueda, examen o concesi\u00f3n, anualidades de la EPO y validaci\u00f3n de patente europea.<\/li>\n<\/ul>\n<p style=\"text-align: justify;\">Si la extensi\u00f3n se realiza a trav\u00e9s del <a href=\"https:\/\/www.oepm.es\/es\/Invenciones_Menu\/Solicitud_Internacional_PCT\/\">Tratado de Cooperaci\u00f3n en materia de patentes, PCT<\/a> los tr\u00e1mites son los de solicitud, b\u00fasqueda internacional o examen preliminar en PCT.<\/p>\n<p><a href=\"https:\/\/www.madrimasd.org\/blogs\/patentesymarcas\/files\/2021\/04\/Fig91.jpg\"><img decoding=\"async\" class=\"aligncenter size-medium wp-image-6477\" title=\"Fig9\" src=\"https:\/\/www.madrimasd.org\/blogs\/patentesymarcas\/files\/2021\/04\/Fig91-300x187.jpg\" alt=\"\" width=\"300\" height=\"187\" srcset=\"https:\/\/www.madrimasd.org\/blogs\/patentesymarcas\/files\/2021\/04\/Fig91-300x187.jpg 300w, https:\/\/www.madrimasd.org\/blogs\/patentesymarcas\/files\/2021\/04\/Fig91.jpg 1024w\" sizes=\"(max-width: 300px) 100vw, 300px\" \/><\/a><\/p>\n<p>&nbsp;<\/p>\n<p style=\"text-align: justify;\">La tramitaci\u00f3n del procedimiento se realiza \u00edntegramente por v\u00eda electr\u00f3nica a trav\u00e9s de la sede electr\u00f3nica de la OEPM, <a href=\"https:\/\/sede.oepm.gob.es\/eSede\/es\/index.html\">https:\/\/sede.oepm.gob.es\/eSede\/es\/index.html<\/a> . Los solicitantes podr\u00e1n consultar el estado de tramitaci\u00f3n del expediente en la referida sede.<\/p>\n<p style=\"text-align: justify;\">En la p\u00e1gina web de la OEPM (<a href=\"file:\/\/\/C:\/Users\/mcastill\/AppData\/Local\/Microsoft\/Windows\/Temporary%20Internet%20Files\/Content.Outlook\/QZM71ZUG\/www.oepm.es%20%E2%80%93%20Ayudas%20y%20subvenciones%20%E2%80%93%20Ayudas%20para%20fomento%20de%20solicitudes%20de%20patentes%20y%20modelos%20de%20utilidad\">www.oepm.es \u2013 Ayudas y subvenciones \u2013 Ayudas para fomento de solicitudes de patentes y modelos de utilidad<\/a>) est\u00e1 disponible toda la documentaci\u00f3n adicional necesaria: Manual de ayuda y requerimientos t\u00e9cnicos para rellenar una solicitud de ayuda, preguntas m\u00e1s frecuentes, formularios adicionales, etc.<\/p>\n<p style=\"text-align: justify;\">Para <strong>clarificar<\/strong> alg\u00fan punto de estas ayudas se ha habilitado el correo electr\u00f3nico\u00a0<a href=\"mailto:ayuda.subvenciones@oepm.es\"><strong>ayuda.subvenciones@oepm.es<\/strong><\/a><\/p>\n<p style=\"text-align: center;\"><img decoding=\"async\" class=\"aligncenter  wp-image-6479\" title=\"Fig10\" src=\"https:\/\/www.madrimasd.org\/blogs\/patentesymarcas\/files\/2021\/04\/Fig101.png\" alt=\"\" width=\"505\" height=\"350\" srcset=\"https:\/\/www.madrimasd.org\/blogs\/patentesymarcas\/files\/2021\/04\/Fig101.png 721w, https:\/\/www.madrimasd.org\/blogs\/patentesymarcas\/files\/2021\/04\/Fig101-300x208.png 300w\" sizes=\"(max-width: 505px) 100vw, 505px\" \/><strong><\/strong><\/p>\n<p style=\"text-align: justify;\"><strong>4.\u00a0<\/strong><strong>Ayudas tributarias cuando hay cesi\u00f3n del uso o explotaci\u00f3n de la patente, modelo de utilidad o certificados complementarios de protecci\u00f3n de medicamentos y de productos fitosanitarios:<\/strong><\/p>\n<p style=\"text-align: justify;\">Existe una importante deducci\u00f3n fiscal conocida como \u201c<em>Patent Box<\/em>\u201d o \u201c<em>IP box<\/em>\u201d que permite la\u00a0<strong>reducci\u00f3n<\/strong>\u00a0en un elevado porcentaje de los ingresos a integrar en la base imponible (exenci\u00f3n de impuestos inmediata), procedentes de la\u00a0<strong>cesi\u00f3n del derecho de uso o explotaci\u00f3n de algunos activos intangibles<\/strong>.<\/p>\n<p style=\"text-align: justify;\">Esta reducci\u00f3n, recogida en el art\u00edculo 23 de la <a href=\"https:\/\/www.boe.es\/buscar\/act.php?id=BOE-A-2014-12328\">Ley 27\/2014 del Impuesto de Sociedades<\/a> (LIS)<strong>,<\/strong>\u00a0reconoce, en su apartado 1, que \u00ab<em>las rentas\u00a0<strong>positivas<\/strong>\u00a0procedentes de la <strong><span style=\"text-decoration: underline;\">cesi\u00f3n del derecho de uso o de explotaci\u00f3n de los activos intangibles<\/span>:\u00a0<\/strong><\/em><\/p>\n<ul>\n<li><strong><em>patentes, <\/em><\/strong><\/li>\n<li><strong><em>modelos de utilidad, <\/em><\/strong><\/li>\n<li><strong><em>certificados complementarios de protecci\u00f3n de medicamentos y de productos fitosanitarios, <\/em><\/strong><\/li>\n<li><strong><em>dibujos y modelos legalmente protegidos<\/em><\/strong><em>, que deriven de actividades de investigaci\u00f3n y desarrollo e innovaci\u00f3n tecnol\u00f3gica, y\u00a0<\/em><\/li>\n<li><strong><em>software avanzado registrado<\/em><\/strong><em>\u00a0que derive de actividades de investigaci\u00f3n y desarrollo,\u00a0<\/em><\/li>\n<\/ul>\n<p style=\"text-align: justify;\"><strong><em>tendr\u00e1n derecho a una reducci\u00f3n en la base imponible en el porcentaje que resulte de multiplicar por un 60 por ciento el resultado del siguiente coeficiente:<\/em><\/strong><\/p>\n<p style=\"text-align: justify;\"><em>a) En el numerador, los <strong>gastos incurridos por la entidad cedente directamente relacionados con la creaci\u00f3n del activo<\/strong>, <strong>incluidos<\/strong> los derivados de la <strong>subcontrataci\u00f3n con terceros no vinculados <\/strong>con aquella. Estos gastos se incrementar\u00e1n en un\u00a030 por ciento, sin que, en ning\u00fan caso, el numerador pueda superar el importe del denominador.<\/em><\/p>\n<p style=\"text-align: justify;\"><em>b) En el denominador, los <strong>gastos incurridos por la entidad cedente directamente relacionados con la creaci\u00f3n del activo, incluidos<\/strong> los derivados de la <strong>subcontrataci\u00f3n tanto con terceros no vinculados con aquella como con personas o entidades vinculadas <\/strong>con aquella y de la adquisici\u00f3n del activo.<\/em><\/p>\n<p style=\"text-align: justify;\"><em>\u00a0<\/em><\/p>\n<p style=\"text-align: justify;\">El resultado del anterior coeficiente\u00a0<strong>nunca puede ser superior a 1<\/strong>.<\/p>\n<p style=\"text-align: justify;\">No se incluir\u00e1n aqu\u00ed los gastos financieros, amortizaciones de inmuebles u otros gastos no relacionados directamente con la creaci\u00f3n del activo intangible.<\/p>\n<p style=\"text-align: justify;\">En conclusi\u00f3n, se est\u00e1 dando un tratamiento fiscal preferencial a una actividad de investigaci\u00f3n e innovaci\u00f3n, siempre y cuando <strong>la empresa que quiera acogerse a la reducci\u00f3n haya participado total o parcialmente en la creaci\u00f3n del activo intangible, y lo haya transmitido a otra entidad.<\/strong><\/p>\n<p style=\"text-align: justify;\"><strong><em>Requisitos que debe cumplir el cesionario del activo intangible:<\/em><\/strong><\/p>\n<p style=\"text-align: justify;\">a)\u00a0\u00a0\u00a0 Deber\u00e1 <strong>utilizar los derechos de uso o de explotaci\u00f3n en el desarrollo de una actividad econ\u00f3mica<\/strong> y que los resultados de esa utilizaci\u00f3n no se materialicen en la entrega de bienes o prestaci\u00f3n de servicios por el cesionario que generen gastos fiscalmente deducibles en la entidad cedente.<\/p>\n<p style=\"text-align: justify;\">b)\u00a0\u00a0\u00a0 <strong>No podr\u00e1 residir en un pa\u00eds o territorio de nula tributaci\u00f3n o calificado como para\u00edso fiscal<\/strong>, salvo que est\u00e9 situado en un Estado miembro de la Uni\u00f3n Europea y el contribuyente acredite que la operativa responde a motivos econ\u00f3micos v\u00e1lidos y que realice actividades econ\u00f3micas all\u00ed.<\/p>\n<p style=\"text-align: justify;\">c)\u00a0\u00a0\u00a0 Si un mismo contrato de cesi\u00f3n incluye prestaciones accesorias de bienes o servicios deber\u00e1 diferenciarse en dicho contrato la contraprestaci\u00f3n correspondiente a los mismos.<\/p>\n<p style=\"text-align: justify;\">d)\u00a0\u00a0\u00a0 Debe <strong>disponer de los registros contables necesarios para poder determinar cada uno de los ingresos y de los gastos directos <\/strong>a que se refiere este art\u00edculo, correspondientes a los activos objeto de cesi\u00f3n.<\/p>\n<p style=\"text-align: justify;\"><strong><em>Calificaci\u00f3n previa <\/em><\/strong><em>(Reglamento del impuesto de sociedades:<strong> <\/strong><\/em><a href=\"https:\/\/www.boe.es\/buscar\/doc.php?id=BOE-A-2015-7771\"><em>Real Decreto 634\/2015, de 10 de julio<\/em><\/a><em>)<\/em><\/p>\n<p style=\"text-align: justify;\">Para mayor seguridad jur\u00eddica, las personas o entidades que tengan el prop\u00f3sito de realizar las operaciones susceptibles de acogerse a la reducci\u00f3n contemplada en el art\u00edculo 23 de la LIS, podr\u00e1n solicitar a la Administraci\u00f3n tributaria:<\/p>\n<ul style=\"text-align: justify;\">\n<li>\u00a0un <strong>acuerdo previo de valoraci\u00f3n de los ingresos<\/strong> procedentes de la cesi\u00f3n de los activos y <strong>de los gastos asociados a los mismos<\/strong>, as\u00ed como <strong>de las rentas generadas en la transmisi\u00f3n<\/strong>;<\/li>\n<li>\u00a0un <strong>acuerdo previo de calificaci\u00f3n y valoraci\u00f3n que comprender\u00e1 la calificaci\u00f3n de los activos como pertenecientes a alguna de las categor\u00edas a que se refiere el apartado 1 de dicho art\u00edculo 23, y la valoraci\u00f3n de los ingresos y gastos asociados a los mismos, as\u00ed como de las rentas generadas en la transmisi\u00f3n;<\/strong><\/li>\n<\/ul>\n<p style=\"text-align: justify;\">La solicitud(es) deber\u00e1(n) presentarse por <strong>escrito<\/strong>, con <strong>car\u00e1cter previo<\/strong> a la realizaci\u00f3n de las operaciones que motiven la aplicaci\u00f3n de la reducci\u00f3n del art\u00edculo 23 de la LIS.<\/p>\n<p style=\"text-align: justify;\">La resoluci\u00f3n del acuerdo en relaci\u00f3n con la calificaci\u00f3n de los activos requerir\u00e1 informe vinculante emitido por la Direcci\u00f3n General de Tributos (DGT).<\/p>\n<p style=\"text-align: justify;\">Esta petici\u00f3n se puede hacer de forma electr\u00f3nica a trav\u00e9s de la p\u00e1gina web <a href=\"https:\/\/www.hacienda.gob.es\/es-es\/normativa%20y%20doctrina\/doctrina\/paginas\/consultasdgt.aspx\">del Ministerio de Hacienda<\/a> relativa a Consultas de la DGT.<\/p>\n<p style=\"text-align: justify;\">En caso de estimarlo procedente, la Direcci\u00f3n General de Tributos (DGT) podr\u00e1 solicitar opini\u00f3n no vinculante al respecto, al Ministerio de Asuntos Econ\u00f3micos y Transformaci\u00f3n Digital.<\/p>\n<p style=\"text-align: justify;\">Todo ello est\u00e1 regulado en el <a href=\"https:\/\/www.boe.es\/buscar\/doc.php?id=BOE-A-2015-7771\">Real Decreto 634\/2015, de 10 de julio<\/a>, por el que se aprueba el Reglamento del Impuesto sobre Sociedades.<\/p>\n<p style=\"text-align: justify;\"><strong><em>Activos intangibles no incluidos en la aplicaci\u00f3n de la reducci\u00f3n <\/em><\/strong><em>(<\/em>art\u00edculo 23, apartado 5 de la LIS<em>)<\/em><\/p>\n<p style=\"text-align: justify;\"><em>En ning\u00fan caso dar\u00e1n derecho a la reducci\u00f3n las rentas procedentes de la cesi\u00f3n del derecho de uso o de explotaci\u00f3n, o de la transmisi\u00f3n, de <strong>marcas<\/strong>, <strong>obras literarias, art\u00edsticas o cient\u00edficas, <\/strong>incluidas las pel\u00edculas cinematogr\u00e1ficas<strong>, de derechos personales susceptibles de cesi\u00f3n, <\/strong>como los derechos de imagen<strong>, de programas inform\u00e1ticos distintos de los referidos en el apartado\u00a01, equipos industriales, comerciales o cient\u00edficos, planos, f\u00f3rmulas o procedimientos secretos, de derechos sobre informaciones relativas a experiencias industriales, comerciales o cient\u00edficas<\/strong>, ni de cualquier otro derecho o activo distinto de los se\u00f1alados en el apartado\u00a01. <\/em><\/p>\n<p style=\"text-align: justify;\"><em>\u00a0<\/em><\/p>\n<p style=\"text-align: justify;\">Como se ha expuesto, los programas de ordenador (software) aunque se consideran propiedad intelectual y se protegen como derechos de autor en la legislaci\u00f3n espa\u00f1ola, est\u00e1n dentro de los activos intangibles aplicables para la deducci\u00f3n siempre que se trate de software avanzado registrado que haya sido obtenido como resultado de proyectos de investigaci\u00f3n y desarrollo. Si no es as\u00ed, no se podr\u00eda aplicar.<\/p>\n<p style=\"text-align: justify;\">Y con respecto a los derechos sobre informaciones relativas a experiencias industriales, comerciales o cient\u00edficas, los dibujos, modelos y planos, y las f\u00f3rmulas o procedimientos secretos (informalmente, el <strong><em>know how<\/em><\/strong>), quedan <strong>excluidos<\/strong>, salvo en aquellos casos en que la cesi\u00f3n comenz\u00f3 antes del 1 de julio de 2016, que podr\u00e1n seguir aplicando el incentivo de conformidad con el r\u00e9gimen transitorio previsto en la norma.<\/p>\n<p style=\"text-align: justify;\"><strong><em>R\u00e9gimen fiscal aplicable seg\u00fan el periodo<\/em><\/strong><\/p>\n<p style=\"text-align: justify;\">La regulaci\u00f3n del incentivo de reducci\u00f3n de las rentas procedentes de la cesi\u00f3n de determinados activos intangibles (\u201cPatent Box\u201d) ha sido objeto de <strong>diversas modificaciones. En relaci\u00f3n a las dos \u00faltimas, <\/strong>para los per\u00edodos impositivos iniciados a partir del 1 de enero de 2018, por el art\u00edculo 68 de la Ley 6\/2018, de 3 de julio (<a href=\"https:\/\/www.boe.es\/buscar\/act.php?id=BOE-A-2018-9268\">BOE-A-2018-9268<\/a>) y anteriormente, se modific\u00f3, con efectos desde el 1 de julio de 2016, por el art\u00edculo 62 de la Ley 48\/2015, de 29 de octubre(<a href=\"https:\/\/www.boe.es\/buscar\/doc.php?id=BOE-A-2015-11644\" target=\"_blank\">BOE-A-2015-11644<\/a>).<\/p>\n<p style=\"text-align: justify;\">Por lo tanto, el r\u00e9gimen fiscal aplicable es distinto seg\u00fan la fecha en que se haya producido la cesi\u00f3n o transmisi\u00f3n de los activos:<\/p>\n<figure id=\"attachment_6482\" aria-describedby=\"caption-attachment-6482\" style=\"width: 500px\" class=\"wp-caption aligncenter\"><a href=\"https:\/\/www.agenciatributaria.es\/static_files\/AEAT\/DIT\/Contenidos_Publicos\/CAT\/AYUWEB\/Biblioteca_Virtual\/Manuales_practicos\/Sociedades\/Manual_Sociedades_2019.pdf\"><img decoding=\"async\" class=\"size-full wp-image-6482\" title=\"Fig11\" src=\"https:\/\/www.madrimasd.org\/blogs\/patentesymarcas\/files\/2021\/04\/Fig112.png\" alt=\"\" width=\"500\" height=\"532\" srcset=\"https:\/\/www.madrimasd.org\/blogs\/patentesymarcas\/files\/2021\/04\/Fig112.png 500w, https:\/\/www.madrimasd.org\/blogs\/patentesymarcas\/files\/2021\/04\/Fig112-281x300.png 281w\" sizes=\"(max-width: 500px) 100vw, 500px\" \/><\/a><figcaption id=\"caption-attachment-6482\" class=\"wp-caption-text\">Fuente: Manual pr\u00e1ctico de Sociedades 2019, cap\u00edtulo 5, apartado 3.8.<\/figcaption><\/figure>\n<p>&nbsp;<\/p>\n<p><strong>Puntos de informaci\u00f3n de la Agencia Tributaria para el \u201cPatent box\u201d:<\/strong><\/p>\n<ul>\n<li>Tel\u00e9fonos: 901 335 533 \/ 915 54 87 70<\/li>\n<\/ul>\n<ul>\n<li><a href=\"https:\/\/www.agenciatributaria.es\/AEAT.internet\/Inicio\/_Segmentos_\/Empresas_y_profesionales\/Empresas\/Impuesto_sobre_Sociedades\/Periodos_impositivos_a_partir_de_1_1_2019\/Base_imponible\/Reducciones_en_la_base_imponible\/Reduccion__Rentas_procedentes_de_determinados_activos_intangibles\/Reduccion__Rentas_procedentes_de_determinados_activos_intangibles.shtml\">Reducci\u00f3n en el caso de rentas procedentes de determinados activos intangibles<\/a><\/li>\n<\/ul>\n<ul>\n<li><a href=\"https:\/\/www.agenciatributaria.es\/static_files\/AEAT\/DIT\/Contenidos_Publicos\/CAT\/AYUWEB\/Biblioteca_Virtual\/Manuales_practicos\/Sociedades\/Manual_Sociedades_2019.pdf\">Manual pr\u00e1ctico de Sociedades 2019<\/a>: cap\u00edtulo 5, apartado 3.8.<\/li>\n<\/ul>\n<ul>\n<li><a href=\"https:\/\/www.hacienda.gob.es\/es-es\/normativa%20y%20doctrina\/doctrina\/paginas\/consultasdgt.aspx\">Consultas a la Direcci\u00f3n General de Tributos<\/a> (DGT)<\/li>\n<\/ul>\n<div><\/div>\n<p style=\"text-align: justify;\"><strong><em>CONSIDERACIONES ADICIONALES<\/em><\/strong><\/p>\n<ul style=\"text-align: justify;\">\n<li>Algunos programas de ayuda de las <strong>Comunidades Aut\u00f3nomas<\/strong> incluyen incentivos o subvenciones para la protecci\u00f3n de los activos intangibles en forma de patentes o modelos de utilidad por lo que se recomienda informarse en su respectiva comunidad. En <a href=\"https:\/\/www.oepm.es\/es\/propiedad_industrial\/ayudas\/ayudas_concedidas_por_las_comunidades_autonomas\/index.html\">la secci\u00f3n de ayudas de nuestra p\u00e1gina web<\/a>, hemos recogido algunas de ellas.<\/li>\n<\/ul>\n<ul style=\"text-align: justify;\">\n<li>En relaci\u00f3n a este aspecto, es interesante tambi\u00e9n acudir al\u00a0 <a href=\"http:\/\/www.ipyme.org\/es-ES\/BBDD\/AyudasIncentivos\/Paginas\/BuscadorAyudas.aspx\">Buscador de Ayudas e incentivos para empresas (ipyme.org)<\/a> de la Direcci\u00f3n General de la Peque\u00f1a y Mediana Empresa (DGIPYME) \u00a0del Ministerio de Industria, Turismo y Comercio como plataforma centralizada de la Administraci\u00f3n donde encontrar todas las ayudas del territorio espa\u00f1ol.<\/li>\n<\/ul>\n<ul>\n<li style=\"text-align: justify;\">Por \u00faltimo, se debe tener en cuenta que al menos un t\u00edtulo de patente propia en explotaci\u00f3n las carteras de patentes pueden suponer otros beneficios a largo plazo. Por ejemplo, \u00a0tener al menos una patente propia en explotaci\u00f3n es uno de los requisitos para obtener el sello de PYME innovadora (art\u00edculo 6 del <a href=\"https:\/\/www.oepm.es\/export\/sites\/oepm\/comun\/documentos_relacionados\/Noticias\/2014\/2014_07_16_BOE-A-2014-6276.pdf\">Real Decreto 475\/2014 de bonificaciones en la cotizaci\u00f3n a la Seguridad Social del personal investigador<\/a>), lo que puede conllevar importantes bonificaciones.<\/li>\n<\/ul>\n<p>&nbsp;<\/p>\n<p>&nbsp;<\/p>\n","protected":false},"excerpt":{"rendered":"<p>El a\u00f1o 2020 supuso para emprendedores y peque\u00f1as y medianas empresas, motor de nuestra econom\u00eda, un a\u00f1o dif\u00edcil de afrontar ante la par\u00e1lisis y\/o ralentizaci\u00f3n del sector econ\u00f3mico, consecuencia de la pandemia por COVID19. En este escenario en que la recuperaci\u00f3n econ\u00f3mica de muchas pymes es una necesidad, el D\u00eda Mundial de la Propiedad Intelectual-Industrial 2021 (DMPI-2021) quiere apoyar a este sector y visibilizar c\u00f3mo el uso de los derechos de PI puede ayudar a impulsar su crecimiento y un desarrollo econ\u00f3mico sostenible.\u00a0El lema elegido este a\u00f1o para tal conmemoraci\u00f3n, el 26 de abril del 2021, ha sido \u201cPI y\u2026<\/p>\n","protected":false},"author":183,"featured_media":0,"comment_status":"open","ping_status":"open","sticky":false,"template":"","format":"standard","meta":{"_mi_skip_tracking":false,"ngg_post_thumbnail":0},"categories":[27391],"tags":[],"blocksy_meta":{"styles_descriptor":{"styles":{"desktop":"","tablet":"","mobile":""},"google_fonts":[],"version":4}},"aioseo_notices":[],"_links":{"self":[{"href":"https:\/\/www.madrimasd.org\/blogs\/patentesymarcas\/wp-json\/wp\/v2\/posts\/6467"}],"collection":[{"href":"https:\/\/www.madrimasd.org\/blogs\/patentesymarcas\/wp-json\/wp\/v2\/posts"}],"about":[{"href":"https:\/\/www.madrimasd.org\/blogs\/patentesymarcas\/wp-json\/wp\/v2\/types\/post"}],"author":[{"embeddable":true,"href":"https:\/\/www.madrimasd.org\/blogs\/patentesymarcas\/wp-json\/wp\/v2\/users\/183"}],"replies":[{"embeddable":true,"href":"https:\/\/www.madrimasd.org\/blogs\/patentesymarcas\/wp-json\/wp\/v2\/comments?post=6467"}],"version-history":[{"count":23,"href":"https:\/\/www.madrimasd.org\/blogs\/patentesymarcas\/wp-json\/wp\/v2\/posts\/6467\/revisions"}],"predecessor-version":[{"id":6496,"href":"https:\/\/www.madrimasd.org\/blogs\/patentesymarcas\/wp-json\/wp\/v2\/posts\/6467\/revisions\/6496"}],"wp:attachment":[{"href":"https:\/\/www.madrimasd.org\/blogs\/patentesymarcas\/wp-json\/wp\/v2\/media?parent=6467"}],"wp:term":[{"taxonomy":"category","embeddable":true,"href":"https:\/\/www.madrimasd.org\/blogs\/patentesymarcas\/wp-json\/wp\/v2\/categories?post=6467"},{"taxonomy":"post_tag","embeddable":true,"href":"https:\/\/www.madrimasd.org\/blogs\/patentesymarcas\/wp-json\/wp\/v2\/tags?post=6467"}],"curies":[{"name":"wp","href":"https:\/\/api.w.org\/{rel}","templated":true}]}}