{"id":6514,"date":"2021-05-05T12:12:55","date_gmt":"2021-05-05T11:12:55","guid":{"rendered":"http:\/\/www.madrimasd.org\/blogs\/patentesymarcas\/?p=6514"},"modified":"2021-05-05T12:12:55","modified_gmt":"2021-05-05T11:12:55","slug":"la-pi-y-las-pymes-para-que-las-ideas-lleguen-al-mercado-2","status":"publish","type":"post","link":"https:\/\/www.madrimasd.org\/blogs\/patentesymarcas\/2021\/la-pi-y-las-pymes-para-que-las-ideas-lleguen-al-mercado-2\/","title":{"rendered":"La PI y las pymes: para que las ideas lleguen al mercado"},"content":{"rendered":"<p style=\"text-align: center;\">\u00a0<a href=\"https:\/\/www.madrimasd.org\/blogs\/patentesymarcas\/files\/2021\/05\/collage1.jpg\"><img decoding=\"async\" class=\"aligncenter  wp-image-6559\" title=\"collage\" src=\"https:\/\/www.madrimasd.org\/blogs\/patentesymarcas\/files\/2021\/05\/collage1-1024x576.jpg\" alt=\"\" width=\"614\" height=\"346\" srcset=\"https:\/\/www.madrimasd.org\/blogs\/patentesymarcas\/files\/2021\/05\/collage1-1024x576.jpg 1024w, https:\/\/www.madrimasd.org\/blogs\/patentesymarcas\/files\/2021\/05\/collage1-300x168.jpg 300w\" sizes=\"(max-width: 614px) 100vw, 614px\" \/><\/a><\/p>\n<p>&nbsp;<\/p>\n<p style=\"text-align: justify;\">El t\u00edtulo de esta nueva entrada en el blog lo hemos querido dedicar al lema elegido por la Organizaci\u00f3n Mundial de la Propiedad Intelectual (OMPI) para conmemorar el D\u00eda Mundial de la Propiedad Intelectual-Industrial de este a\u00f1o 2021.<\/p>\n<p style=\"text-align: justify;\">Cada 26 de abril se celebra el D\u00eda Mundial de la Propiedad Intelectual-Industrial (DMPI) con el objeto de dar a conocer la funci\u00f3n que desempe\u00f1an los derechos de\u00a0<a title=\"Abre en ventana nueva\" href=\"https:\/\/www.wipo.int\/about-ip\/es\/\" target=\"_blank\"><span style=\"color: #0000ff;\">propiedad intelectual<\/span><\/a>\u00a0e industrial\u00a0(PI) en el fomento de la innovaci\u00f3n y la creatividad. Este d\u00eda, por lo tanto, constituye una oportunidad excepcional de encuentro con quienes se interesan por la PI en todo el mundo.<\/p>\n<p style=\"text-align: justify;\">En esta ocasi\u00f3n, las protagonistas del DMPI son las pymes y son varias las razones para esta elecci\u00f3n En primer lugar han sido un sector muy castigado por la pandemia y en segundo lugar, este sector supone m\u00e1s del 90 % del total de todas las empresas existentes, genera entre el 60 y el 70 % del empleo y es responsable del 50 % del Producto Interior Bruto (PIB) a nivel mundial. Son, por lo tanto, un factor clave en la reducci\u00f3n de la pobreza y el fomento del desarrollo en el mundo.<\/p>\n<p style=\"text-align: justify;\">En el \u00faltimo\u00a0<a href=\"https:\/\/www.oepm.es\/es\/sobre_oepm\/noticias\/2021\/2021_02_08_NuevoIformeEUIPO_EPOderechosUE.html\"><span style=\"color: #0000ff;\">estudio publicado por la Oficina Europea de la Propiedad Intelectual (EUIPO) y la Oficina Europea de Patentes (OEP)<\/span><\/a>\u00a0que analiza 127 000 empresas de la Uni\u00f3n Europea y Reino Unido, se concluye que las empresas que son titulares de DPI tienen, en t\u00e9rminos generales, un 163,8% m\u00e1s de empleados de las que no los tienen, y con ingresos superiores.<\/p>\n<p style=\"text-align: justify;\">Por estos motivos, el DMPI 2021 ha querido trasladar este mensaje a las pymes y visibilizar c\u00f3mo el uso de los derechos de PI puede ayudar a fortalecer su posicionamiento y a impulsar su crecimiento sostenido en el tiempo. Ha sido una oportunidad para descubrir la manera en que las marcas, los derechos sobre dise\u00f1os industriales, los derechos de autor, las patentes, los secretos comerciales, las indicaciones geogr\u00e1ficas y dem\u00e1s derechos de PI pueden ayudar a las pymes a que sus ideas lleguen al mercado con \u00e9xito.<\/p>\n<p style=\"text-align: justify;\">La OEPM, las Oficinas Nacionales e Internacionales de PI y otras administraciones p\u00fablicas han querido sumarse a la celebraci\u00f3n de este d\u00eda para intensificar la difusi\u00f3n de toda la informaci\u00f3n y ayudas que ofrecen a las pymes espa\u00f1olas y las acciones que llevan desarrollando a lo largo de estos a\u00f1os para crear condiciones favorables que les ayuden a impulsar la innovaci\u00f3n y la creatividad.<\/p>\n<p><a href=\"https:\/\/www.madrimasd.org\/blogs\/patentesymarcas\/files\/2021\/05\/fig14.png\"><img decoding=\"async\" class=\"aligncenter size-full wp-image-6517\" title=\"fig1\" src=\"https:\/\/www.madrimasd.org\/blogs\/patentesymarcas\/files\/2021\/05\/fig14.png\" alt=\"\" width=\"481\" height=\"266\" srcset=\"https:\/\/www.madrimasd.org\/blogs\/patentesymarcas\/files\/2021\/05\/fig14.png 481w, https:\/\/www.madrimasd.org\/blogs\/patentesymarcas\/files\/2021\/05\/fig14-300x165.png 300w\" sizes=\"(max-width: 481px) 100vw, 481px\" \/><\/a><\/p>\n<p style=\"text-align: center;\"><a href=\"http:\/\/youtu.be\/Bt1zRtg4EL8\">V\u00eddeo realizado con motivo del D\u00eda Mundial de la Propiedad Industrial e Intelectual 2021<\/a><\/p>\n<p style=\"text-align: justify;\">El Director de la OMPI, Daren Tang, en un v\u00eddeo con motivo del DMPI, destac\u00f3 la importancia de las pymes en nuestra econom\u00eda y c\u00f3mo el conocimiento sobre la\u00a0 PI puede contribuir a que las ideas se conviertan en productos generando as\u00ed crecimiento y competencia.<\/p>\n<p style=\"text-align: justify;\">Adem\u00e1s, puso \u00e9nfasis en los datos de representaci\u00f3n de las pymes para la econom\u00eda mundial y, en particular, para la espa\u00f1ola: \u00abEn Espa\u00f1a, las pymes representan m\u00e1s del 99% de las empresas y generan el 65% del empleo del pa\u00eds. Est\u00e1n presentes en todos los sectores econ\u00f3micos, son flexibles por naturaleza y, a menudo, muy innovadoras\u00bb.<\/p>\n<p><a href=\"https:\/\/www.madrimasd.org\/blogs\/patentesymarcas\/files\/2021\/05\/Fig-2.png\"><img decoding=\"async\" class=\"aligncenter size-full wp-image-6518\" title=\"Fig 2\" src=\"https:\/\/www.madrimasd.org\/blogs\/patentesymarcas\/files\/2021\/05\/Fig-2.png\" alt=\"\" width=\"617\" height=\"336\" srcset=\"https:\/\/www.madrimasd.org\/blogs\/patentesymarcas\/files\/2021\/05\/Fig-2.png 617w, https:\/\/www.madrimasd.org\/blogs\/patentesymarcas\/files\/2021\/05\/Fig-2-300x163.png 300w\" sizes=\"(max-width: 617px) 100vw, 617px\" \/><\/a><\/p>\n<p style=\"text-align: center;\"><a href=\"http:\/\/youtu.be\/dxzirZjUNDU\">Mensaje de Daren Tang, Director General de la Organizaci\u00f3n Mundial de la Propiedad Intelectual (OMPI), con motivo del D\u00eda Mundial de la Propiedad Intelectual e Industrial de 2021<\/a><\/p>\n<p>&nbsp;<\/p>\n<p style=\"text-align: justify;\">La OEPM ha querido tambi\u00e9n ser una mesa de di\u00e1logo entre la administraci\u00f3n, las instituciones de PI y las pymes para el intercambio y extracci\u00f3n de ideas y para ello ha organizado tres mesas redondas con tres objetivos diferentes:<\/p>\n<p><strong>1.\u00a0\u00a0\u00a0\u00a0 <\/strong><strong>Propiedad industrial e intelectual\u00a0<\/strong><\/p>\n<p style=\"text-align: justify;\">La primera de las mesas redondas se celebr\u00f3 el 26 de abril:\u00a0<a title=\"Abre en ventana nueva\" href=\"https:\/\/www.oepm.es\/es\/sobre_oepm\/agenda\/2021\/2021_04_15_DiaMundial_PI_para_que_las_ideas_lleguen_al_mercado.html\" target=\"_blank\"><strong>D\u00eda Mundial de la Propiedad Industrial e Intelectual<\/strong>. La PI y las pymes: Para que las ideas lleguen al mercado<\/a>. Cont\u00f3 con la participaci\u00f3n de representantes de la Direcci\u00f3n General de Industrias Culturales del Ministerio de Cultura, que actu\u00f3 como co-organizador, la Asociaci\u00f3n de Defensa de la Marca (<a href=\"https:\/\/www.andema.org\/\">ANDEMA<\/a>) y las \u00a0pymes Aquil\u00f3n CyL y Avispa, para profundizar en c\u00f3mo la Propiedad Industrial e Intelectual puede ayudar en el proceso de comercializaci\u00f3n y crecimiento de las peque\u00f1as y medianas empresas. La cita tuvo lugar en el Cine Dor\u00e9, sala de proyecciones de la <a href=\"https:\/\/www.culturaydeporte.gob.es\/cultura\/areas\/cine\/mc\/fe\/portada.html\">Filmoteca Espa\u00f1ola<\/a>.<\/p>\n<p style=\"text-align: justify;\">Para <a href=\"https:\/\/www.aquiloncyl.com\/\">Aquilon CyL.<\/a>, empresa de gesti\u00f3n de proyectos de base tecnol\u00f3gica creada en 2012 a partir de tecnolog\u00edas desarrolladas en la Universidad de Le\u00f3n y la Universidad Aut\u00f3noma de Barcelona, la PI les ha permitido salir al mercado de la sanidad animal y competir con las grandes farmac\u00e9uticas.<\/p>\n<p style=\"text-align: justify;\">Aquil\u00f3n proporciona un modelo de gesti\u00f3n basado en costes variables enfocado a llevar la PI que adquiere en centros de investigaci\u00f3n, tanto p\u00fablicos como privados, hasta que dicha tecnolog\u00eda alcanza una fase de madurez (TRL), lo que aporta un valor reconocible por la industria farmac\u00e9utica, zoosanitaria y de alimentaci\u00f3n animal.<\/p>\n<p><a href=\"https:\/\/www.madrimasd.org\/blogs\/patentesymarcas\/files\/2021\/05\/Fig-3.png\"><img decoding=\"async\" class=\"aligncenter size-full wp-image-6519\" title=\"Fig 3\" src=\"https:\/\/www.madrimasd.org\/blogs\/patentesymarcas\/files\/2021\/05\/Fig-3.png\" alt=\"\" width=\"248\" height=\"92\" \/><\/a><\/p>\n<p style=\"text-align: justify;\">Para <a href=\"http:\/\/www.avispamusic.com\/\">Avispa<\/a>, una discogr\u00e1fica independiente especializada en rock y <em>heavy<\/em> metal en espa\u00f1ol con m\u00e1s de 30 a\u00f1os de experiencia, el mayor reto para su empresa, es proteger los fondos de cat\u00e1logo y las producciones para asegurar la supervivencia de su sello musical en el mundo de internet. Ha sido su herramienta de defensa de sus derechos contra el uso no autorizado.<\/p>\n<p><img decoding=\"async\" class=\"aligncenter size-full wp-image-6520\" title=\"Fig 4\" src=\"https:\/\/www.madrimasd.org\/blogs\/patentesymarcas\/files\/2021\/05\/Fig-4.png\" alt=\"\" width=\"203\" height=\"202\" srcset=\"https:\/\/www.madrimasd.org\/blogs\/patentesymarcas\/files\/2021\/05\/Fig-4.png 203w, https:\/\/www.madrimasd.org\/blogs\/patentesymarcas\/files\/2021\/05\/Fig-4-150x150.png 150w\" sizes=\"(max-width: 203px) 100vw, 203px\" \/><\/p>\n<p>&nbsp;<\/p>\n<p>&nbsp;<\/p>\n<p><a href=\"https:\/\/www.madrimasd.org\/blogs\/patentesymarcas\/files\/2021\/05\/Fig11_2.png\"><img decoding=\"async\" class=\"aligncenter size-full wp-image-6541\" title=\"Fig11_2\" src=\"https:\/\/www.madrimasd.org\/blogs\/patentesymarcas\/files\/2021\/05\/Fig11_2.png\" alt=\"\" width=\"400\" height=\"190\" srcset=\"https:\/\/www.madrimasd.org\/blogs\/patentesymarcas\/files\/2021\/05\/Fig11_2.png 400w, https:\/\/www.madrimasd.org\/blogs\/patentesymarcas\/files\/2021\/05\/Fig11_2-300x142.png 300w\" sizes=\"(max-width: 400px) 100vw, 400px\" \/><\/a><\/p>\n<p style=\"text-align: center;\"><a href=\"http:\/\/youtu.be\/ZGdibZoZ9M8\">V\u00eddeo\u00a0\u00a0de la mesa redonda \u00abLa PI y las pymes: Para que las ideas lleguen al mercado\u00bb<\/a><\/p>\n<p>&nbsp;<\/p>\n<p><strong>2<\/strong><strong>.\u00a0 \u00a0 \u00a0<\/strong><strong>La internacionalizaci\u00f3n y las Oficinas de PI al servicio de las pymes<\/strong><\/p>\n<p style=\"text-align: justify;\">La siguiente mesa redonda, <a href=\"https:\/\/youtu.be\/_IWr9yn_1T8\">\u201cLas oficinas de Propiedad Industrial al servicio de las pymes\u201d<\/a>, se retransmiti\u00f3 de manera virtual el mi\u00e9rcoles 28 de abril, y en ella, representantes de la Oficina Europea de Patentes (EPO), la Oficina de Propiedad Intelectual de la Uni\u00f3n Europea (EUIPO), la OMPI y nuestra oficina quisieron acercar a las pymes los servicios y herramientas con que disponen las diferentes oficinas de Propiedad Industrial e Intelectual para que \u00e9stas tengan el soporte y la informaci\u00f3n adecuados a la hora de integrar la Propiedad Industrial en su estrategia empresarial.<\/p>\n<p><a href=\"https:\/\/www.madrimasd.org\/blogs\/patentesymarcas\/files\/2021\/05\/Fig5.png\"><img decoding=\"async\" class=\"aligncenter size-full wp-image-6521\" title=\"Fig5\" src=\"https:\/\/www.madrimasd.org\/blogs\/patentesymarcas\/files\/2021\/05\/Fig5.png\" alt=\"\" width=\"516\" height=\"311\" srcset=\"https:\/\/www.madrimasd.org\/blogs\/patentesymarcas\/files\/2021\/05\/Fig5.png 516w, https:\/\/www.madrimasd.org\/blogs\/patentesymarcas\/files\/2021\/05\/Fig5-300x180.png 300w\" sizes=\"(max-width: 516px) 100vw, 516px\" \/><\/a><\/p>\n<p style=\"text-align: center;\"><a href=\"http:\/\/youtu.be\/_IWr9yn_1T8\">V\u00eddeo de la mesa redonda \u00abLas oficinas de Propiedad Industrial al servicio de las pymes\u00bb<\/a><\/p>\n<p style=\"text-align: justify;\">Todas las organizaciones se muestran cercanas a las peque\u00f1as y medianas empresas y les ofrecen servicios de atenci\u00f3n y ayuda adem\u00e1s de otras herramientas como bases de datos, seminarios y tutoriales.<\/p>\n<p style=\"text-align: justify;\">Como herramientas m\u00e1s exitosas y m\u00e1s agradecidas por parte de las pymes se destacaron las siguientes de cada oficina:<\/p>\n<ul style=\"text-align: justify;\">\n<li>OMPI: Herramienta de <a href=\"https:\/\/www.wipo.int\/ipdiagnostic\/\">diagn\u00f3stico de PI<\/a><\/li>\n<li>EUIPO: Herramientas de b\u00fasqueda de Registros de <a href=\"https:\/\/euipo.europa.eu\/ohimportal\/es\/rcd-search-availability\">Dise\u00f1os<\/a> y <a href=\"https:\/\/euipo.europa.eu\/ohimportal\/es\/search-availability\">Marcas<\/a> y la herramienta <a href=\"https:\/\/euipo.europa.eu\/ohimportal\/es\/easy-filing\"><em>Easy Filing<\/em><\/a>.<\/li>\n<li>EPO: La herramienta de <a href=\"https:\/\/www.epo.org\/applying\/online-services.html\">solicitud de registro en l\u00ednea<\/a> y las <a href=\"https:\/\/www.epo.org\/service-support\/useful-links\/databases.html\">bases de datos<\/a>, como Espacenet.<\/li>\n<li>OEPM: La herramienta <a href=\"https:\/\/sede.oepm.gob.es\/ProtegeOWeb\/inicio?tipoTramite=Marcas_NLM\">ProtegeO<\/a>, que permite realizar los tr\u00e1mites de solicitud y renovaci\u00f3n de Marcas y Nombres comerciales mediante este servicio web.<\/li>\n<\/ul>\n<p style=\"text-align: justify;\">Adem\u00e1s de los representantes de las oficinas de PI, dos exitosas pymes, Mooevo y Nabrawind Technologies, se unieron a la mesa redonda para transmitir sus experiencias en el uso eficaz de la PI.<\/p>\n<p style=\"text-align: justify;\">Tanto <a href=\"https:\/\/mooevo.com\/\">Mooevo<\/a>, empresa de ingenier\u00eda de dise\u00f1o y desarrollo de sistemas el\u00e9ctricos para la movilidad el\u00e9ctrica y el transporte que ayuda a mejorar la accesibilidad de personas dependientes y ampl\u00eda la movilidad y mejora el transporte en las \u00e1reas de reparto eficiente; como <a href=\"https:\/\/www.nabrawind.com\/\">Nabrawind Technologies<\/a>, empresa dedicada al dise\u00f1o y desarrollo de tecnolog\u00edas e\u00f3licas avanzadas para componentes aerogeneradores, as\u00ed como a la asesor\u00eda de servicios de ingenier\u00eda, coinciden en la importancia de tener en su empresa un buen equipo humano con amplio conocimiento sobre Propiedad Industrial e Intelectual.<\/p>\n<p><a href=\"https:\/\/www.madrimasd.org\/blogs\/patentesymarcas\/files\/2021\/05\/Fig6.png\"><img decoding=\"async\" class=\"size-medium wp-image-6522 aligncenter\" title=\"Fig6\" src=\"https:\/\/www.madrimasd.org\/blogs\/patentesymarcas\/files\/2021\/05\/Fig6-300x275.png\" alt=\"\" width=\"300\" height=\"275\" srcset=\"https:\/\/www.madrimasd.org\/blogs\/patentesymarcas\/files\/2021\/05\/Fig6-300x275.png 300w, https:\/\/www.madrimasd.org\/blogs\/patentesymarcas\/files\/2021\/05\/Fig6.png 417w\" sizes=\"(max-width: 300px) 100vw, 300px\" \/><\/a><\/p>\n<p style=\"text-align: center;\"><a href=\"http:\/\/consultas2.oepm.es\/pdf\/ES\/0000\/000\/02\/73\/77\/ES-2737728_A1.pdf\" target=\"_blank\">ES-2737728_A1.pdf<\/a><\/p>\n<p style=\"text-align: right;\"><a href=\"https:\/\/www.madrimasd.org\/blogs\/patentesymarcas\/files\/2021\/05\/Fig74.png\"><img decoding=\"async\" class=\"aligncenter size-medium wp-image-6527\" title=\"Fig7\" src=\"https:\/\/www.madrimasd.org\/blogs\/patentesymarcas\/files\/2021\/05\/Fig74-192x300.png\" alt=\"\" width=\"192\" height=\"300\" srcset=\"https:\/\/www.madrimasd.org\/blogs\/patentesymarcas\/files\/2021\/05\/Fig74-192x300.png 192w, https:\/\/www.madrimasd.org\/blogs\/patentesymarcas\/files\/2021\/05\/Fig74.png 298w\" sizes=\"(max-width: 192px) 100vw, 192px\" \/><\/a><\/p>\n<p style=\"text-align: center;\"><a href=\"http:\/\/consultas2.oepm.es\/pdf\/ES\/0000\/000\/02\/74\/46\/ES-2744638_T3.pdf\" target=\"_blank\">ES-2744638_T3.pdf<\/a><\/p>\n<p style=\"text-align: left;\"><em><strong>3<\/strong><\/em><strong>.\u00a0\u00a0\u00a0\u00a0 <\/strong><strong>Di\u00e1logo con las pymes y sus necesidades<\/strong><\/p>\n<p style=\"text-align: justify;\">La \u00faltima mesa redonda tuvo lugar el jueves 29 de abril. Con el t\u00edtulo <a href=\"https:\/\/www.youtube.com\/watch?v=WmnmjQCQl3E&amp;list=PL1AtWBvLSeN-BQuhyYjlh9MGjP8oslfnb\">\u201cLecciones aprendidas por las pymes sobre Propiedad Industrial\u201d<\/a>. En ella, tres pymes especializadas en sectores dispares entre s\u00ed motivaron a las <em>start-ups<\/em>, emprendedores y pymes de nuestro pa\u00eds a realizar un uso estrat\u00e9gico de la PI.<\/p>\n<p style=\"text-align: justify;\"><a href=\"http:\/\/www.brooklynfitboxing.com\/public\/es\/es-es\/\">Brooklyn Fitboxing<\/a>, empresa destinada al entrenamiento y al fitness con sacos de boxeo que recogen la informaci\u00f3n de cada golpe y movimiento mediante sensores, <a href=\"http:\/\/rotorbike.com\/es\/\">Rotor Componentes Tecnol\u00f3gicos<\/a>, empresa que desarrolla y fabrica productos que ayudan a mejorar a los ciclistas mejorando su fuerza, rapidez y eficiencia sobre la bicicleta; y <a href=\"http:\/\/vortexbladeless.com\/es\/\">Vortex Bladeless<\/a>, pyme tecnol\u00f3gica espa\u00f1ola que est\u00e1 desarrollando un nuevo tipo de aerogenerador sin palas, engranajes ni ejes, contaron sus inicios y reflexionaron sobre lo aprendido en su recorrido empresarial sobre su uso estrat\u00e9gico de la PI.<\/p>\n<p style=\"text-align: justify;\"><a href=\"https:\/\/www.madrimasd.org\/blogs\/patentesymarcas\/files\/2021\/05\/Fig8.png\"><img decoding=\"async\" class=\"aligncenter size-medium wp-image-6528\" title=\"Fig8\" src=\"https:\/\/www.madrimasd.org\/blogs\/patentesymarcas\/files\/2021\/05\/Fig8-262x300.png\" alt=\"\" width=\"262\" height=\"300\" srcset=\"https:\/\/www.madrimasd.org\/blogs\/patentesymarcas\/files\/2021\/05\/Fig8-262x300.png 262w, https:\/\/www.madrimasd.org\/blogs\/patentesymarcas\/files\/2021\/05\/Fig8.png 340w\" sizes=\"(max-width: 262px) 100vw, 262px\" \/><\/a><\/p>\n<p style=\"text-align: center;\"><a href=\"http:\/\/consultas2.oepm.es\/pdf\/ES\/0000\/000\/01\/21\/07\/ES-1210713_U.pdf\" target=\"_blank\">ES-1210713_U.pdf<\/a><\/p>\n<p style=\"text-align: left;\"><a href=\"https:\/\/www.madrimasd.org\/blogs\/patentesymarcas\/files\/2021\/05\/Fig9.png\"><img decoding=\"async\" class=\"aligncenter size-medium wp-image-6529\" title=\"Fig9\" src=\"https:\/\/www.madrimasd.org\/blogs\/patentesymarcas\/files\/2021\/05\/Fig9-214x300.png\" alt=\"\" width=\"214\" height=\"300\" srcset=\"https:\/\/www.madrimasd.org\/blogs\/patentesymarcas\/files\/2021\/05\/Fig9-214x300.png 214w, https:\/\/www.madrimasd.org\/blogs\/patentesymarcas\/files\/2021\/05\/Fig9.png 338w\" sizes=\"(max-width: 214px) 100vw, 214px\" \/><\/a><\/p>\n<p style=\"text-align: center;\"><a href=\"http:\/\/consultas2.oepm.es\/pdf\/ES\/0000\/000\/02\/34\/39\/ES-2343971_T3.pdf\" target=\"_blank\">ES-2343971_T3.pdf<\/a><\/p>\n<p style=\"text-align: center;\"><a href=\"https:\/\/www.madrimasd.org\/blogs\/patentesymarcas\/files\/2021\/05\/Fig10.png\"><img decoding=\"async\" class=\"aligncenter size-medium wp-image-6530\" title=\"Fig10\" src=\"https:\/\/www.madrimasd.org\/blogs\/patentesymarcas\/files\/2021\/05\/Fig10-166x300.png\" alt=\"\" width=\"166\" height=\"300\" srcset=\"https:\/\/www.madrimasd.org\/blogs\/patentesymarcas\/files\/2021\/05\/Fig10-166x300.png 166w, https:\/\/www.madrimasd.org\/blogs\/patentesymarcas\/files\/2021\/05\/Fig10.png 270w\" sizes=\"(max-width: 166px) 100vw, 166px\" \/><\/a><\/p>\n<p style=\"text-align: center;\"><a href=\"http:\/\/consultas2.oepm.es\/pdf\/ES\/0000\/000\/02\/37\/42\/ES-2374233_A1.pdf\" target=\"_blank\">ES-2374233_A1.pdf<\/a><\/p>\n<p style=\"text-align: center;\"><a href=\"https:\/\/www.madrimasd.org\/blogs\/patentesymarcas\/files\/2021\/05\/FIg17.png\"><img decoding=\"async\" class=\"aligncenter size-full wp-image-6574\" title=\"FIg17\" src=\"https:\/\/www.madrimasd.org\/blogs\/patentesymarcas\/files\/2021\/05\/FIg17.png\" alt=\"\" width=\"790\" height=\"277\" srcset=\"https:\/\/www.madrimasd.org\/blogs\/patentesymarcas\/files\/2021\/05\/FIg17.png 790w, https:\/\/www.madrimasd.org\/blogs\/patentesymarcas\/files\/2021\/05\/FIg17-300x105.png 300w\" sizes=\"(max-width: 790px) 100vw, 790px\" \/><\/a><\/p>\n<p style=\"text-align: center;\"><a href=\"http:\/\/www.youtube.com\/watch?v=WmnmjQCQl3E\">V\u00eddeo de la mesa redonda \u00abLecciones aprendidas por las pymes sobre PI\u00bb<\/a><\/p>\n<p>&nbsp;<\/p>\n<p style=\"text-align: justify;\">De todas las intervenciones de pymes y oficinas de PI podemos extraer el siguiente resumen de conclusiones y reflexiones:<\/p>\n<ul style=\"text-align: justify;\">\n<li>Es preciso un mayor conocimiento de las herramientas disponibles para integrar los derechos de PI en la estrategia empresarial.<\/li>\n<li>La PI permite negociar y conseguir financiaci\u00f3n.<\/li>\n<li>Estar bien asesorado para conocer los beneficios que porta la PI hacen que esta sea un intangible de gran valor para una pyme.<\/li>\n<li>La administraci\u00f3n debe estar comprometida con este fin y hacer una profunda divulgaci\u00f3n sobre la importancia de la PI para el impulso de la innovaci\u00f3n y crecimiento en el mercado de las pymes y debe difundir los servicios y herramientas de las que dispone para ayudar a las pymes a conseguirlo.<\/li>\n<\/ul>\n<p style=\"text-align: justify;\">Desde la OEPM seguiremos apoyando a las pymes espa\u00f1olas porque ellas son nuestro presente y nuestro futuro. Aqu\u00ed os dejamos un hilo de tuits con v\u00eddeos de 2 a 5 minutos donde las empresas que han colaborado con nosotros durante esta semana de celebraci\u00f3n muestran sus testimonios y experiencia con la PI.<\/p>\n<p><a href=\"https:\/\/twitter.com\/OEPM_es\/status\/1388084652443848708\">https:\/\/twitter.com\/OEPM_es\/status\/1388084652443848708<\/a><\/p>\n<p>A todas las pymes: GRACIAS<\/p>\n","protected":false},"excerpt":{"rendered":"<p>\u00a0 &nbsp; El t\u00edtulo de esta nueva entrada en el blog lo hemos querido dedicar al lema elegido por la Organizaci\u00f3n Mundial de la Propiedad Intelectual (OMPI) para conmemorar el D\u00eda Mundial de la Propiedad Intelectual-Industrial de este a\u00f1o 2021. Cada 26 de abril se celebra el D\u00eda Mundial de la Propiedad Intelectual-Industrial (DMPI) con el objeto de dar a conocer la funci\u00f3n que desempe\u00f1an los derechos de\u00a0propiedad intelectual\u00a0e industrial\u00a0(PI) en el fomento de la innovaci\u00f3n y la creatividad. Este d\u00eda, por lo tanto, constituye una oportunidad excepcional de encuentro con quienes se interesan por la PI en todo el\u2026<\/p>\n","protected":false},"author":183,"featured_media":0,"comment_status":"open","ping_status":"open","sticky":false,"template":"","format":"standard","meta":{"_mi_skip_tracking":false,"ngg_post_thumbnail":0},"categories":[27391],"tags":[],"blocksy_meta":{"styles_descriptor":{"styles":{"desktop":"","tablet":"","mobile":""},"google_fonts":[],"version":4}},"aioseo_notices":[],"_links":{"self":[{"href":"https:\/\/www.madrimasd.org\/blogs\/patentesymarcas\/wp-json\/wp\/v2\/posts\/6514"}],"collection":[{"href":"https:\/\/www.madrimasd.org\/blogs\/patentesymarcas\/wp-json\/wp\/v2\/posts"}],"about":[{"href":"https:\/\/www.madrimasd.org\/blogs\/patentesymarcas\/wp-json\/wp\/v2\/types\/post"}],"author":[{"embeddable":true,"href":"https:\/\/www.madrimasd.org\/blogs\/patentesymarcas\/wp-json\/wp\/v2\/users\/183"}],"replies":[{"embeddable":true,"href":"https:\/\/www.madrimasd.org\/blogs\/patentesymarcas\/wp-json\/wp\/v2\/comments?post=6514"}],"version-history":[{"count":33,"href":"https:\/\/www.madrimasd.org\/blogs\/patentesymarcas\/wp-json\/wp\/v2\/posts\/6514\/revisions"}],"predecessor-version":[{"id":6578,"href":"https:\/\/www.madrimasd.org\/blogs\/patentesymarcas\/wp-json\/wp\/v2\/posts\/6514\/revisions\/6578"}],"wp:attachment":[{"href":"https:\/\/www.madrimasd.org\/blogs\/patentesymarcas\/wp-json\/wp\/v2\/media?parent=6514"}],"wp:term":[{"taxonomy":"category","embeddable":true,"href":"https:\/\/www.madrimasd.org\/blogs\/patentesymarcas\/wp-json\/wp\/v2\/categories?post=6514"},{"taxonomy":"post_tag","embeddable":true,"href":"https:\/\/www.madrimasd.org\/blogs\/patentesymarcas\/wp-json\/wp\/v2\/tags?post=6514"}],"curies":[{"name":"wp","href":"https:\/\/api.w.org\/{rel}","templated":true}]}}