{"id":6703,"date":"2021-06-30T06:00:53","date_gmt":"2021-06-30T05:00:53","guid":{"rendered":"http:\/\/www.madrimasd.org\/blogs\/patentesymarcas\/?p=6703"},"modified":"2021-06-30T07:49:17","modified_gmt":"2021-06-30T06:49:17","slug":"premio-inventor-europeo-galardones-y-galardonados-en-2021","status":"publish","type":"post","link":"https:\/\/www.madrimasd.org\/blogs\/patentesymarcas\/2021\/premio-inventor-europeo-galardones-y-galardonados-en-2021\/","title":{"rendered":"Premio Inventor Europeo: galardones y galardonados en 2021"},"content":{"rendered":"<p>&nbsp;<\/p>\n<p><a href=\"https:\/\/www.madrimasd.org\/blogs\/patentesymarcas\/files\/2021\/06\/inventor-award-figura-1.png\"><img decoding=\"async\" class=\"aligncenter  wp-image-6704\" title=\"inventor award figura 1\" src=\"https:\/\/www.madrimasd.org\/blogs\/patentesymarcas\/files\/2021\/06\/inventor-award-figura-1-300x124.png\" alt=\"\" width=\"300\" height=\"124\" srcset=\"https:\/\/www.madrimasd.org\/blogs\/patentesymarcas\/files\/2021\/06\/inventor-award-figura-1-300x124.png 300w, https:\/\/www.madrimasd.org\/blogs\/patentesymarcas\/files\/2021\/06\/inventor-award-figura-1.png 356w\" sizes=\"(max-width: 300px) 100vw, 300px\" \/><\/a><\/p>\n<p>&nbsp;<\/p>\n<p>El pasado 17 de junio tuvo lugar la celebraci\u00f3n de la decimoquinta edici\u00f3n del <a href=\"https:\/\/www.epo.org\/news-events\/events\/european-inventor.html\">Premio Inventor Europeo otorgado por la Oficina Europea de Patentes (EPO)<\/a> que, por primera vez en su historia, se realiz\u00f3 de forma virtual. \u00a0El evento se retransmiti\u00f3 desde una de las sedes de la EPO, en M\u00fanich, y fue retransmitido en abierto a todo el mundo, en varios idiomas y con interacci\u00f3n directa con la audiencia.<\/p>\n<p>Se trata de un premio simb\u00f3lico, sin recompensa econ\u00f3mica asociada, pero otorga gran relevancia y el reconocimiento, y es un incentivo para otros inventores, ya que fomenta la innovaci\u00f3n y pone en relieve el valor de las patentes, mostrando c\u00f3mo los derechos de propiedad industrial pueden ayudar a que una idea se convierta en una invenci\u00f3n, en una soluci\u00f3n a un problema t\u00e9cnico.<strong><em><\/em><\/strong><\/p>\n<p>&nbsp;<\/p>\n<p><strong><em>Galardones<\/em><\/strong><\/p>\n<p>Los ganadores de cada una de las cinco categor\u00edas, adem\u00e1s del premio popular, reciben un trofeo con forma de vela de barco que, hinchada y empujada por el viento, constituye un s\u00edmbolo de la direcci\u00f3n y la mirada hacia nuevos horizontes de los inventores, los exploradores hacia lo desconocido.<\/p>\n<p>El trofeo consiste en una escultura creada por la dise\u00f1adora industrial alemana <a href=\"https:\/\/www.miriam-irle.com\/\">Miriam Irle<\/a>y cada a\u00f1o se reinterpreta y se elabora con nuevos materiales, destacando de esta manera, la naturaleza cambiante de la innovaci\u00f3n, los materiales y la tecnolog\u00eda industrial.\u00a0 As\u00ed, en su primera edici\u00f3n, en el a\u00f1o 2006, el trofeo fue fabricado con aluminio sinterizado y, a partir de ah\u00ed, ha ido evolucionando pasando a estar constituido por distintos materiales,\u00a0 algunos de ellos inspirados por el lugar de celebraci\u00f3n de la entrega de los premios.<\/p>\n<p><a href=\"https:\/\/www.madrimasd.org\/blogs\/patentesymarcas\/files\/2021\/06\/13-tabla-TROFEOS_12.jpg\"><img decoding=\"async\" class=\"aligncenter  wp-image-6707\" title=\"13-tabla-TROFEOS_1\" src=\"https:\/\/www.madrimasd.org\/blogs\/patentesymarcas\/files\/2021\/06\/13-tabla-TROFEOS_12-724x1024.jpg\" alt=\"\" width=\"724\" height=\"1024\" srcset=\"https:\/\/www.madrimasd.org\/blogs\/patentesymarcas\/files\/2021\/06\/13-tabla-TROFEOS_12-724x1024.jpg 724w, https:\/\/www.madrimasd.org\/blogs\/patentesymarcas\/files\/2021\/06\/13-tabla-TROFEOS_12-212x300.jpg 212w\" sizes=\"(max-width: 724px) 100vw, 724px\" \/><\/a><\/p>\n<p>&nbsp;<\/p>\n<p><strong><em>Ceremonia<\/em><\/strong><\/p>\n<p>Y es que este a\u00f1o, debido a la situaci\u00f3n de pandemia provocada por la COVID-19, la ceremonia se celebr\u00f3 de manera totalmente digital con un plat\u00f3 virtual desde la propia sede de la EPO, en M\u00fanich.<\/p>\n<p>Pero dicha ceremonia posibilit\u00f3 su seguimiento desde cualquier parte del mundo con traducciones simult\u00e1neas a los idiomas alem\u00e1n, franc\u00e9s, espa\u00f1ol, italiano y portugu\u00e9s, adem\u00e1s del idioma de los colaboradores, el ingl\u00e9s, y permiti\u00f3 la interacci\u00f3n del p\u00fablico a trav\u00e9s de emoticonos lanzados en vivo y seguimiento a trav\u00e9s de las redes sociales con el hashtag #InventorAward.<\/p>\n<p>&nbsp;<\/p>\n<p style=\"text-align: center;\"><a href=\"https:\/\/www.madrimasd.org\/blogs\/patentesymarcas\/files\/2021\/06\/Presentadores-con-emoticonos.jpg\"><img decoding=\"async\" class=\"aligncenter  wp-image-6708\" title=\"Presentadores con emoticonos\" src=\"https:\/\/www.madrimasd.org\/blogs\/patentesymarcas\/files\/2021\/06\/Presentadores-con-emoticonos-1024x660.jpg\" alt=\"\" width=\"491\" height=\"317\" srcset=\"https:\/\/www.madrimasd.org\/blogs\/patentesymarcas\/files\/2021\/06\/Presentadores-con-emoticonos-1024x660.jpg 1024w, https:\/\/www.madrimasd.org\/blogs\/patentesymarcas\/files\/2021\/06\/Presentadores-con-emoticonos-300x193.jpg 300w, https:\/\/www.madrimasd.org\/blogs\/patentesymarcas\/files\/2021\/06\/Presentadores-con-emoticonos.jpg 2048w\" sizes=\"(max-width: 491px) 100vw, 491px\" \/><\/a><\/p>\n<p>Adem\u00e1s, los presentadores no se encontraban del todo aislados en el plat\u00f3 digital. Algunos seguidores de los premios fueron elegidos d\u00edas anteriores a trav\u00e9s de una convocatoria en redes sociales, para ser parte de la audiencia virtual.<\/p>\n<p>&nbsp;<\/p>\n<p style=\"text-align: center;\"><a href=\"https:\/\/www.madrimasd.org\/blogs\/patentesymarcas\/files\/2021\/06\/p\u00fablico.png\"><img decoding=\"async\" class=\"aligncenter  wp-image-6713\" title=\"p\u00fablico\" src=\"https:\/\/www.madrimasd.org\/blogs\/patentesymarcas\/files\/2021\/06\/p\u00fablico-1024x578.png\" alt=\"\" width=\"553\" height=\"312\" srcset=\"https:\/\/www.madrimasd.org\/blogs\/patentesymarcas\/files\/2021\/06\/p\u00fablico-1024x578.png 1024w, https:\/\/www.madrimasd.org\/blogs\/patentesymarcas\/files\/2021\/06\/p\u00fablico-300x169.png 300w, https:\/\/www.madrimasd.org\/blogs\/patentesymarcas\/files\/2021\/06\/p\u00fablico.png 1037w\" sizes=\"(max-width: 553px) 100vw, 553px\" \/><\/a><\/p>\n<p>Tras una primera presentaci\u00f3n de los 15 finalistas a los premios de la edici\u00f3n 2021, el Presidente de la EPO, Ant\u00f3nio Campinos, dio la bienvenida en un discurso que inclu\u00eda una gran primicia: el pr\u00f3ximo a\u00f1o, en la XVI edici\u00f3n de los Premios del Inventor Europeo habr\u00e1 una nueva categor\u00eda, \u201c<a href=\"https:\/\/www.epo.org\/news-events\/events\/european-inventor\/young-inventors.html\">J\u00f3venes Inventores<\/a>\u201d, dirigido a aquellos innovadores menores de 30 a\u00f1os que trabajan incansables en la resoluci\u00f3n de los problemas de la sociedad actual relacionados con la sostenibilidad. \u00a1Deseando conocer a las nuevas generaciones de inventores!<\/p>\n<p><strong><em>\u00a0<\/em><\/strong><\/p>\n<p><strong><em>Galardonados<\/em><\/strong><\/p>\n<p>Y lleg\u00f3 el momento de conocer los ganadores en las distintas categor\u00edas. Tras los v\u00eddeos de los finalistas explicando c\u00f3mo llegaron a la invenci\u00f3n tras sus momentos eureka se dio a conocer quienes se llevaban los Premios Inventor Europeo 2021:<\/p>\n<p>El ganador en la categor\u00eda \u201cIndustria\u201d fue <a href=\"https:\/\/www.youtube.com\/watch?v=FyVMoJVEEl4&amp;list=PLgDlswd0__eLx03mGqDcL5MDYLJIn88EF&amp;index=13\">Per Gisle Djupesland<\/a> (Noruega) por su sistema que utiliza el mecanismo de respiraci\u00f3n natural para administrar el medicamento de forma r\u00e1pida y eficiente donde se necesita.<\/p>\n<p style=\"text-align: center;\">\u00a0<a href=\"https:\/\/www.madrimasd.org\/blogs\/patentesymarcas\/files\/2021\/06\/Per-gisle.png\"><img decoding=\"async\" class=\"aligncenter  wp-image-6715\" title=\"Per gisle\" src=\"https:\/\/www.madrimasd.org\/blogs\/patentesymarcas\/files\/2021\/06\/Per-gisle.png\" alt=\"\" width=\"408\" height=\"247\" srcset=\"https:\/\/www.madrimasd.org\/blogs\/patentesymarcas\/files\/2021\/06\/Per-gisle.png 503w, https:\/\/www.madrimasd.org\/blogs\/patentesymarcas\/files\/2021\/06\/Per-gisle-300x181.png 300w\" sizes=\"(max-width: 408px) 100vw, 408px\" \/><\/a><\/p>\n<p>&nbsp;<\/p>\n<p>Los ganadores en la categor\u00eda \u00abInvestigaci\u00f3n\u201d fueron <a href=\"https:\/\/www.youtube.com\/watch?v=C00CeqrauGs&amp;list=PLgDlswd0__eLx03mGqDcL5MDYLJIn88EF&amp;index=15\">Robert N. Grass (Austria) y Wendelin Stark (Suiza)<\/a> por su sistema de almacenamiento de datos basados en el ADN.<\/p>\n<p style=\"text-align: center;\"><a href=\"https:\/\/www.madrimasd.org\/blogs\/patentesymarcas\/files\/2021\/06\/Grass-et-al-Austria.png\"><img decoding=\"async\" class=\"aligncenter  wp-image-6716\" title=\"Grass et al-Austria\" src=\"https:\/\/www.madrimasd.org\/blogs\/patentesymarcas\/files\/2021\/06\/Grass-et-al-Austria.png\" alt=\"\" width=\"491\" height=\"248\" \/><\/a><\/p>\n<p>&nbsp;<\/p>\n<p>La creadora de materiales dentales con nanopart\u00edculas, <a href=\"https:\/\/www.youtube.com\/watch?v=xvqwT-23t0s&amp;list=PLgDlswd0__eLx03mGqDcL5MDYLJIn88EF&amp;index=4\">Sumita Mitra<\/a> (EE.UU\/India), fue la ganadora en la categor\u00eda \u00abpa\u00edses no pertenecientes a la EPO\u00bb.<\/p>\n<p><a href=\"https:\/\/www.madrimasd.org\/blogs\/patentesymarcas\/files\/2021\/06\/Sumitra1.png\"><img decoding=\"async\" class=\"wp-image-6726 alignleft\" title=\"Sumitra\" src=\"https:\/\/www.madrimasd.org\/blogs\/patentesymarcas\/files\/2021\/06\/Sumitra1.png\" alt=\"\" width=\"321\" height=\"236\" srcset=\"https:\/\/www.madrimasd.org\/blogs\/patentesymarcas\/files\/2021\/06\/Sumitra1.png 573w, https:\/\/www.madrimasd.org\/blogs\/patentesymarcas\/files\/2021\/06\/Sumitra1-300x220.png 300w\" sizes=\"(max-width: 321px) 100vw, 321px\" \/><\/a><\/p>\n<p style=\"text-align: center;\"><a href=\"https:\/\/www.madrimasd.org\/blogs\/patentesymarcas\/files\/2021\/06\/diente.png\"><img decoding=\"async\" class=\"wp-image-6727 aligncenter\" title=\"diente\" src=\"https:\/\/www.madrimasd.org\/blogs\/patentesymarcas\/files\/2021\/06\/diente.png\" alt=\"\" width=\"190\" height=\"241\" srcset=\"https:\/\/www.madrimasd.org\/blogs\/patentesymarcas\/files\/2021\/06\/diente.png 316w, https:\/\/www.madrimasd.org\/blogs\/patentesymarcas\/files\/2021\/06\/diente-236x300.png 236w\" sizes=\"(max-width: 190px) 100vw, 190px\" \/><\/a><\/p>\n<p>&nbsp;<\/p>\n<p>En la categor\u00eda \u201cpyme\u201d, <a href=\"https:\/\/www.youtube.com\/watch?v=LwBVh4gxhtQ&amp;list=PLgDlswd0__eLx03mGqDcL5MDYLJIn88EF&amp;index=1\">Henrik Lindstr\u00f6m y Giovanni Fili<\/a> (Suecia) fueron los ganadores gracias a Powerfoyle\u00ae, sus c\u00e9lulas solares flexibles para dispositivos port\u00e1tiles.<\/p>\n<p style=\"text-align: center;\"><a href=\"https:\/\/www.madrimasd.org\/blogs\/patentesymarcas\/files\/2021\/06\/Henry-Lindstrom-et-al-Suecia1.png\"><img decoding=\"async\" class=\"aligncenter  wp-image-6719\" title=\"Henry Lindstrom-et al-Suecia\" src=\"https:\/\/www.madrimasd.org\/blogs\/patentesymarcas\/files\/2021\/06\/Henry-Lindstrom-et-al-Suecia1.png\" alt=\"\" width=\"451\" height=\"222\" srcset=\"https:\/\/www.madrimasd.org\/blogs\/patentesymarcas\/files\/2021\/06\/Henry-Lindstrom-et-al-Suecia1.png 627w, https:\/\/www.madrimasd.org\/blogs\/patentesymarcas\/files\/2021\/06\/Henry-Lindstrom-et-al-Suecia1-300x147.png 300w\" sizes=\"(max-width: 451px) 100vw, 451px\" \/><\/a><\/p>\n<p>El galard\u00f3n de la \u00faltima categor\u00eda \u201cLogros a toda una vida\u201d de los Premios Inventor Europeo, elegido por un jurado independiente y experto, fue a parar a manos de <a href=\"https:\/\/www.youtube.com\/watch?v=jSemUZO0gqQ&amp;list=PLgDlswd0__eLx03mGqDcL5MDYLJIn88EF&amp;index=8\">Karl Leo<\/a> (Alemania) por los semiconductores que posibilitan la fabricaci\u00f3n de OLED (diodos org\u00e1nicos de emisi\u00f3n de luz) eficientes y rentables para las pantallas que usamos hoy en d\u00eda. \u00a1Merecido premio por los logros de toda una vida!<\/p>\n<p style=\"text-align: center;\">\u00a0<a href=\"https:\/\/www.madrimasd.org\/blogs\/patentesymarcas\/files\/2021\/06\/LEO-KARL-OLED1.png\"><img decoding=\"async\" class=\"aligncenter  wp-image-6757\" title=\"LEO KARL-OLED\" src=\"https:\/\/www.madrimasd.org\/blogs\/patentesymarcas\/files\/2021\/06\/LEO-KARL-OLED1.png\" alt=\"\" width=\"624\" height=\"181\" srcset=\"https:\/\/www.madrimasd.org\/blogs\/patentesymarcas\/files\/2021\/06\/LEO-KARL-OLED1.png 624w, https:\/\/www.madrimasd.org\/blogs\/patentesymarcas\/files\/2021\/06\/LEO-KARL-OLED1-300x87.png 300w\" sizes=\"(max-width: 624px) 100vw, 624px\" \/><\/a><\/p>\n<p>&nbsp;<\/p>\n<p>Y, por \u00faltimo, lleg\u00f3 un momento muy esperado por el p\u00fablico, la entrega del Premio Popular elegido con sus votaciones realizadas desde el 4 de mayo, d\u00eda en que se conocieron los finalistas, hasta el mismo d\u00eda de la entrega de premios, cerrando las votaciones al comienzo de la ceremonia.<\/p>\n<p><a href=\"https:\/\/www.madrimasd.org\/blogs\/patentesymarcas\/files\/2021\/06\/GIRDANA-PREMIO.png\"><img decoding=\"async\" class=\"aligncenter size-full wp-image-6758\" title=\"GIRDANA-PREMIO\" src=\"https:\/\/www.madrimasd.org\/blogs\/patentesymarcas\/files\/2021\/06\/GIRDANA-PREMIO.png\" alt=\"\" width=\"614\" height=\"218\" srcset=\"https:\/\/www.madrimasd.org\/blogs\/patentesymarcas\/files\/2021\/06\/GIRDANA-PREMIO.png 614w, https:\/\/www.madrimasd.org\/blogs\/patentesymarcas\/files\/2021\/06\/GIRDANA-PREMIO-300x106.png 300w\" sizes=\"(max-width: 614px) 100vw, 614px\" \/><\/a><\/p>\n<p>&nbsp;<\/p>\n<p>Durante ese periodo de tiempo, la EPO recibi\u00f3 un total de 29 948 votos, de los cuales, un 48,1% de ellos fueron a parar a la misma persona, la que result\u00f3 ser la favorita del p\u00fablico, <a href=\"https:\/\/www.youtube.com\/watch?v=HGH0xnf8pWE&amp;list=PLgDlswd0__eLx03mGqDcL5MDYLJIn88EF&amp;index=3\">Gordana Vunjak-Novakovik<\/a> (Serbia\/Estados Unidos), por sus avances de la ingenier\u00eda de tejidos.<\/p>\n<p style=\"text-align: center;\" align=\"center\">\u00a1Enhorabuena a todos los ganadores!<\/p>\n<p>&nbsp;<\/p>\n<p>Y, tras dos horas de emisi\u00f3n, termin\u00f3 una entretenida ceremonia virtual que nos permiti\u00f3 conocer un poco mejor a los quince inventores que este a\u00f1o nos han sorprendido con sus innovaciones, fruto de una constancia y tenacidad totalmente elogiable.<\/p>\n<p>La finalista espa\u00f1ola en la categor\u00eda PYME, <a href=\"https:\/\/www.youtube.com\/watch?v=TOu_KLGi5fs&amp;list=PLgDlswd0__eLx03mGqDcL5MDYLJIn88EF&amp;index=10\">Carmen Hijosa<\/a>, se qued\u00f3 a las puertas de conseguir el premio, pero su innovaci\u00f3n y su emprendimiento social ser\u00e1n siempre un referente para aquellos emprendedores que crean en un mundo m\u00e1s sostenible y justo.<\/p>\n<p>&nbsp;<\/p>\n<p>\u00bfC\u00f3mo ser\u00e1 la pr\u00f3xima ceremonia de los Premios Inventor Europeo? \u00bfQu\u00e9 sorprendentes inventos har\u00e1n de nuestro mundo un lugar mejor? \u00bfQu\u00e9 dificultades tendr\u00e1 el jurado para elegir a sus pr\u00f3ximos finalistas en las diferentes categor\u00edas, incluyendo la nueva dirigida a j\u00f3venes inventores? \u00bfCu\u00e1ntos votos enviaremos desde el p\u00fablico para conseguir que nuestro favorito se alce con el Premio Popular?<\/p>\n<p>&nbsp;<\/p>\n<p>&nbsp;<\/p>\n<p style=\"text-align: center;\" align=\"center\">\u00a1Comienza la cuenta atr\u00e1s para la edici\u00f3n 2022!<\/p>\n<p align=\"center\"><a href=\"https:\/\/www.madrimasd.org\/blogs\/patentesymarcas\/files\/2021\/06\/RELOJ-ARENA.jpg\"><img decoding=\"async\" class=\"aligncenter size-full wp-image-6759\" title=\"RELOJ ARENA\" src=\"https:\/\/www.madrimasd.org\/blogs\/patentesymarcas\/files\/2021\/06\/RELOJ-ARENA.jpg\" alt=\"\" width=\"200\" height=\"200\" srcset=\"https:\/\/www.madrimasd.org\/blogs\/patentesymarcas\/files\/2021\/06\/RELOJ-ARENA.jpg 200w, https:\/\/www.madrimasd.org\/blogs\/patentesymarcas\/files\/2021\/06\/RELOJ-ARENA-150x150.jpg 150w\" sizes=\"(max-width: 200px) 100vw, 200px\" \/><\/a><\/p>\n<p>&nbsp;<\/p>\n","protected":false},"excerpt":{"rendered":"<p>&nbsp; &nbsp; El pasado 17 de junio tuvo lugar la celebraci\u00f3n de la decimoquinta edici\u00f3n del Premio Inventor Europeo otorgado por la Oficina Europea de Patentes (EPO) que, por primera vez en su historia, se realiz\u00f3 de forma virtual. \u00a0El evento se retransmiti\u00f3 desde una de las sedes de la EPO, en M\u00fanich, y fue retransmitido en abierto a todo el mundo, en varios idiomas y con interacci\u00f3n directa con la audiencia. Se trata de un premio simb\u00f3lico, sin recompensa econ\u00f3mica asociada, pero otorga gran relevancia y el reconocimiento, y es un incentivo para otros inventores, ya que fomenta la\u2026<\/p>\n","protected":false},"author":183,"featured_media":0,"comment_status":"open","ping_status":"open","sticky":false,"template":"","format":"standard","meta":{"_mi_skip_tracking":false,"ngg_post_thumbnail":0},"categories":[27391],"tags":[],"blocksy_meta":{"styles_descriptor":{"styles":{"desktop":"","tablet":"","mobile":""},"google_fonts":[],"version":4}},"aioseo_notices":[],"_links":{"self":[{"href":"https:\/\/www.madrimasd.org\/blogs\/patentesymarcas\/wp-json\/wp\/v2\/posts\/6703"}],"collection":[{"href":"https:\/\/www.madrimasd.org\/blogs\/patentesymarcas\/wp-json\/wp\/v2\/posts"}],"about":[{"href":"https:\/\/www.madrimasd.org\/blogs\/patentesymarcas\/wp-json\/wp\/v2\/types\/post"}],"author":[{"embeddable":true,"href":"https:\/\/www.madrimasd.org\/blogs\/patentesymarcas\/wp-json\/wp\/v2\/users\/183"}],"replies":[{"embeddable":true,"href":"https:\/\/www.madrimasd.org\/blogs\/patentesymarcas\/wp-json\/wp\/v2\/comments?post=6703"}],"version-history":[{"count":39,"href":"https:\/\/www.madrimasd.org\/blogs\/patentesymarcas\/wp-json\/wp\/v2\/posts\/6703\/revisions"}],"predecessor-version":[{"id":6769,"href":"https:\/\/www.madrimasd.org\/blogs\/patentesymarcas\/wp-json\/wp\/v2\/posts\/6703\/revisions\/6769"}],"wp:attachment":[{"href":"https:\/\/www.madrimasd.org\/blogs\/patentesymarcas\/wp-json\/wp\/v2\/media?parent=6703"}],"wp:term":[{"taxonomy":"category","embeddable":true,"href":"https:\/\/www.madrimasd.org\/blogs\/patentesymarcas\/wp-json\/wp\/v2\/categories?post=6703"},{"taxonomy":"post_tag","embeddable":true,"href":"https:\/\/www.madrimasd.org\/blogs\/patentesymarcas\/wp-json\/wp\/v2\/tags?post=6703"}],"curies":[{"name":"wp","href":"https:\/\/api.w.org\/{rel}","templated":true}]}}