{"id":837,"date":"2012-12-21T12:49:52","date_gmt":"2012-12-21T11:49:52","guid":{"rendered":"http:\/\/www.madrimasd.org\/blogs\/patentesymarcas\/?p=837"},"modified":"2012-12-21T12:50:22","modified_gmt":"2012-12-21T11:50:22","slug":"compendio-practico-sobre-la-proteccion-de-la-propiedad-industrial","status":"publish","type":"post","link":"https:\/\/www.madrimasd.org\/blogs\/patentesymarcas\/2012\/compendio-practico-sobre-la-proteccion-de-la-propiedad-industrial\/","title":{"rendered":"Compendio Pr\u00e1ctico sobre la Protecci\u00f3n de la Propiedad Industrial"},"content":{"rendered":"<p align=\"left\"><a href=\"https:\/\/www.madrimasd.org\/blogs\/patentesymarcas\/files\/2012\/12\/MO696HQ.jpg\"><img decoding=\"async\" class=\"alignleft  wp-image-838\" title=\"Propiedad Industrial\" src=\"https:\/\/www.madrimasd.org\/blogs\/patentesymarcas\/files\/2012\/12\/MO696HQ-659x1024.jpg\" alt=\"\" width=\"217\" height=\"302\" \/><\/a>Bajo la direcci\u00f3n de dos reputados especialistas \u2014el Profesor Otero Lastres y el Doctor Casado Cervi\u00f1o\u2014, y con un elenco de autores que incluye a prestigiosos acad\u00e9micos y abogados, as\u00ed como a experimentados funcionarios de la Oficina Espa\u00f1ola de Patentes y Marcas, y de la Oficina de Armonizaci\u00f3n del Mercado Interior, esta obra ofrece una visi\u00f3n global y fundamentalmente pr\u00e1ctica de la propiedad industrial en Espa\u00f1a.<\/p>\n<p align=\"left\">\u00a0<\/p>\n<p align=\"left\">En cuanto a su estructura, la obra puede dividirse en tres grandes apartados: derecho nacional, europeo e internacional. Tras una introducci\u00f3n sobre propiedad industrial y competitividad, se analiza con detalle el r\u00e9gimen de los signos distintivos en Espa\u00f1a, centr\u00e1ndose en las figuras de la marca, nombre comercial y otros signos, adem\u00e1s de las denominaciones de origen e indicaciones geogr\u00e1ficas.<\/p>\n<p align=\"left\">En estos momentos en los que se plantea una posible segunda reforma comunitaria del derecho de los signos distintivos, esta parte inicial de la obra ofrece una visi\u00f3n fiel de la realidad actual de la materia en la pr\u00e1ctica jur\u00eddica en Espa\u00f1a, tanto de las creaciones t\u00e9cnicas, como de las est\u00e9ticas, finaliz\u00e1ndose este apartado con el an\u00e1lisis de los recursos y solicitudes electr\u00f3nicas ante la Oficina Espa\u00f1ola.<\/p>\n<p align=\"left\">El segundo apartado se refiere al derecho europeo: marca y dise\u00f1o comunitarios, recursos ante el OAMI, adem\u00e1s de la patente europea. Por \u00faltimo, la parte final de la obra se refiere al derecho internacional, analizando la marca internacional y la patente internacional (PCT y PPH). En definitiva, ofrece esta monograf\u00eda una visi\u00f3n global, completa y eminentemente pr\u00e1ctica del derecho de la propiedad industrial.<\/p>\n","protected":false},"excerpt":{"rendered":"<p>Bajo la direcci\u00f3n de dos reputados especialistas \u2014el Profesor Otero Lastres y el Doctor Casado Cervi\u00f1o\u2014, y con un elenco de autores que incluye a prestigiosos acad\u00e9micos y abogados, as\u00ed como a experimentados funcionarios de la Oficina Espa\u00f1ola de Patentes y Marcas, y de la Oficina de Armonizaci\u00f3n del Mercado Interior, esta obra ofrece una visi\u00f3n global y fundamentalmente pr\u00e1ctica de la propiedad industrial en Espa\u00f1a. \u00a0 En cuanto a su estructura, la obra puede dividirse en tres grandes apartados: derecho nacional, europeo e internacional. Tras una introducci\u00f3n sobre propiedad industrial y competitividad, se analiza con detalle el r\u00e9gimen de\u2026<\/p>\n","protected":false},"author":183,"featured_media":0,"comment_status":"open","ping_status":"open","sticky":false,"template":"","format":"standard","meta":{"_mi_skip_tracking":false,"ngg_post_thumbnail":0},"categories":[12852],"tags":[],"blocksy_meta":{"styles_descriptor":{"styles":{"desktop":"","tablet":"","mobile":""},"google_fonts":[],"version":4}},"aioseo_notices":[],"_links":{"self":[{"href":"https:\/\/www.madrimasd.org\/blogs\/patentesymarcas\/wp-json\/wp\/v2\/posts\/837"}],"collection":[{"href":"https:\/\/www.madrimasd.org\/blogs\/patentesymarcas\/wp-json\/wp\/v2\/posts"}],"about":[{"href":"https:\/\/www.madrimasd.org\/blogs\/patentesymarcas\/wp-json\/wp\/v2\/types\/post"}],"author":[{"embeddable":true,"href":"https:\/\/www.madrimasd.org\/blogs\/patentesymarcas\/wp-json\/wp\/v2\/users\/183"}],"replies":[{"embeddable":true,"href":"https:\/\/www.madrimasd.org\/blogs\/patentesymarcas\/wp-json\/wp\/v2\/comments?post=837"}],"version-history":[{"count":8,"href":"https:\/\/www.madrimasd.org\/blogs\/patentesymarcas\/wp-json\/wp\/v2\/posts\/837\/revisions"}],"predecessor-version":[{"id":846,"href":"https:\/\/www.madrimasd.org\/blogs\/patentesymarcas\/wp-json\/wp\/v2\/posts\/837\/revisions\/846"}],"wp:attachment":[{"href":"https:\/\/www.madrimasd.org\/blogs\/patentesymarcas\/wp-json\/wp\/v2\/media?parent=837"}],"wp:term":[{"taxonomy":"category","embeddable":true,"href":"https:\/\/www.madrimasd.org\/blogs\/patentesymarcas\/wp-json\/wp\/v2\/categories?post=837"},{"taxonomy":"post_tag","embeddable":true,"href":"https:\/\/www.madrimasd.org\/blogs\/patentesymarcas\/wp-json\/wp\/v2\/tags?post=837"}],"curies":[{"name":"wp","href":"https:\/\/api.w.org\/{rel}","templated":true}]}}