{"id":131841,"date":"2010-04-17T16:57:11","date_gmt":"2010-04-17T15:57:11","guid":{"rendered":"http:\/\/www.madrimasd.org\/blogs\/salud_publica\/?p=131841"},"modified":"2010-04-18T11:36:45","modified_gmt":"2010-04-18T10:36:45","slug":"erupciones-volcanicas-y-salud-consejos-para-proteger-su-salud","status":"publish","type":"post","link":"https:\/\/www.madrimasd.org\/blogs\/salud_publica\/2010\/04\/17\/131841","title":{"rendered":"Erupciones volc\u00e1nicas y salud. Consejos para proteger su salud"},"content":{"rendered":"<p><!-- \t\t@page { margin: 2cm } \t\tP { margin-bottom: 0.21cm } \t\tA:link { so-language: zxx } --><\/p>\n<p style=\"margin-bottom: 0cm;\">\n<p>Este a\u00f1o la tierra no deja de sorprendernos con sus movimientos, en cada uno de ellos nos muestra su fuerza y, por que no, su enfado por los abusos a los que la hemos sometido y seguimos someti\u00e9ndola. Empezamos el a\u00f1o con el terremoto de Hait\u00ed, seguimos con el terremoto y el tsunami de Chile, inundaciones en Brasil y ahora una erupci\u00f3n volc\u00e1nica en Islandia cuyos efectos se est\u00e1n notando y van a seguir not\u00e1ndose por toda Europa.<\/p>\n<p>Cuando una oye los informativos parece que la \u00fanica cat\u00e1strofe son las p\u00e9rdidas econ\u00f3micas de las compa\u00f1\u00edas a\u00e9reas y los retrasos en los viajes a\u00e9reos de los pasajeros que ten\u00edan programados sus vuelos para estos d\u00edas, pero la que se nos viene encima en forma de cenizas y contaminaci\u00f3n del aire en toda Europa nadie lo nombra \u00bfno son conscientes? O es por no alarmar. Ni lo se ni me interesa pero la \u00fanica realidad es que de esta no nos libramos; no quiero decir que hasta el sur de Europa vayan a llegar las cenizas, de momento parece que nos protegen las corrientes de aire dominantes, pero estas pueden cambiar y, de todas formas, todo el norte esta afectado.<\/p>\n<figure id=\"attachment_131846\" aria-describedby=\"caption-attachment-131846\" style=\"width: 300px\" class=\"wp-caption alignnone\"><a href=\"https:\/\/www.madrimasd.org\/blogs\/salud_publica\/files\/2010\/04\/volcan1.jpg\"><img decoding=\"async\" class=\"size-medium wp-image-131846\" title=\"volcan\" src=\"https:\/\/www.madrimasd.org\/blogs\/salud_publica\/files\/2010\/04\/volcan1-300x224.jpg\" alt=\"Erupcion volc\u00e1nica, nube de ceniza\" width=\"300\" height=\"224\" srcset=\"https:\/\/www.madrimasd.org\/blogs\/salud_publica\/files\/2010\/04\/volcan1-300x224.jpg 300w, https:\/\/www.madrimasd.org\/blogs\/salud_publica\/files\/2010\/04\/volcan1.jpg 619w\" sizes=\"(max-width: 300px) 100vw, 300px\" \/><\/a><figcaption id=\"caption-attachment-131846\" class=\"wp-caption-text\">Erupcion volc\u00e1nica, nube de ceniza<\/figcaption><\/figure>\n<p><!--more--><\/p>\n<p>Vamos a explicar unas cuantas medidas de protecci\u00f3n que pueden ayudarnos en este momento. Las primeras no nos afectan, ya es tarde para ellas pero por si la situaci\u00f3n se repite es bueno tenerlas en cuenta. <a href=\"http:\/\/emergency.cdc.gov\/disasters\/volcanoes\/during.asp\">Estas medidas est\u00e1n extra\u00eddas de la p\u00e1gina del CDC<\/a><\/p>\n<h4>1.- Antes de una erupci\u00f3n volc\u00e1nica:<\/h4>\n<p>Prepare un plan con anterioridad.<\/p>\n<p>Tenga suministros de emergencia, alimentos y agua almacenados.<\/p>\n<p>Planifique una ruta de evacuaci\u00f3n alejada de los r\u00edos o arroyos que puedan transportar lodo o desechos.<\/p>\n<p>Tenga una radio que funcione a pilas disponible en todo momento.<\/p>\n<p>Si se ha previsto una erupci\u00f3n, escuche la radio o vea la televisi\u00f3n para saber si se informa acerca de una evacuaci\u00f3n.<\/p>\n<p>Siga las recomendaciones de las autoridades.<\/p>\n<h4>2.- Despu\u00e9s de una erupci\u00f3n volc\u00e1nica:<\/h4>\n<p>No se acerque al \u00e1rea de la erupci\u00f3n.<\/p>\n<p>Est\u00e9 preparado para permanecer en el interior de la casa y evite las \u00e1reas en el sentido del viento si se ha previsto la ca\u00edda de cenizas.<\/p>\n<p>Evacue la zona si las autoridades as\u00ed lo aconsejan.<\/p>\n<p>Preste atenci\u00f3n a los canales por donde pasan los arroyos y los r\u00edos al realizar la evacuaci\u00f3n.<\/p>\n<p>Vaya hasta un terreno m\u00e1s alto si ve que hay torrentes de lodo que se acercan.<\/p>\n<p>Siga las indicaciones de evacuaci\u00f3n colocadas en las carreteras y autopistas.<\/p>\n<figure id=\"attachment_131847\" aria-describedby=\"caption-attachment-131847\" style=\"width: 257px\" class=\"wp-caption alignnone\"><a href=\"https:\/\/www.madrimasd.org\/blogs\/salud_publica\/files\/2010\/04\/volcan-en-islandia-300x350.jpg\"><img decoding=\"async\" class=\"size-medium wp-image-131847\" title=\"volcan-en-islandia-300x350\" src=\"https:\/\/www.madrimasd.org\/blogs\/salud_publica\/files\/2010\/04\/volcan-en-islandia-300x350-257x300.jpg\" alt=\"volcan Islandia\" width=\"257\" height=\"300\" srcset=\"https:\/\/www.madrimasd.org\/blogs\/salud_publica\/files\/2010\/04\/volcan-en-islandia-300x350-257x300.jpg 257w, https:\/\/www.madrimasd.org\/blogs\/salud_publica\/files\/2010\/04\/volcan-en-islandia-300x350.jpg 300w\" sizes=\"(max-width: 257px) 100vw, 257px\" \/><\/a><figcaption id=\"caption-attachment-131847\" class=\"wp-caption-text\">volcan Islandia<\/figcaption><\/figure>\n<h4><span style=\"color: #0000ff;\">Si se produce ca\u00edda de cenizas en el \u00e1rea:<\/span><\/h4>\n<p><!-- \t\t@page { margin: 2cm } \t\tP { margin-bottom: 0.21cm } --><\/p>\n<p style=\"margin-bottom: 0cm;\"><span style=\"background: none repeat scroll 0% 0% #ffffff;\">Proteja sus pulmones. Los ni\u00f1os, los ancianos y las personas que sufren de enfermedades respiratorias como el asma, bronquitis, enfisema y otras enfermedades pulmonares y card\u00edacas cr\u00f3nicas deben ser particularmente cuidadosas para evitar respirar la ceniza. <\/span><\/p>\n<p style=\"margin-bottom: 0cm;\"><span style=\"color: #0000ff;\"><strong>Si la ceniza ya est\u00e1 presente en su zona:<\/strong><\/span><\/p>\n<ul>\n<li><span style=\"background: none repeat scroll 0% 0% #ffffff;\">Qu\u00e9dese en su casa. <\/span>Cierre las puertas y ventanas .<\/li>\n<li><span style=\"background: none repeat scroll 0% 0% #ffffff;\">Coloque toallas h\u00famedas en las rendijas  de las puertas y otros puntos de entrada de aire.<\/span><br \/>\n<span style=\"background: none repeat scroll 0% 0% #ffffff;\">Cuando est\u00e9 afuera, use mascarillas de un solo uso (desechables). Recuerde que estas mascarillas no se ajustan bien en los ni\u00f1os . (Las m\u00e1scaras pueden hacer la respiraci\u00f3n m\u00e1s dif\u00edcil para las personas con enfermedades respiratorias.)<br \/>\nLas personas m\u00e1s expuestas deben limitar las actividades al aire libre. <\/span><\/li>\n<li><span style=\"background: none repeat scroll 0% 0% #ffffff;\">Mantenga a los ni\u00f1os y mascotas adentro.<br \/>\n<\/span><br \/>\n<span style=\"background: none repeat scroll 0% 0% #ffffff;\">Si usted tiene asma u otra afecci\u00f3n respiratoria &#8211; o tiene un hijo con asma &#8211; preste atenci\u00f3n a s\u00edntomas tales como respiraci\u00f3n sibilante y tos o s\u00edntomas m\u00e1s severos como dolor de pecho u opresi\u00f3n, falta de aliento y fatiga severa. <\/span><\/li>\n<li>Contacte con su m\u00e9dico si tiene problemas para respirar.<\/li>\n<\/ul>\n<p style=\"margin-bottom: 0cm;\"><span style=\"color: #ff0000;\"><br \/>\n<\/span><\/p>\n<p style=\"margin-bottom: 0cm;\"><span style=\"color: #ff0000;\"><strong>Otras recomendaciones \u00fatiles:<\/strong><\/span><\/p>\n<ul>\n<li><span style=\"background: none repeat scroll 0% 0% #ffffff;\">Si usted usa lentes de contacto, proteja sus ojos con gafas de protecci\u00f3n<\/span><\/li>\n<li><span style=\"background: none repeat scroll 0% 0% #ffffff;\">Si encuentra ceniza en el agua potable, utilice una fuente alternativa de agua potable, como comprar agua embotellada.<\/span><\/li>\n<li><span style=\"background: none repeat scroll 0% 0% #ffffff;\">Coloque tapones en la parte superior de los tubos de drenaje.<br \/>\n<\/span><span style=\"background: none repeat scroll 0% 0% #ffffff;\">Proteja los aparatos electr\u00f3nicos sensibles del polvo<\/span><\/li>\n<li><span style=\"background: none repeat scroll 0% 0% #ffffff;\">Mantenga los techos libres de cenizas de m\u00e1s de 4 pulgadas.<br \/>\n<\/span>Qu\u00edtese<span style=\"background: none repeat scroll 0% 0% #ffffff;\"> la ropa que ha usado mientras estaba al aire libre antes de entrar en un edificio.<\/span><\/li>\n<li><span style=\"background: none repeat scroll 0% 0% #ffffff;\">Lave las verduras de la huerta antes de comer.<\/span><\/li>\n<li><span style=\"background: none repeat scroll 0% 0% #ffffff;\">Reduzca al m\u00ednimo los viajes, las cenizas pueden ser perjudiciales para su veh\u00edculo.<\/span><\/li>\n<li><span style=\"background: none repeat scroll 0% 0% #ffffff;\">Cambie frecuentemente los filtros de aceite y aire en su autom\u00f3vil.<\/span><\/li>\n<\/ul>\n<h2 style=\"margin-bottom: 0cm;\"><span style=\"color: #000080;\"><em>Consuelo Ib\u00e1\u00f1ez Mart\u00ed<\/em><\/span><\/h2>\n<h2><span style=\"color: #000080;\"><em>M\u00e9dico salubrista<br \/>\n<\/em><\/span><\/h2>\n","protected":false},"excerpt":{"rendered":"<p>Este a\u00f1o la tierra no deja de sorprendernos con sus movimientos, en cada uno de ellos nos muestra su fuerza y, por que no, su enfado por los abusos a los que la hemos sometido y seguimos someti\u00e9ndola. Empezamos el a\u00f1o con el terremoto de Hait\u00ed, seguimos con el terremoto y el tsunami de Chile, inundaciones en Brasil y ahora una erupci\u00f3n volc\u00e1nica en Islandia cuyos efectos se est\u00e1n notando y van a seguir not\u00e1ndose por toda Europa. Cuando una oye los informativos parece que la \u00fanica cat\u00e1strofe son las p\u00e9rdidas econ\u00f3micas de las compa\u00f1\u00edas a\u00e9reas y los retrasos en\u2026<\/p>\n","protected":false},"author":74,"featured_media":0,"comment_status":"open","ping_status":"open","sticky":false,"template":"","format":"standard","meta":{"ngg_post_thumbnail":0},"categories":[689,667,684,692],"tags":[8555,1470,1648,657,8592],"blocksy_meta":{"styles_descriptor":{"styles":{"desktop":"","tablet":"","mobile":""},"google_fonts":[],"version":4}},"aioseo_notices":[],"_links":{"self":[{"href":"https:\/\/www.madrimasd.org\/blogs\/salud_publica\/wp-json\/wp\/v2\/posts\/131841"}],"collection":[{"href":"https:\/\/www.madrimasd.org\/blogs\/salud_publica\/wp-json\/wp\/v2\/posts"}],"about":[{"href":"https:\/\/www.madrimasd.org\/blogs\/salud_publica\/wp-json\/wp\/v2\/types\/post"}],"author":[{"embeddable":true,"href":"https:\/\/www.madrimasd.org\/blogs\/salud_publica\/wp-json\/wp\/v2\/users\/74"}],"replies":[{"embeddable":true,"href":"https:\/\/www.madrimasd.org\/blogs\/salud_publica\/wp-json\/wp\/v2\/comments?post=131841"}],"version-history":[{"count":5,"href":"https:\/\/www.madrimasd.org\/blogs\/salud_publica\/wp-json\/wp\/v2\/posts\/131841\/revisions"}],"predecessor-version":[{"id":131843,"href":"https:\/\/www.madrimasd.org\/blogs\/salud_publica\/wp-json\/wp\/v2\/posts\/131841\/revisions\/131843"}],"wp:attachment":[{"href":"https:\/\/www.madrimasd.org\/blogs\/salud_publica\/wp-json\/wp\/v2\/media?parent=131841"}],"wp:term":[{"taxonomy":"category","embeddable":true,"href":"https:\/\/www.madrimasd.org\/blogs\/salud_publica\/wp-json\/wp\/v2\/categories?post=131841"},{"taxonomy":"post_tag","embeddable":true,"href":"https:\/\/www.madrimasd.org\/blogs\/salud_publica\/wp-json\/wp\/v2\/tags?post=131841"}],"curies":[{"name":"wp","href":"https:\/\/api.w.org\/{rel}","templated":true}]}}