{"id":132444,"date":"2011-03-03T13:22:08","date_gmt":"2011-03-03T12:22:08","guid":{"rendered":"http:\/\/www.madrimasd.org\/blogs\/salud_publica\/?p=132444"},"modified":"2011-03-03T13:22:08","modified_gmt":"2011-03-03T12:22:08","slug":"que-es-una-tasa-en-epidemiologia-seguimos-con-la-parte-2","status":"publish","type":"post","link":"https:\/\/www.madrimasd.org\/blogs\/salud_publica\/2011\/03\/03\/132444","title":{"rendered":"Que es una tasa en epidemiolog\u00eda. Seguimos con la parte 2"},"content":{"rendered":"<p align=\"JUSTIFY\"><span style=\"font-family: Comic Sans MS,cursive;\"><span style=\"font-size: small;\">El otro d\u00eda hablamos de los conceptos de tasa y dejamos las definiciones antes de que se empezaran a embrollar, pero hay que seguir con los conceptos aunque se presten, un poco solo un poco, a confusi\u00f3n.<\/span><\/span><\/p>\n<p align=\"JUSTIFY\"><span style=\"font-family: Comic Sans MS,cursive;\"><span style=\"font-size: small;\">Dec\u00edamos: <\/span><\/span><strong><span style=\"color: #2300dc;\"><span style=\"font-family: Comic Sans MS,cursive;\"><span style=\"font-size: small;\">Todas las tasas son cocientes<\/span><\/span><\/span><\/strong><span style=\"color: #000000;\"><span style=\"font-family: Comic Sans MS,cursive;\"><span style=\"font-size: small;\"> y<\/span><\/span><\/span><strong><span style=\"color: #2300dc;\"><span style=\"font-family: Comic Sans MS,cursive;\"><span style=\"font-size: small;\"> se calculan mediante la divisi\u00f3n de un numerador, por ejemplo, el n\u00famero de casos nuevos de una enfermedad que aparecen durante un un determinado per\u00edodo, por un denominador, por ejemplo el promedio de poblaci\u00f3n durante ese per\u00edodo.<\/span><\/span><\/span><\/strong><\/p>\n<p align=\"JUSTIFY\">\n<p align=\"JUSTIFY\"><span style=\"font-family: Comic Sans MS,cursive;\"><span style=\"font-size: small;\">Seguimos:<\/span><\/span><\/p>\n<p align=\"JUSTIFY\"><span style=\"font-family: Comic Sans MS,cursive;\"><span style=\"font-size: small;\">Algunas tasas son <\/span><\/span><span style=\"color: #2300dc;\"><span style=\"font-family: Comic Sans MS,cursive;\"><span style=\"font-size: small;\"><strong>proporciones<\/strong><\/span><\/span><\/span><span style=\"font-family: Comic Sans MS,cursive;\"><span style=\"font-size: small;\">, es decir, que <\/span><\/span><span style=\"color: #2300dc;\"><span style=\"font-family: Comic Sans MS,cursive;\"><span style=\"font-size: small;\"><strong>en ellas el numerador se halla contenido en el denominador.<\/strong><\/span><\/span><\/span><\/p>\n<p align=\"JUSTIFY\">\n<!--more--><\/p>\n<p align=\"JUSTIFY\"><span style=\"color: #99284c;\"><strong><span style=\"font-family: Comic Sans MS,cursive;\"><span style=\"font-size: small;\">Aplicaciones de la palabra tasa en epidemiolog\u00eda.<\/span><\/span><\/strong><\/span><\/p>\n<p align=\"JUSTIFY\"><span style=\"font-family: Comic Sans MS,cursive;\"><span style=\"font-size: small;\">1.-Como <\/span><\/span><span style=\"color: #2300dc;\"><span style=\"font-family: Comic Sans MS,cursive;\"><span style=\"font-size: small;\"><strong>sin\u00f3nimo de cociente<\/strong><\/span><\/span><\/span><span style=\"font-family: Comic Sans MS,cursive;\"><span style=\"font-size: small;\">, se refiere a las proporciones cuando se habla de t\u00e9rminos tales como tasa de incidencia acumulada, tasa de prevalencia, tasa de sobrevivencia (en donde proporcion y cociente se hacen sin\u00f3nimos de tasa).<\/span><\/span><\/p>\n<p align=\"JUSTIFY\">\n<p align=\"JUSTIFY\"><span style=\"font-family: Comic Sans MS,cursive;\"><span style=\"font-size: small;\">2.- En otras circunstancias tasa se refiere \u00fanicamente a <\/span><\/span><span style=\"color: #2300dc;\"><span style=\"font-family: Comic Sans MS,cursive;\"><span style=\"font-size: small;\"><strong>cocientes que representan cambios relativos (reales o potenciales) en dos cantidades<\/strong><\/span><\/span><\/span><span style=\"font-family: Comic Sans MS,cursive;\"><span style=\"font-size: small;\">.<\/span><\/span><\/p>\n<p align=\"JUSTIFY\">\n<p align=\"JUSTIFY\"><span style=\"font-family: Comic Sans MS,cursive;\"><span style=\"font-size: small;\">3.-A veces se restringe a\u00fan m\u00e1s la palabra tasa, para hacer referencia <\/span><\/span><span style=\"color: #2300dc;\"><span style=\"font-family: Comic Sans MS,cursive;\"><span style=\"font-size: small;\"><strong>solamente a los cocientes que representan cambios en el trancurso del tiempo.<\/strong><\/span><\/span><\/span><span style=\"font-family: Comic Sans MS,cursive;\"><span style=\"font-size: small;\"> <\/span><\/span><\/p>\n<p align=\"JUSTIFY\"><span style=\"font-family: Comic Sans MS,cursive;\"><span style=\"font-size: small;\">En este sentido, <\/span><\/span><span style=\"color: #2300dc;\"><span style=\"font-family: Comic Sans MS,cursive;\"><span style=\"font-size: small;\"><strong>la tasa de prevalencia no ser\u00eda una \u201cverdadera\u201d tasa ya que no puede expresarse en relaci\u00f3n con unidades de tiempo, sino tan solo como un \u201cpunto\u201d en el tiempo;<\/strong><\/span><\/span><\/span><span style=\"font-family: Comic Sans MS,cursive;\"><span style=\"font-size: small;\"> en cambio, la fuerza de mortalidad o la de morbilidad (tasa de riesgo) constituyen \u201cverdaderas\u201d tasas, ya que pueden expresarse en funci\u00f3n del n\u00famero de casos que se desarrollan por unidad de tiempo, dividido por el tama\u00f1o total de la poblaci\u00f3n en riesgo.<\/span><\/span><\/p>\n<p align=\"JUSTIFY\">\n<p align=\"JUSTIFY\"><span style=\"font-family: Comic Sans MS,cursive;\"><span style=\"font-size: small;\">\u00bfA que parece un poco embrollado? <\/span><\/span><\/p>\n<p align=\"JUSTIFY\"><span style=\"font-family: Comic Sans MS,cursive;\"><span style=\"font-size: small;\">Bueno, solo lo parece porque cuando se va avanzando en el tema lo \u00fanico que hay que tener claro es que tipo de tasa se debe aplicar, seg\u00fan el dise\u00f1o del estudio, y lo m\u00e1s complicado de todo es conseguir las poblaciones lo m\u00e1s ex\u00e1ctas posibles para el denominador. <\/span><\/span><\/p>\n<p align=\"JUSTIFY\">\n<p align=\"JUSTIFY\"><span style=\"color: #2300dc;\"><span style=\"font-family: Comic Sans MS,cursive;\"><span style=\"font-size: medium;\"><strong>Consuelo Ib\u00e1\u00f1ez Mart\u00ed<\/strong><\/span><\/span><\/span><\/p>\n<p align=\"JUSTIFY\"><span style=\"color: #2300dc;\"><span style=\"font-family: Comic Sans MS,cursive;\"><span style=\"font-size: medium;\"><strong>M\u00e9dico salubrista<\/strong><\/span><\/span><\/span><\/p>\n","protected":false},"excerpt":{"rendered":"<p>El otro d\u00eda hablamos de los conceptos de tasa y dejamos las definiciones antes de que se empezaran a embrollar, pero hay que seguir con los conceptos aunque se presten, un poco solo un poco, a confusi\u00f3n. Dec\u00edamos: Todas las tasas son cocientes y se calculan mediante la divisi\u00f3n de un numerador, por ejemplo, el n\u00famero de casos nuevos de una enfermedad que aparecen durante un un determinado per\u00edodo, por un denominador, por ejemplo el promedio de poblaci\u00f3n durante ese per\u00edodo. Seguimos: Algunas tasas son proporciones, es decir, que en ellas el numerador se halla contenido en el denominador.<\/p>\n","protected":false},"author":74,"featured_media":0,"comment_status":"open","ping_status":"open","sticky":false,"template":"","format":"standard","meta":{"ngg_post_thumbnail":0},"categories":[669],"tags":[8558],"blocksy_meta":{"styles_descriptor":{"styles":{"desktop":"","tablet":"","mobile":""},"google_fonts":[],"version":4}},"aioseo_notices":[],"_links":{"self":[{"href":"https:\/\/www.madrimasd.org\/blogs\/salud_publica\/wp-json\/wp\/v2\/posts\/132444"}],"collection":[{"href":"https:\/\/www.madrimasd.org\/blogs\/salud_publica\/wp-json\/wp\/v2\/posts"}],"about":[{"href":"https:\/\/www.madrimasd.org\/blogs\/salud_publica\/wp-json\/wp\/v2\/types\/post"}],"author":[{"embeddable":true,"href":"https:\/\/www.madrimasd.org\/blogs\/salud_publica\/wp-json\/wp\/v2\/users\/74"}],"replies":[{"embeddable":true,"href":"https:\/\/www.madrimasd.org\/blogs\/salud_publica\/wp-json\/wp\/v2\/comments?post=132444"}],"version-history":[{"count":1,"href":"https:\/\/www.madrimasd.org\/blogs\/salud_publica\/wp-json\/wp\/v2\/posts\/132444\/revisions"}],"predecessor-version":[{"id":132445,"href":"https:\/\/www.madrimasd.org\/blogs\/salud_publica\/wp-json\/wp\/v2\/posts\/132444\/revisions\/132445"}],"wp:attachment":[{"href":"https:\/\/www.madrimasd.org\/blogs\/salud_publica\/wp-json\/wp\/v2\/media?parent=132444"}],"wp:term":[{"taxonomy":"category","embeddable":true,"href":"https:\/\/www.madrimasd.org\/blogs\/salud_publica\/wp-json\/wp\/v2\/categories?post=132444"},{"taxonomy":"post_tag","embeddable":true,"href":"https:\/\/www.madrimasd.org\/blogs\/salud_publica\/wp-json\/wp\/v2\/tags?post=132444"}],"curies":[{"name":"wp","href":"https:\/\/api.w.org\/{rel}","templated":true}]}}