{"id":90279,"date":"2008-04-28T08:30:00","date_gmt":"2008-04-28T08:30:00","guid":{"rendered":"http:\/\/weblogs.madrimasd.org\/\/salud_publica\/archive\/2008\/04\/28\/90279.aspx"},"modified":"2008-04-28T08:30:00","modified_gmt":"2008-04-28T08:30:00","slug":"aceite-de-girasol-contaminado-desactivacion-de-la-alerta-alimentaria-listado-de-las-marcas-libres-de-contaminacion","status":"publish","type":"post","link":"https:\/\/www.madrimasd.org\/blogs\/salud_publica\/2008\/04\/28\/90279","title":{"rendered":"Aceite de Girasol contaminado: Desactivaci\u00f3n de la Alerta alimentaria; listado de las marcas libres de contaminaci\u00f3n"},"content":{"rendered":"<p class=\"MsoNormal\" style=\"margin: 0cm 0cm 0pt;\"><span style=\"font-size: 11pt; font-family: 'Comic Sans MS';\"><o:p>&nbsp;<\/o:p><\/span><st1:personname w:st=\"on\" productid=\"La Agencia Espa?ola\"><span style=\"font-size: 11pt; font-family: 'Comic Sans MS';\">La Agencia Espa\u00f1ola<\/span><\/st1:personname><span style=\"font-size: 11pt; font-family: 'Comic Sans MS';\"> de Seguridad Alimentaria y Nutrici\u00f3n (AESAN) distribuy\u00f3 ayer una nota de prensa en la que asegura:<o:p><\/o:p><\/span><\/p>\n<p class=\"MsoNormal\" style=\"margin: 0cm 0cm 0pt;\"><span style=\"font-size: 11pt; font-family: 'Comic Sans MS';\">NOTA DE PRENSA. &nbsp;27\/04\/2008&nbsp; <o:p><\/o:p><\/span><\/p>\n<p class=\"MsoNormal\" style=\"margin: 0cm 0cm 0pt;\"><span style=\"font-size: 11pt; font-family: 'Comic Sans MS';\"><o:p>&nbsp;<\/o:p><\/span><\/p>\n<p class=\"MsoNormal\" style=\"margin: 0cm 0cm 0pt;\"><b style=\"\"><span style=\"font-size: 11pt; color: blue; font-family: 'Comic Sans MS';\"><span style=\"\">&nbsp;<\/span>El Ministerio de Sanidad y Consumo garantiza que todo el aceite de girasol que ma\u00f1ana estar\u00e1 a la venta en los establecimientos de distribuci\u00f3n no procede de Ucrania. <br \/><\/span><\/b><\/p>\n<p><!--more--><P class=MsoNormal style=\"MARGIN: 0cm 0cm 0pt\"><SPAN style=\"FONT-SIZE: 11pt; FONT-FAMILY: 'Comic Sans MS'\"><B><A href=\"http:\/\/weblogs.madrimasd.org\/salud_publica\/archive\/2008\/04\/26\/90132.aspx\">Sobre el aceite de girasol contaminado por Hidrocarburos alif\u00e1ticos procedente de Ucrania<\/A><\/B><x:namespace prefix = o \/><o:p><\/o:p><\/SPAN><\/P> <P class=MsoNormal style=\"MARGIN: 0cm 0cm 0pt\"><SPAN style=\"FONT-SIZE: 11pt; FONT-FAMILY: 'Comic Sans MS'\">Las autoridades sanitarias y los responsables del sector han concluido satisfactoriamente el proceso de recogida y reposici\u00f3n de producto seguro en la cadena de distribuci\u00f3n<o:p><\/o:p><\/SPAN><\/P> <P class=MsoNormal style=\"MARGIN: 0cm 0cm 0pt\"><SPAN style=\"FONT-SIZE: 11pt; FONT-FAMILY: 'Comic Sans MS'\">El ministro de Sanidad y Consumo, Bernat Soria, ofrecer\u00e1 ma\u00f1ana lunes, a las 17.00 horas, una rueda de prensa para dar toda la informaci\u00f3n disponible sobre el proceso que ha puesto fin a la <A href=\"http:\/\/weblogs.madrimasd.org\/salud_publica\/archive\/2008\/05\/03\/90759.aspx\">alerta alimentaria<\/A> emitida el viernes<o:p><\/o:p><\/SPAN><\/P> <P class=MsoNormal style=\"MARGIN: 0cm 0cm 0pt\"><SPAN style=\"FONT-SIZE: 11pt; FONT-FAMILY: 'Comic Sans MS'\">A partir de este momento, queda sin efecto la recomendaci\u00f3n a la poblaci\u00f3n de evitar el consumo de aceite de girasol<o:p><\/o:p><\/SPAN><\/P> <P class=MsoNormal style=\"MARGIN: 0cm 0cm 0pt\"><SPAN style=\"FONT-SIZE: 11pt; FONT-FAMILY: 'Comic Sans MS'\">El Ministerio de Sanidad y Consumo est\u00e1 en condiciones de garantizar que todo el aceite de girasol que ma\u00f1ana lunes estar\u00e1 a la venta en los establecimientos de distribuci\u00f3n de todo el pa\u00eds no ha sido importado de Ucrania, por lo que ofrece todas las condiciones de calidad y seguridad para los ciudadanos.<o:p><\/o:p><\/SPAN><\/P> <P class=MsoNormal style=\"MARGIN: 0cm 0cm 0pt\"><SPAN style=\"FONT-SIZE: 11pt; FONT-FAMILY: 'Comic Sans MS'\">Las autoridades sanitarias y los responsables del sector han concluido satisfactoriamente durante el fin de semana el proceso de recogida de todo el aceite de girasol del mercado y la reposici\u00f3n con producto libre de sospecha.<o:p><\/o:p><\/SPAN><\/P> <P class=MsoNormal style=\"MARGIN: 0cm 0cm 0pt\"><SPAN style=\"FONT-SIZE: 11pt; FONT-FAMILY: 'Comic Sans MS'\">A partir de este momento, queda sin efecto la recomendaci\u00f3n a la poblaci\u00f3n de evitar el consumo de aceite de girasol.<o:p><\/o:p><\/SPAN><\/P> <P class=MsoNormal style=\"MARGIN: 0cm 0cm 0pt\"><SPAN style=\"FONT-SIZE: 11pt; FONT-FAMILY: 'Comic Sans MS'\">Tanto los responsables del Ministerio de Sanidad y Consumo como los representantes del sector quieren destacar la total coordinaci\u00f3n con la que se ha desarrollado este proceso en condiciones de rapidez, eficacia y transparencia.<o:p><\/o:p><\/SPAN><\/P> <P class=MsoNormal style=\"MARGIN: 0cm 0cm 0pt\"><SPAN style=\"FONT-SIZE: 11pt; FONT-FAMILY: 'Comic Sans MS'\">En todo momento, el Ministerio de Sanidad y Consumo, y las empresas han actuado con un \u00fanico objetivo: la protecci\u00f3n de la salud de los consumidores por encima de cualquier otro inter\u00e9s y bajo el estricto principio de precauci\u00f3n.<o:p><\/o:p><\/SPAN><\/P><BR> <P class=MsoNormal style=\"MARGIN: 0in 0in 0pt; TEXT-ALIGN: justify\"><B><SPAN lang=ES style=\"FONT-SIZE: 11pt; COLOR: blue; FONT-FAMILY: 'Comic Sans MS'\"><A href=\"http:\/\/www.elpais.com\/articulo\/sociedad\/Soria\/defiende\/transparencia\/gestion\/crisis\/aceite\/girasol\/elpepusoc\/20080428elpepusoc_2\/Tes\">Soria defiende la \u00abtransparencia\u00bb de su gesti\u00f3n en la \u00abcrisis\u00bb del aceite de girasol<\/A> <\/SPAN><\/B><SPAN lang=ES style=\"FONT-SIZE: 9pt; FONT-FAMILY: 'Comic Sans MS'\">ELPA\u00cdS.com \/ AGENCIAS &#8211; Madrid &#8211; 28\/04\/2008 <o:p><\/o:p><\/SPAN><\/P> <P class=MsoNormal style=\"MARGIN: 0in 0in 0pt; TEXT-ALIGN: justify\"><B><SPAN lang=ES style=\"FONT-SIZE: 9pt; COLOR: blue; FONT-FAMILY: 'Comic Sans MS'\"><o:p>&nbsp;<\/o:p><\/SPAN><\/B><\/P> <P class=MsoNormal style=\"MARGIN: 0in 0in 0pt; TEXT-ALIGN: justify\"><B><SPAN lang=ES style=\"FONT-SIZE: 11pt; COLOR: rgb(204,0,0); FONT-FAMILY: 'Comic Sans MS'\"><A href=\"http:\/\/www.aesan.msc.es\/aesa\/web\/FileServer?file=ListaMarcasACTUALIZADA_02_05_2008_19_30_solo marcas y lotes_02.pdf&amp;language=es_ES\" temp_href=\"http:\/\/www.aesan.msc.es\/aesa\/web\/FileServer?file=ListaMarcasACTUALIZADA_02_05_2008_19_30_solo marcas y lotes_02.pdf&amp;language=es_ES\"><SPAN style=\"COLOR: rgb(204,0,0)\">Listado de marcas de aceite no afectadas por la contaminaci\u00f3n<\/SPAN><\/A><o:p><\/o:p><\/SPAN><\/B><\/P> <P class=MsoNormal style=\"MARGIN: 0in 0in 0pt; TEXT-ALIGN: justify\"><SPAN lang=ES style=\"FONT-SIZE: 11pt; FONT-FAMILY: 'Comic Sans MS'\"><o:p>&nbsp;<\/o:p><\/SPAN><\/P> <P class=MsoNormal style=\"MARGIN: 0in 0in 0pt 0.5in; TEXT-ALIGN: justify\"><I><SPAN lang=ES style=\"FONT-SIZE: 9pt; FONT-FAMILY: 'Comic Sans MS'\">El ministro de Sanidad y Consumo, Bernat Soria, ha dado esta tarde por terminada la \u00abcrisis alimentaria\u00bb tras detectarse aceite de girasol mezclado con aceites minerales procedente de Ucrania. En una rueda de prensa, el ministro ha destacado que el aceite ahora en el mercado es \u00abseguro\u00bb y que, desde la activaci\u00f3n de la alerta el viernes pasado, la \u00abtransparencia\u00bb y la \u00abprudencia\u00bb han guiado la actuaci\u00f3n de las autoridades sanitarias. Soria ha anunciado que el Ministerio que dirige publicar\u00e1 un listado con las marcas que no se han visto afectadas por la contaminaci\u00f3n y ha precisado que, de momento, no hay riesgo en 200 de las 800 que comercializan aceite de girasol en Espa\u00f1a.<o:p><\/o:p><\/SPAN><\/I><\/P> <P class=MsoNormal style=\"MARGIN: 0in 0in 0pt 0.5in; TEXT-ALIGN: justify\"><I><SPAN lang=ES style=\"FONT-SIZE: 9pt; FONT-FAMILY: 'Comic Sans MS'\">El ministro de Sanidad, Bernat Soria, ha dicho que la concentraci\u00f3n t\u00f3xica es tan baja que no supone riesgo para la salud. &#8211; <o:p><\/o:p><\/SPAN><\/I><\/P> <P class=MsoNormal style=\"MARGIN: 0in 0in 0pt 0.5in; TEXT-ALIGN: justify\"><I><SPAN lang=ES style=\"FONT-SIZE: 9pt; FONT-FAMILY: 'Comic Sans MS'\">Aunque ha justificado el que no se difunda la relaci\u00f3n de marcas afectadas en que la elaboraci\u00f3n de esa lista \u00abllevar\u00eda semanas y el criterio es la salud de los usuarios\u00bb, ha dado a conocer, mientras tanto, un listado provisional con los aceites libres de sospecha<o:p><\/o:p><\/SPAN><\/I><\/P> <P class=MsoNormal style=\"MARGIN: 0in 0in 0pt 0.5in; TEXT-ALIGN: justify\"><I><SPAN lang=ES style=\"FONT-SIZE: 9pt; FONT-FAMILY: 'Comic Sans MS'\"><o:p>&nbsp;<\/o:p><\/SPAN><\/I><\/P> <P class=MsoNormal style=\"MARGIN: 0in 0in 0pt 0.5in; TEXT-ALIGN: justify\"><I><SPAN lang=ES style=\"FONT-SIZE: 9pt; FONT-FAMILY: 'Comic Sans MS'\">El titular de Sanidad ha resaltado que \u00abno se ha reportado ning\u00fan caso de toxicidad\u00bb relacionado con el consumo de aceite de girasol y que \u00abes la primera vez que se cierra una crisis sanitaria en tiempo r\u00e9cord: en menos de 72 horas\u00bb. Asimismo, el ministro se ha felicitado del modo en que se ha producido el \u00abvaciado sanitario\u00bb (la retirada de parte del aceite de girasol de la cadena alimentaria) y de que la Comisi\u00f3n Europea haya constatado \u00abque las medidas que Espa\u00f1a ha tomado por ahora son suficientes\u00bb.<o:p><\/o:p><\/SPAN><\/I><\/P> <P class=MsoNormal style=\"MARGIN: 0in 0in 0pt 0.5in; TEXT-ALIGN: justify\"><I><SPAN lang=ES style=\"FONT-SIZE: 9pt; FONT-FAMILY: 'Comic Sans MS'\">El director de la Agencia Espa\u00f1ola de Seguridad Alimentaria, F\u00e9lix Lobo, ha indicado en la misma comparecencia que \u00abcada vez hay m\u00e1s evidencia de que se ha tratado de un fraude, de una adulteraci\u00f3n voluntaria fuera de nuestras fronteras\u00bb.<o:p><\/o:p><\/SPAN><\/I><\/P> <P class=MsoNormal style=\"MARGIN: 0in 0in 0pt 0.5in; TEXT-ALIGN: justify\"><I><SPAN lang=ES style=\"FONT-SIZE: 9pt; FONT-FAMILY: 'Comic Sans MS'\">Lobo ha explicado que se han retirado 3.500 toneladas de este tipo de aceite de los establecimientos en Espa\u00f1a, aunque tampoco ha informado de las marcas que han vendido este tipo de aceite.<o:p><\/o:p><\/SPAN><\/I><\/P> <P class=MsoNormal style=\"MARGIN: 0in 0in 0pt 0.5in; TEXT-ALIGN: justify\"><I><SPAN lang=ES style=\"FONT-SIZE: 9pt; FONT-FAMILY: 'Comic Sans MS'\">A la espera de que se conozcan pr\u00f3ximamente las marcas que no se han visto afectadas, Lobo ha dado a los usuarios que tengan almacenado aceite de girasol tres opciones: \u00abconsumir el producto, esperar dos o tres semanas hasta que se termine el an\u00e1lisis de todas las marcas o devolverlo al establecimiento donde se compr\u00f3\u00bb.<o:p><\/o:p><\/SPAN><\/I><\/P> <P class=MsoNormal style=\"MARGIN: 0cm 0cm 0pt\"><\/P> <P class=MsoNormal style=\"MARGIN: 0cm 0cm 0pt\"><SPAN style=\"FONT-SIZE: 11pt; FONT-FAMILY: 'Comic Sans MS'\"><o:p>&nbsp;<\/o:p><\/SPAN><\/P> <P class=MsoNormal style=\"MARGIN: 0cm 0cm 0pt\"><x:namespace prefix = st1 \/><st1:personname w:st=\"on\"><B><SPAN style=\"COLOR: blue; FONT-FAMILY: 'Comic Sans MS'\">Consuelo<\/SPAN><\/B><\/st1:personname><B><SPAN style=\"COLOR: blue; FONT-FAMILY: 'Comic Sans MS'\"> Ib\u00e1\u00f1ez Mart\u00ed, m\u00e9dico salubrista<o:p><\/o:p><\/SPAN><\/B><\/P> <P class=MsoNormal style=\"MARGIN: 0cm 0cm 0pt\"><SPAN style=\"FONT-SIZE: 11pt; FONT-FAMILY: 'Comic Sans MS'\"><o:p>&nbsp;<\/o:p><\/SPAN><\/P><\/p>\n","protected":false},"excerpt":{"rendered":"<p>&nbsp;La Agencia Espa\u00f1ola de Seguridad Alimentaria y Nutrici\u00f3n (AESAN) distribuy\u00f3 ayer una nota de prensa en la que asegura: NOTA DE PRENSA. &nbsp;27\/04\/2008&nbsp; &nbsp; &nbsp;El Ministerio de Sanidad y Consumo garantiza que todo el aceite de girasol que ma\u00f1ana estar\u00e1 a la venta en los establecimientos de distribuci\u00f3n no procede de Ucrania.<\/p>\n","protected":false},"author":74,"featured_media":0,"comment_status":"open","ping_status":"open","sticky":false,"template":"","format":"standard","meta":{"ngg_post_thumbnail":0},"categories":[689,667,683,692],"tags":[],"blocksy_meta":{"styles_descriptor":{"styles":{"desktop":"","tablet":"","mobile":""},"google_fonts":[],"version":4}},"aioseo_notices":[],"_links":{"self":[{"href":"https:\/\/www.madrimasd.org\/blogs\/salud_publica\/wp-json\/wp\/v2\/posts\/90279"}],"collection":[{"href":"https:\/\/www.madrimasd.org\/blogs\/salud_publica\/wp-json\/wp\/v2\/posts"}],"about":[{"href":"https:\/\/www.madrimasd.org\/blogs\/salud_publica\/wp-json\/wp\/v2\/types\/post"}],"author":[{"embeddable":true,"href":"https:\/\/www.madrimasd.org\/blogs\/salud_publica\/wp-json\/wp\/v2\/users\/74"}],"replies":[{"embeddable":true,"href":"https:\/\/www.madrimasd.org\/blogs\/salud_publica\/wp-json\/wp\/v2\/comments?post=90279"}],"version-history":[{"count":0,"href":"https:\/\/www.madrimasd.org\/blogs\/salud_publica\/wp-json\/wp\/v2\/posts\/90279\/revisions"}],"wp:attachment":[{"href":"https:\/\/www.madrimasd.org\/blogs\/salud_publica\/wp-json\/wp\/v2\/media?parent=90279"}],"wp:term":[{"taxonomy":"category","embeddable":true,"href":"https:\/\/www.madrimasd.org\/blogs\/salud_publica\/wp-json\/wp\/v2\/categories?post=90279"},{"taxonomy":"post_tag","embeddable":true,"href":"https:\/\/www.madrimasd.org\/blogs\/salud_publica\/wp-json\/wp\/v2\/tags?post=90279"}],"curies":[{"name":"wp","href":"https:\/\/api.w.org\/{rel}","templated":true}]}}