{"id":131737,"date":"2012-02-27T12:54:40","date_gmt":"2012-02-27T11:54:40","guid":{"rendered":"http:\/\/www.madrimasd.org\/blogs\/sociedadinformacion\/?p=131737"},"modified":"2012-02-27T12:54:40","modified_gmt":"2012-02-27T11:54:40","slug":"canales-compartidos","status":"publish","type":"post","link":"https:\/\/www.madrimasd.org\/blogs\/sociedadinformacion\/2012\/02\/27\/131737","title":{"rendered":"Canales compartidos"},"content":{"rendered":"<p style=\"text-align: justify;\"><a href=\"https:\/\/www.madrimasd.org\/blogs\/sociedadinformacion\/files\/2012\/02\/Fotolia_7285028_Subscription_L.jpg\"><img decoding=\"async\" class=\"alignright size-medium wp-image-131738\" style=\"margin-left: 10px; margin-right: 10px;\" title=\"Business Network\" src=\"https:\/\/www.madrimasd.org\/blogs\/sociedadinformacion\/files\/2012\/02\/Fotolia_7285028_Subscription_L-300x225.jpg\" alt=\"\" width=\"300\" height=\"225\" srcset=\"https:\/\/www.madrimasd.org\/blogs\/sociedadinformacion\/files\/2012\/02\/Fotolia_7285028_Subscription_L-300x225.jpg 300w, https:\/\/www.madrimasd.org\/blogs\/sociedadinformacion\/files\/2012\/02\/Fotolia_7285028_Subscription_L-1024x768.jpg 1024w\" sizes=\"(max-width: 300px) 100vw, 300px\" \/><\/a>\u00bfQu\u00e9 pasar\u00eda si al descolgar nuestro telefono escuch\u00e1ramos todas las conversaciones que se producen en nuestra red? \u00bfser\u00edamos capaces de comunicarnos con alguien? La respuesta parece obvia, la confusi\u00f3n ser\u00eda tal que nos resultar\u00eda imposible la comunicaci\u00f3n. Sin embargo, nuestros datos viajan por redes de acceso compartido en las que todas las m\u00e1quinas hablan al mismo tiempo.<\/p>\n<p style=\"text-align: justify;\">\u00bfC\u00f3mo somos capaces de hacer que se entiendan? Los datos en la red viajan con un destino que est\u00e1 marcado en cada paquete, con lo cual de lo que nos debemos preocupar es de evitar que los paquetes colisionen al ser introducidos al canal de env\u00edo. Esto se produce siempre que se introduce un paquete de datos en la red cuando hay otro circulando simultaneamente.<\/p>\n<p style=\"text-align: justify;\">Este sistema &#8211; que a priori puede parecer ineficaz &#8211; ha sido perfeccionado a lo largo de la corta historia de las redes digitales de comunicaci\u00f3n y, a d\u00eda de hoy, se fundamenta en t\u00e9cnicas que nos permiten ofrecer una alta eficiencia en el aprovechamiento del canal. Sin embargo, sigue suponiendo un \u00e1rea importante de estudio, en la que investigadores de todo el mundo trabajan proponiendo mejoras, soluciones y avances.<\/p>\n<p style=\"text-align: justify;\">El pr\u00f3ximo martes 28 de febrero, el\u00a0<a href=\"http:\/\/www.networks.imdea.org\/Researchteam\/VisitingResearchers\/tabid\/2563\/Default.aspx\">Dr. Darek Kowalski, Investigador Visitante en Institute IMDEA Networks<\/a>, presentar\u00e1 en la Universidad Carlos III de Madrid, sus \u00faltimos avances en resoluci\u00f3n de conflictos en colas de paquetes en canales de acceso m\u00faltiple. La charla \u201c<strong><a href=\"http:\/\/www.networks.imdea.org\/Whatsnew\/Eventsarchive\/Event\/contention\/resolution\/and\/packet\/queuing\/on\/a\/multiple\/access\/channel\/tabid\/1278\/itemid\/2342\/type\/evento\/Default.aspx\">Contention resolution and packet queuing on a multiple access channel<\/a>\u201d<\/strong> incluir\u00e1 la descripci\u00f3n de algoritmos, tanto de los ya conocidos como de los de nuevo desarrollo, acompa\u00f1ada de un an\u00e1lisis te\u00f3rico del tama\u00f1o de las colas y la latencia dentro de las mismas.<\/p>\n<p style=\"text-align: justify;\">M\u00e1s informaci\u00f3n\u00a0<a href=\"http:\/\/www.networks.imdea.org\/Whatsnew\/Eventsarchive\/Event\/contention\/resolution\/and\/packet\/queuing\/on\/a\/multiple\/access\/channel\/tabid\/1278\/itemid\/2342\/type\/evento\/Default.aspx\">aqu\u00ed<\/a>.<\/p>\n<p style=\"text-align: justify;\">&nbsp;<\/p>\n","protected":false},"excerpt":{"rendered":"<p>\u00bfQu\u00e9 pasar\u00eda si al descolgar nuestro telefono escuch\u00e1ramos todas las conversaciones que se producen en nuestra red? \u00bfser\u00edamos capaces de comunicarnos con alguien? La respuesta parece obvia, la confusi\u00f3n ser\u00eda tal que nos resultar\u00eda imposible la comunicaci\u00f3n. Sin embargo, nuestros datos viajan por redes de acceso compartido en las que todas las m\u00e1quinas hablan al mismo tiempo. \u00bfC\u00f3mo somos capaces de hacer que se entiendan? Los datos en la red viajan con un destino que est\u00e1 marcado en cada paquete, con lo cual de lo que nos debemos preocupar es de evitar que los paquetes colisionen al ser introducidos al\u2026<\/p>\n","protected":false},"author":58,"featured_media":0,"comment_status":"open","ping_status":"open","sticky":false,"template":"","format":"standard","meta":{"ngg_post_thumbnail":0},"categories":[1],"tags":[],"blocksy_meta":{"styles_descriptor":{"styles":{"desktop":"","tablet":"","mobile":""},"google_fonts":[],"version":4}},"aioseo_notices":[],"_links":{"self":[{"href":"https:\/\/www.madrimasd.org\/blogs\/sociedadinformacion\/wp-json\/wp\/v2\/posts\/131737"}],"collection":[{"href":"https:\/\/www.madrimasd.org\/blogs\/sociedadinformacion\/wp-json\/wp\/v2\/posts"}],"about":[{"href":"https:\/\/www.madrimasd.org\/blogs\/sociedadinformacion\/wp-json\/wp\/v2\/types\/post"}],"author":[{"embeddable":true,"href":"https:\/\/www.madrimasd.org\/blogs\/sociedadinformacion\/wp-json\/wp\/v2\/users\/58"}],"replies":[{"embeddable":true,"href":"https:\/\/www.madrimasd.org\/blogs\/sociedadinformacion\/wp-json\/wp\/v2\/comments?post=131737"}],"version-history":[{"count":1,"href":"https:\/\/www.madrimasd.org\/blogs\/sociedadinformacion\/wp-json\/wp\/v2\/posts\/131737\/revisions"}],"predecessor-version":[{"id":131739,"href":"https:\/\/www.madrimasd.org\/blogs\/sociedadinformacion\/wp-json\/wp\/v2\/posts\/131737\/revisions\/131739"}],"wp:attachment":[{"href":"https:\/\/www.madrimasd.org\/blogs\/sociedadinformacion\/wp-json\/wp\/v2\/media?parent=131737"}],"wp:term":[{"taxonomy":"category","embeddable":true,"href":"https:\/\/www.madrimasd.org\/blogs\/sociedadinformacion\/wp-json\/wp\/v2\/categories?post=131737"},{"taxonomy":"post_tag","embeddable":true,"href":"https:\/\/www.madrimasd.org\/blogs\/sociedadinformacion\/wp-json\/wp\/v2\/tags?post=131737"}],"curies":[{"name":"wp","href":"https:\/\/api.w.org\/{rel}","templated":true}]}}